{"id":17075,"date":"2020-12-01T18:14:40","date_gmt":"2020-12-01T18:14:40","guid":{"rendered":"https:\/\/demop.netbaz.be\/2021\/jp\/2020\/12\/01\/polluer-moins-ici-mais-detruire-la-bas\/"},"modified":"2021-07-06T14:46:28","modified_gmt":"2021-07-06T12:46:28","slug":"polluer-moins-ici-mais-detruire-la-bas","status":"publish","type":"post","link":"https:\/\/www.justicepaix.be\/en\/polluer-moins-ici-mais-detruire-la-bas\/","title":{"rendered":"Webinar: \u201cPolute less here but destroy there? \u00bb"},"content":{"rendered":"<div class=\"wp-block-image\"><figure class=\"aligncenter\"><img fetchpriority=\"high\" decoding=\"async\" width=\"1920\" height=\"1080\" src=\"http:\/\/demop.netbaz.be\/2021\/jp\/wp-content\/uploads\/2020\/12\/jpg_127838398_2050953448374447_1814359312877487264_o.jpg\" alt=\"127838398_2050953448374447_1814359312877487264_o.jpg\" class=\"wp-image-17074\" srcset=\"https:\/\/www.justicepaix.be\/wp-content\/uploads\/2020\/12\/jpg_127838398_2050953448374447_1814359312877487264_o.jpg 1920w, https:\/\/www.justicepaix.be\/wp-content\/uploads\/2020\/12\/jpg_127838398_2050953448374447_1814359312877487264_o-300x169.jpg 300w, https:\/\/www.justicepaix.be\/wp-content\/uploads\/2020\/12\/jpg_127838398_2050953448374447_1814359312877487264_o-1024x576.jpg 1024w, https:\/\/www.justicepaix.be\/wp-content\/uploads\/2020\/12\/jpg_127838398_2050953448374447_1814359312877487264_o-768x432.jpg 768w, https:\/\/www.justicepaix.be\/wp-content\/uploads\/2020\/12\/jpg_127838398_2050953448374447_1814359312877487264_o-1536x864.jpg 1536w\" sizes=\"(max-width: 1920px) 100vw, 1920px\" \/><\/figure><\/div>\n\n\n\n<p>Le groupe D\u00e9FI au Parlement bruxellois et le Centre d&rsquo;\u00e9tudes Jacques Georgin (CEJG) en collaboration avec l&rsquo;ONG Justice et Paix vous convient au Colloque \u00ab\u00a0Polluer moins chez nous mais d\u00e9truire l\u00e0-bas ?\u00a0\u00bb<\/p>\n\n\n\n<p>Pour produire de l\u2019\u00e9nergie verte, plus besoin de p\u00e9trole.<br>\n\ud83d\ude97 Les nouvelles <strong>voitures \u00e9lectriques<\/strong> fonctionnent, comme leur nom l\u2019indique, \u00e0 l\u2019\u00e9lectricit\u00e9.<br>\n\ud83c\udf2c Les <strong>\u00e9oliennes<\/strong> produisent de l\u2019\u00e9lectricit\u00e9 \u00e0 partir du vent.<br>\n\ud83d\udc49 Plus besoin de <strong>charbon<\/strong>, d\u2019<strong>\u00e9nergie nucl\u00e9aire<\/strong>\u2026 Mais pour produire, il n\u2019y a pas de miracle.<\/p>\n\n\n\n<p>Quel impact de l&rsquo;utilisation de ces nouvelles technologies ?<br>\nNous aurons l&rsquo;occasion de r\u00e9fl\u00e9chir \u00e0 cette question avec un focus sur le cas de la <strong>Democratic Republic of Congo<\/strong>.<\/p>\n\n\n\n<p>Des pistes de solutions avec les quatre intervenants seront propos\u00e9es :<br>\n&#8211; Les minerais au c\u0153ur de la transition \u00e9cologique (Claire Mathot de l&rsquo;ONG justice et paix)<br>\n&#8211; Exploitation mini\u00e8re : le cas de la RD Congo (Aymar Nyenyezi Bisoka, professeur \u00e0 l&rsquo;UMons)<br>\n&#8211; Le recyclage : une partie de solution ? (Benjamin Colas Directeur g\u00e9n\u00e9ral du groupe Wilmet)<br>\n&#8211; Piste pour une transition \u00e9cologique r\u00e9ellement soutenable (Romain Gelin, chercheur au Gresea)<\/p>\n\n\n\n<p>Inscriptions \ud83d\udc49 https:\/\/bit.ly\/3fDW8RC<div id='gallery-1' class='gallery galleryid-17075 gallery-columns-3 gallery-size-thumbnail'><figure class='gallery-item'>\n\t\t\t<div class='gallery-icon landscape'>\n\t\t\t\t<a href='https:\/\/www.justicepaix.be\/wp-content\/uploads\/2020\/12\/jpg_127838398_2050953448374447_1814359312877487264_o.jpg'><img decoding=\"async\" width=\"150\" height=\"150\" src=\"https:\/\/www.justicepaix.be\/wp-content\/uploads\/2020\/12\/jpg_127838398_2050953448374447_1814359312877487264_o-150x150.jpg\" class=\"attachment-thumbnail size-thumbnail\" alt=\"127838398_2050953448374447_1814359312877487264_o.jpg\" \/><\/a>\n\t\t\t<\/div><\/figure><figure class='gallery-item'>\n\t\t\t<div class='gallery-icon landscape'>\n\t\t\t\t<a href='https:\/\/www.justicepaix.be\/wp-content\/uploads\/2020\/12\/jpg_127838398_2050953448374447_1814359312877487264_o-2.jpg'><img decoding=\"async\" width=\"150\" height=\"150\" src=\"https:\/\/www.justicepaix.be\/wp-content\/uploads\/2020\/12\/jpg_127838398_2050953448374447_1814359312877487264_o-2-150x150.jpg\" class=\"attachment-thumbnail size-thumbnail\" alt=\"127838398_2050953448374447_1814359312877487264_o-2.jpg\" \/><\/a>\n\t\t\t<\/div><\/figure>\n\t\t<\/div>\n<\/p>","protected":false},"excerpt":{"rendered":"<p>Le groupe D\u00e9FI au Parlement bruxellois et le Centre d&rsquo;\u00e9tudes Jacques Georgin (CEJG) en collaboration avec l&rsquo;ONG Justice et Paix vous convient au Colloque \u00ab\u00a0Polluer moins chez nous mais d\u00e9truire l\u00e0-bas ?\u00a0\u00bb Pour produire de l\u2019\u00e9nergie verte, plus besoin de p\u00e9trole. \ud83d\ude97 Les nouvelles voitures \u00e9lectriques fonctionnent, comme leur nom l\u2019indique, \u00e0 l\u2019\u00e9lectricit\u00e9. \ud83c\udf2c Les [&hellip;]<\/p>\n","protected":false},"author":62,"featured_media":17074,"comment_status":"closed","ping_status":"open","sticky":false,"template":"","format":"standard","meta":{"_acf_changed":false,"_seopress_robots_primary_cat":"2696","_seopress_titles_title":"","_seopress_titles_desc":"","_seopress_robots_index":"","footnotes":""},"categories":[2696],"tags":[2809,2794,2858,2811],"class_list":["post-17075","post","type-post","status-publish","format-standard","has-post-thumbnail","hentry","category-actualites","tag-actions-citoyennes","tag-afrique-centrale","tag-animation","tag-ressources-naturelles"],"acf":[],"_links":{"self":[{"href":"https:\/\/www.justicepaix.be\/en\/wp-json\/wp\/v2\/posts\/17075","targetHints":{"allow":["GET"]}}],"collection":[{"href":"https:\/\/www.justicepaix.be\/en\/wp-json\/wp\/v2\/posts"}],"about":[{"href":"https:\/\/www.justicepaix.be\/en\/wp-json\/wp\/v2\/types\/post"}],"author":[{"embeddable":true,"href":"https:\/\/www.justicepaix.be\/en\/wp-json\/wp\/v2\/users\/62"}],"replies":[{"embeddable":true,"href":"https:\/\/www.justicepaix.be\/en\/wp-json\/wp\/v2\/comments?post=17075"}],"version-history":[{"count":0,"href":"https:\/\/www.justicepaix.be\/en\/wp-json\/wp\/v2\/posts\/17075\/revisions"}],"wp:featuredmedia":[{"embeddable":true,"href":"https:\/\/www.justicepaix.be\/en\/wp-json\/wp\/v2\/media\/17074"}],"wp:attachment":[{"href":"https:\/\/www.justicepaix.be\/en\/wp-json\/wp\/v2\/media?parent=17075"}],"wp:term":[{"taxonomy":"category","embeddable":true,"href":"https:\/\/www.justicepaix.be\/en\/wp-json\/wp\/v2\/categories?post=17075"},{"taxonomy":"post_tag","embeddable":true,"href":"https:\/\/www.justicepaix.be\/en\/wp-json\/wp\/v2\/tags?post=17075"}],"curies":[{"name":"wp","href":"https:\/\/api.w.org\/{rel}","templated":true}]}}