{"id":17048,"date":"2020-10-16T17:04:53","date_gmt":"2020-10-16T17:04:53","guid":{"rendered":"https:\/\/demop.netbaz.be\/2021\/jp\/2020\/10\/16\/quelle-transition-energetique-en-belgique\/"},"modified":"2021-07-06T14:46:30","modified_gmt":"2021-07-06T12:46:30","slug":"quelle-transition-energetique-en-belgique","status":"publish","type":"post","link":"https:\/\/www.justicepaix.be\/en\/quelle-transition-energetique-en-belgique\/","title":{"rendered":"CANCELED \u2013 What energy transition in Belgium?"},"content":{"rendered":"<p class=\"post_excerpt\">Les minerais de la transition \u00e9nerg\u00e9tique: vers une soci\u00e9t\u00e9 sobre en carbone pour toutes et tous !<\/p>\n\n\n\n<div class=\"wp-block-image\"><figure class=\"aligncenter\"><img fetchpriority=\"high\" decoding=\"async\" width=\"650\" height=\"432\" src=\"http:\/\/demop.netbaz.be\/2021\/jp\/wp-content\/uploads\/2020\/10\/jpg_eolienne.jpg\" alt=\"wind turbine.jpg\" class=\"wp-image-17047\" srcset=\"https:\/\/www.justicepaix.be\/wp-content\/uploads\/2020\/10\/jpg_eolienne.jpg 650w, https:\/\/www.justicepaix.be\/wp-content\/uploads\/2020\/10\/jpg_eolienne-300x199.jpg 300w\" sizes=\"(max-width: 650px) 100vw, 650px\" \/><\/figure><\/div>\n\n\n\n<!--more-->\n\n\n\n<p>Justice et Paix souhaite pr\u00e9senter le <a href=\"https:\/\/www.justicepaix.be\/en\/mineraistransitionenergetique\/\">report<\/a> sur \u00ab\u00a0<a href=\"https:\/\/www.justicepaix.be\/en\/mineraistransitionenergetique\/\">Minerals of the energy transition<\/a>\u00a0\u00bb et attirer votre attention sur les enjeux li\u00e9s \u00e0 la <strong>transition \u00e9nerg\u00e9tique<\/strong>. Bien que la transition vers une <strong>\u00e9nergie renouvelable<\/strong> et \u00e0 faible \u00e9mission de carbone soit n\u00e9cessaire et urgente pour combattre la crise climatique, les nouvelles technologies de \u00ab\u00a0l&rsquo;\u00e9nergie verte\u00a0\u00bb entra\u00eenent une augmentation consid\u00e9rable de la demande en <strong>minerais<\/strong>. Les probl\u00e8mes sociaux et environnementaux li\u00e9s \u00e0 l&rsquo;exploitation mini\u00e8re qui existent d\u00e9j\u00e0, notamment dans les pays producteurs du Sud, risquent donc de s&rsquo;aggraver fortement.<\/p>\n\n\n\n<p>L&rsquo;\u00e9nergie dite \u00ab\u00a0verte\u00a0\u00bb est souvent pr\u00e9sent\u00e9e aujourd&rsquo;hui comme la solution unique \u00e0 de nombreux probl\u00e8mes environnementaux, alors qu&rsquo;en r\u00e9alit\u00e9 ce n&rsquo;est pas le cas. Justice et Paix pr\u00e9voit d&rsquo;inviter <strong>Romain Gelin<\/strong>, auteur du livre \u00ab\u00a0<strong>Des limites de la transition: pour une d\u00e9croissance d\u00e9lib\u00e9r\u00e9e<\/strong>\u00a0\u00bb pour <strong>un d\u00e9bat avec vous sur la transition \u00e9nerg\u00e9tique en Belgique<\/strong>. <\/p>\n\n\n\n<p>Une session d&rsquo;\u00e9changes sera pr\u00e9vue pour que vous puissiez poser vos questions.  <\/p>\n\n\n\n<p>Au vu du contexte sanitaire actuel, la taille de la salle ne nous permettra pas d\u2019accueillir plus de 15 personnes. Merci de vous munir de votre masque. <\/p>\n\n\n\n<p><visible> Info <\/visible><\/p>\n\n\n\n<p><strong>Date<\/strong>:  Jeudi 12 novembre de 18h30 \u00e0 20h30<br>\n<strong>Place<\/strong> : Maison Chamb\u00e9ry Rue de Chamb\u00e9ry 24, 1040 Etterbeek<br>\n<strong>Contacts<\/strong> : 02\/896 95 00 | info@justicepaix.be<br>\n<strong>Free<\/strong>.<br>\n<\/p>\n\n\n\n<figure class=\"wp-block-gallery columns-3 is-cropped wp-block-gallery-1 is-layout-flex wp-block-gallery-is-layout-flex\"><ul class=\"blocks-gallery-grid\"><li class=\"blocks-gallery-item\"><figure><a href=\"https:\/\/www.justicepaix.be\/wp-content\/uploads\/2020\/10\/jpg_eolienne.jpg\"><img decoding=\"async\" width=\"650\" height=\"432\" src=\"https:\/\/www.justicepaix.be\/wp-content\/uploads\/2020\/10\/jpg_eolienne.jpg\" alt=\"wind turbine.jpg\" data-id=\"17047\" class=\"wp-image-17047\" srcset=\"https:\/\/www.justicepaix.be\/wp-content\/uploads\/2020\/10\/jpg_eolienne.jpg 650w, https:\/\/www.justicepaix.be\/wp-content\/uploads\/2020\/10\/jpg_eolienne-300x199.jpg 300w\" sizes=\"(max-width: 650px) 100vw, 650px\" \/><\/a><\/figure><\/li><li class=\"blocks-gallery-item\"><figure><a href=\"https:\/\/www.justicepaix.be\/wp-content\/uploads\/2020\/10\/jpg_eolienne-2.jpg\"><img decoding=\"async\" width=\"650\" height=\"432\" src=\"https:\/\/www.justicepaix.be\/wp-content\/uploads\/2020\/10\/jpg_eolienne-2.jpg\" alt=\"eolienne-2.jpg\" data-id=\"17049\" class=\"wp-image-17049\" srcset=\"https:\/\/www.justicepaix.be\/wp-content\/uploads\/2020\/10\/jpg_eolienne-2.jpg 650w, https:\/\/www.justicepaix.be\/wp-content\/uploads\/2020\/10\/jpg_eolienne-2-300x199.jpg 300w\" sizes=\"(max-width: 650px) 100vw, 650px\" \/><\/a><\/figure><\/li><\/ul><\/figure>","protected":false},"excerpt":{"rendered":"<p>Les minerais de la transition \u00e9nerg\u00e9tique: vers une soci\u00e9t\u00e9 sobre en carbone pour toutes et tous !<\/p>","protected":false},"author":62,"featured_media":17047,"comment_status":"closed","ping_status":"open","sticky":false,"template":"","format":"standard","meta":{"_acf_changed":false,"_seopress_robots_primary_cat":"2696","_seopress_titles_title":"","_seopress_titles_desc":"","_seopress_robots_index":"","footnotes":""},"categories":[2696],"tags":[2811],"class_list":["post-17048","post","type-post","status-publish","format-standard","has-post-thumbnail","hentry","category-actualites","tag-ressources-naturelles"],"acf":[],"_links":{"self":[{"href":"https:\/\/www.justicepaix.be\/en\/wp-json\/wp\/v2\/posts\/17048","targetHints":{"allow":["GET"]}}],"collection":[{"href":"https:\/\/www.justicepaix.be\/en\/wp-json\/wp\/v2\/posts"}],"about":[{"href":"https:\/\/www.justicepaix.be\/en\/wp-json\/wp\/v2\/types\/post"}],"author":[{"embeddable":true,"href":"https:\/\/www.justicepaix.be\/en\/wp-json\/wp\/v2\/users\/62"}],"replies":[{"embeddable":true,"href":"https:\/\/www.justicepaix.be\/en\/wp-json\/wp\/v2\/comments?post=17048"}],"version-history":[{"count":0,"href":"https:\/\/www.justicepaix.be\/en\/wp-json\/wp\/v2\/posts\/17048\/revisions"}],"wp:featuredmedia":[{"embeddable":true,"href":"https:\/\/www.justicepaix.be\/en\/wp-json\/wp\/v2\/media\/17047"}],"wp:attachment":[{"href":"https:\/\/www.justicepaix.be\/en\/wp-json\/wp\/v2\/media?parent=17048"}],"wp:term":[{"taxonomy":"category","embeddable":true,"href":"https:\/\/www.justicepaix.be\/en\/wp-json\/wp\/v2\/categories?post=17048"},{"taxonomy":"post_tag","embeddable":true,"href":"https:\/\/www.justicepaix.be\/en\/wp-json\/wp\/v2\/tags?post=17048"}],"curies":[{"name":"wp","href":"https:\/\/api.w.org\/{rel}","templated":true}]}}