{"id":17019,"date":"2020-10-07T14:36:54","date_gmt":"2020-10-07T14:36:54","guid":{"rendered":"https:\/\/demop.netbaz.be\/2021\/jp\/2020\/10\/07\/actions-citoyennes-le-pouvoir-de-votre-engagement\/"},"modified":"2021-04-14T12:17:37","modified_gmt":"2021-04-14T12:17:37","slug":"actions-citoyennes-le-pouvoir-de-votre-engagement","status":"publish","type":"post","link":"https:\/\/www.justicepaix.be\/en\/actions-citoyennes-le-pouvoir-de-votre-engagement\/","title":{"rendered":"\u201cCitizen actions: the power of your commitment\u201d"},"content":{"rendered":"<p class=\"post_excerpt\">The power of local initiatives is immense. Citizens must take control of the political sphere, challenge elected officials to take democracy back into their own hands.<br \/>\n<img fetchpriority=\"high\" decoding=\"async\" class=\"aligncenter size-full wp-image-17018\" src=\"http:\/\/demop.netbaz.be\/2021\/jp\/wp-content\/uploads\/2020\/10\/jpg_alice-donovan-rouse-195456-unsplash-scaled.jpg\" alt=\"alice-donovan-rouse-195456-unsplash.jpg\" align=\"center\" width=\"2560\" height=\"1709\" srcset=\"https:\/\/www.justicepaix.be\/wp-content\/uploads\/2020\/10\/jpg_alice-donovan-rouse-195456-unsplash-scaled.jpg 2560w, https:\/\/www.justicepaix.be\/wp-content\/uploads\/2020\/10\/jpg_alice-donovan-rouse-195456-unsplash-300x200.jpg 300w, https:\/\/www.justicepaix.be\/wp-content\/uploads\/2020\/10\/jpg_alice-donovan-rouse-195456-unsplash-1024x684.jpg 1024w, https:\/\/www.justicepaix.be\/wp-content\/uploads\/2020\/10\/jpg_alice-donovan-rouse-195456-unsplash-768x513.jpg 768w, https:\/\/www.justicepaix.be\/wp-content\/uploads\/2020\/10\/jpg_alice-donovan-rouse-195456-unsplash-1536x1025.jpg 1536w, https:\/\/www.justicepaix.be\/wp-content\/uploads\/2020\/10\/jpg_alice-donovan-rouse-195456-unsplash-2048x1367.jpg 2048w\" sizes=\"(max-width: 2560px) 100vw, 2560px\" \/><\/p>\n<p><!--more--><br \/>\n2019 et 2020 auront \u00e9t\u00e9 deux ann\u00e9es de mobilisations intenses en Belgique : Gilets jaunes, Jeunes pour le climat, mobilisations contre le racisme, rassemblements des blouses blanches\u2026 autant de sympt\u00f4mes d\u2019une population belge qui s\u2019interroge, qui s\u2019indigne.<\/p>\n<p>Souvent, l\u2019envie nous prend d\u2019agir pour changer les choses. Or, il n\u2019est pas rare que nous devions faire face \u00e0 un sentiment d\u2019impuissance, un certain fatalisme suite \u00e0 nos mobilisations. Cependant, la participation locale et politique de chaque citoyen et citoyenne belge est essentielle et m\u00e9rite d\u2019\u00eatre plac\u00e9e au centre de nos pr\u00e9occupations.<\/p>\n<p>L&rsquo;article complet est \u00e0 lire <a href=\"https:\/\/plus.lesoir.be\/319807\/article\/2020-08-19\/actions-citoyennes-le-pouvoir-de-votre-engagement\">here<\/a>.<div id='gallery-1' class='gallery galleryid-17019 gallery-columns-3 gallery-size-thumbnail'><figure class='gallery-item'>\n\t\t\t<div class='gallery-icon landscape'>\n\t\t\t\t<a href='https:\/\/www.justicepaix.be\/wp-content\/uploads\/2020\/10\/jpg_alice-donovan-rouse-195456-unsplash-scaled.jpg'><img decoding=\"async\" width=\"150\" height=\"150\" src=\"https:\/\/www.justicepaix.be\/wp-content\/uploads\/2020\/10\/jpg_alice-donovan-rouse-195456-unsplash-150x150.jpg\" class=\"attachment-thumbnail size-thumbnail\" alt=\"alice-donovan-rouse-195456-unsplash.jpg\" \/><\/a>\n\t\t\t<\/div><\/figure><figure class='gallery-item'>\n\t\t\t<div class='gallery-icon landscape'>\n\t\t\t\t<a href='https:\/\/www.justicepaix.be\/wp-content\/uploads\/2020\/10\/jpg_alice-donovan-rouse-195456-unsplash-2-scaled.jpg'><img decoding=\"async\" width=\"150\" height=\"150\" src=\"https:\/\/www.justicepaix.be\/wp-content\/uploads\/2020\/10\/jpg_alice-donovan-rouse-195456-unsplash-2-150x150.jpg\" class=\"attachment-thumbnail size-thumbnail\" alt=\"alice-donovan-rouse-195456-unsplash-2.jpg\" \/><\/a>\n\t\t\t<\/div><\/figure>\n\t\t<\/div>\n<\/p>","protected":false},"excerpt":{"rendered":"<p>The power of local initiatives is immense. Citizens must take control of the political sphere, challenge elected officials to take democracy back into their own hands.<\/p>","protected":false},"author":62,"featured_media":17018,"comment_status":"closed","ping_status":"open","sticky":false,"template":"","format":"standard","meta":{"_acf_changed":false,"_seopress_robots_primary_cat":"","_seopress_titles_title":"","_seopress_titles_desc":"","_seopress_robots_index":"","footnotes":""},"categories":[2846,2686],"tags":[2835,2833],"class_list":["post-17019","post","type-post","status-publish","format-standard","has-post-thumbnail","hentry","category-dans-les-medias","category-pre-2015","tag-democratie","tag-europe"],"acf":[],"_links":{"self":[{"href":"https:\/\/www.justicepaix.be\/en\/wp-json\/wp\/v2\/posts\/17019","targetHints":{"allow":["GET"]}}],"collection":[{"href":"https:\/\/www.justicepaix.be\/en\/wp-json\/wp\/v2\/posts"}],"about":[{"href":"https:\/\/www.justicepaix.be\/en\/wp-json\/wp\/v2\/types\/post"}],"author":[{"embeddable":true,"href":"https:\/\/www.justicepaix.be\/en\/wp-json\/wp\/v2\/users\/62"}],"replies":[{"embeddable":true,"href":"https:\/\/www.justicepaix.be\/en\/wp-json\/wp\/v2\/comments?post=17019"}],"version-history":[{"count":0,"href":"https:\/\/www.justicepaix.be\/en\/wp-json\/wp\/v2\/posts\/17019\/revisions"}],"wp:featuredmedia":[{"embeddable":true,"href":"https:\/\/www.justicepaix.be\/en\/wp-json\/wp\/v2\/media\/17018"}],"wp:attachment":[{"href":"https:\/\/www.justicepaix.be\/en\/wp-json\/wp\/v2\/media?parent=17019"}],"wp:term":[{"taxonomy":"category","embeddable":true,"href":"https:\/\/www.justicepaix.be\/en\/wp-json\/wp\/v2\/categories?post=17019"},{"taxonomy":"post_tag","embeddable":true,"href":"https:\/\/www.justicepaix.be\/en\/wp-json\/wp\/v2\/tags?post=17019"}],"curies":[{"name":"wp","href":"https:\/\/api.w.org\/{rel}","templated":true}]}}