{"id":17011,"date":"2020-10-05T15:50:53","date_gmt":"2020-10-05T15:50:53","guid":{"rendered":"https:\/\/demop.netbaz.be\/2021\/jp\/2020\/10\/05\/forum-citoyen\/"},"modified":"2021-07-06T14:46:36","modified_gmt":"2021-07-06T12:46:36","slug":"forum-citoyen","status":"publish","type":"post","link":"https:\/\/www.justicepaix.be\/en\/forum-citoyen\/","title":{"rendered":"Digital Citizen Forum \u201cLanguage of domination: what power do words have? \u00bb"},"content":{"rendered":"<p class=\"post_excerpt\">Les mots ont du pouvoir, ils influencent les actions, d\u00e9terminent le regard, imposent une vision du monde. La presse, les r\u00e9seaux sociaux, les discours politique, le monde associatif, les ONG mais aussi entre vous et nous. Qui parle pour qui ? Qui parle de qui ? Comment ? Pourquoi ?  Comment se r\u00e9approprier les mots pour renforcer les luttes sociales ? Rendez-vous le 14 novembre pour identifier ensemble les diff\u00e9rents langages de domination, les d\u00e9construire et repenser une communication coh\u00e9rente avec les valeurs d\u2019\u00e9galit\u00e9.\n<\/p>\n\n\n\n<p><br>\nNous avons le plaisir de vous inviter \u00e0 notre Forum Citoyen  Langage de domination : quel pouvoir ont les mots ? \u00bb  ce samedi 14 novembre 2020 de 14h \u00e0 17h et qui sera, au vu du contexte sanitaire actuel, un <strong>Forum Citoyen digital<\/strong>. <\/p>\n\n\n\n<!--more-->\n\n\n\n<p><strong>Program<\/strong> :<\/p>\n\n\n\n<p>o   14h : Accueil<br>\no   14h15 : Introduction en pl\u00e9ni\u00e8re<br>\no   14h45 : Ateliers<br>\no   15h45 : Pause<br>\no   16h00 : Mot d\u2019\u00e9change \u2013 rapportage en pl\u00e9ni\u00e8re<br>\no   16h40 \u2013 17h00 : Conclusions <\/p>\n\n\n\n<p>Chaque participant.e recevra le lien de la r\u00e9union la veille de l\u2019\u00e9v\u00e9nement.<br>\nEn cas de souci technique, veuillez contacter Pauline \u00e0 l&rsquo;adresse : pauline.laigneaux@justicepaix.be.<\/p>\n\n\n\n<p>Vous souhaitez participer \u00e0 ce Forum ? Inscrivez-vous \u00e0 l&rsquo;<strong>A<\/strong> (un seul !) des ateliers suivants :<\/p>\n\n\n\n<p>Atelier 1 : La domination dans l&rsquo;expression artistique et le monde culturel<\/p>\n\n\n\n<p>Comment se manifeste la domination dans le domaine culturel ? Comment l&rsquo;art reproduit-il des in\u00e9galit\u00e9s et des rapports de pouvoir ? Comment donner plus de voix aux personnes invisibilis\u00e9es dans le monde artistique ? Gia Abrassart, journaliste et fondatrice de Caf\u00e9 Congo, lieu d&rsquo;expression d&rsquo;artiste congolais.es et belgo-congolais.es, nous invite \u00e0 penser et repenser la cr\u00e9ation artistique au regard de l&rsquo;histoire coloniale et des relations belgo-congolaises actuelles.  <\/p>\n\n\n\n<p>Atelier 2 : Discussions autour du \u00ab Greenwashing \u00bb<\/p>\n\n\n\n<p>Cet atelier men\u00e9 par S\u00e9verine de Laveleye, d\u00e9put\u00e9e f\u00e9d\u00e9rale et membre du parti Ecolo, et anim\u00e9 par Patrick Balemba, charg\u00e9 de recherches et d\u2019animations aupr\u00e8s de la Commission Justice et Paix, pr\u00e9sentera le concept de greenwashing et illustrera son application dans le milieu des entreprises \u00e0 travers quelques exemples marquants et connu afin d\u2019entamer le d\u00e9bat et d\u2019ouvrir la discussion sur la posture des partis politiques vis-\u00e0-vis du greenwashing.<\/p>\n\n\n\n<p>Atelier 3 : Quelle repr\u00e9sentation des migrants dans les m\u00e9dias ? <\/p>\n\n\n\n<p>Cet atelier men\u00e9 par Elisabeth Marie (Caritas International) et anim\u00e9 par Larisa Stanciu, responsable plaidoyer et relations presse aupr\u00e8s de Commission Justice et Paix, discutera de l\u2019image des migrants dans les m\u00e9dias et tentera de d\u00e9construire le langage qui entoure les actualit\u00e9s et informations autour des personnes migrantes et de la question migratoire.<\/p>\n\n\n\n<p>Atelier 4 : Violences polici\u00e8res sur les jeunes en Belgique : analyse du relais dans les m\u00e9dias. <\/p>\n\n\n\n<p>De nombreux jeunes s\u2019interrogent :  pourquoi le relais m\u00e9dia et la mobilisation citoyenne semblent plus importants quand des violences polici\u00e8res ont lieu aux Etats-Unis, alors que chez nous, des jeunes subissent ce type de violences dans l\u2019indiff\u00e9rence et le silence ? Quelle est la part du langage, du discours m\u00e9diatique et politique, dans cette diff\u00e9rence de traitement ? A\u00efda Yancy, historienne sp\u00e9cialis\u00e9e des questions de race, genre, orientation sexuelle et domination sociale, d\u00e9cortiquera des extraits m\u00e9dias avec nous pour mieux comprendre et proposer des pistes de changement.  <\/p>\n\n\n\n<p>Gratuit &#8211; Inscription obligatoire. <\/p>\n\n\n\n<p><bloc> S&rsquo;inscrire \u00e0 l&rsquo;atelier 1 : \u00ab\u00a0La domination dans l&rsquo;expression artistique et le monde culturel\u00a0\u00bb<\/bloc><\/p>\n\n\n\n<p><iframe src=\"https:\/\/crm-cjp.be\/spip.php?page=inscription_public&amp;id_operation=269\" width=\"100%\" height=\"1950\"><\/iframe><br>\n<\/p>\n\n\n\n<p><bloc> S&rsquo;inscrire \u00e0 l&rsquo;atelier 2 : \u00ab\u00a0Discussions autour du \u00ab Greenwashing \u00bb\u00a0\u00bb<\/bloc><\/p>\n\n\n\n<p><iframe src=\"https:\/\/crm-cjp.be\/spip.php?page=inscription_public&amp;id_operation=270\" width=\"100%\" height=\"1950\"><\/iframe><br>\n<\/p>\n\n\n\n<p><bloc>S&rsquo;inscrire \u00e0 l&rsquo;atelier 3 : \u00ab\u00a0Quelle repr\u00e9sentation des migrants dans les m\u00e9dias ?\u00a0\u00bb<\/bloc><\/p>\n\n\n\n<p><iframe src=\"https:\/\/crm-cjp.be\/spip.php?page=inscription_public&amp;id_operation=271\" width=\"100%\" height=\"1950\"><\/iframe><br>\n<\/p>\n\n\n\n<p><bloc> S&rsquo;inscrire \u00e0 l&rsquo;atelier 4 : \u00ab\u00a0Violences polici\u00e8res sur les jeunes en Belgique : analyse du relais dans les m\u00e9dias\u00a0\u00bb<\/bloc><\/p>\n\n\n\n<p><iframe src=\"https:\/\/crm-cjp.be\/spip.php?page=inscription_public&amp;id_operation=272\" width=\"100%\" height=\"1950\"><\/iframe><br>\n<\/p>\n\n\n\n<figure class=\"wp-block-gallery columns-3 is-cropped wp-block-gallery-1 is-layout-flex wp-block-gallery-is-layout-flex\"><ul class=\"blocks-gallery-grid\"><li class=\"blocks-gallery-item\"><figure><img data-id=\"17012\" class=\"wp-image-17012\"\/><\/figure><\/li><\/ul><\/figure>","protected":false},"excerpt":{"rendered":"<p>Les mots ont du pouvoir, ils influencent les actions, d\u00e9terminent le regard, imposent une vision du monde. La presse, les r\u00e9seaux sociaux, les discours politique, le monde associatif, les ONG mais aussi entre vous et nous. Qui parle pour qui ? Qui parle de qui ? Comment ? Pourquoi ? Comment se r\u00e9approprier les mots [&hellip;]<\/p>\n","protected":false},"author":62,"featured_media":17012,"comment_status":"closed","ping_status":"open","sticky":false,"template":"","format":"standard","meta":{"_acf_changed":false,"_seopress_robots_primary_cat":"2696","_seopress_titles_title":"","_seopress_titles_desc":"","_seopress_robots_index":"","footnotes":""},"categories":[2696],"tags":[2858],"class_list":["post-17011","post","type-post","status-publish","format-standard","has-post-thumbnail","hentry","category-actualites","tag-animation"],"acf":[],"_links":{"self":[{"href":"https:\/\/www.justicepaix.be\/en\/wp-json\/wp\/v2\/posts\/17011","targetHints":{"allow":["GET"]}}],"collection":[{"href":"https:\/\/www.justicepaix.be\/en\/wp-json\/wp\/v2\/posts"}],"about":[{"href":"https:\/\/www.justicepaix.be\/en\/wp-json\/wp\/v2\/types\/post"}],"author":[{"embeddable":true,"href":"https:\/\/www.justicepaix.be\/en\/wp-json\/wp\/v2\/users\/62"}],"replies":[{"embeddable":true,"href":"https:\/\/www.justicepaix.be\/en\/wp-json\/wp\/v2\/comments?post=17011"}],"version-history":[{"count":0,"href":"https:\/\/www.justicepaix.be\/en\/wp-json\/wp\/v2\/posts\/17011\/revisions"}],"wp:featuredmedia":[{"embeddable":true,"href":"https:\/\/www.justicepaix.be\/en\/wp-json\/wp\/v2\/media\/17012"}],"wp:attachment":[{"href":"https:\/\/www.justicepaix.be\/en\/wp-json\/wp\/v2\/media?parent=17011"}],"wp:term":[{"taxonomy":"category","embeddable":true,"href":"https:\/\/www.justicepaix.be\/en\/wp-json\/wp\/v2\/categories?post=17011"},{"taxonomy":"post_tag","embeddable":true,"href":"https:\/\/www.justicepaix.be\/en\/wp-json\/wp\/v2\/tags?post=17011"}],"curies":[{"name":"wp","href":"https:\/\/api.w.org\/{rel}","templated":true}]}}