{"id":16941,"date":"2020-08-17T10:25:01","date_gmt":"2020-08-17T10:25:01","guid":{"rendered":"https:\/\/demop.netbaz.be\/2021\/jp\/2020\/08\/17\/formation-citoyenne-memoire-et-reconstruction-vivre-ensemble-apres-un-conflit-2\/"},"modified":"2021-04-14T12:16:23","modified_gmt":"2021-04-14T12:16:23","slug":"formation-citoyenne-memoire-et-reconstruction-vivre-ensemble-apres-un-conflit-2","status":"publish","type":"post","link":"https:\/\/www.justicepaix.be\/en\/formation-citoyenne-memoire-et-reconstruction-vivre-ensemble-apres-un-conflit-2\/","title":{"rendered":"Citizen training \u2013 Memory and reconstruction: living together after a conflict"},"content":{"rendered":"<p class=\"post_excerpt\">The memory of a conflict, recent or not, is crucial to consider the possibility of reconciliation and to enable living together in a society, whether in the country(ies) concerned but also in Belgium where populations sometimes opposed in a conflict have migrated and come into contact with each other.<br \/>\n<img fetchpriority=\"high\" decoding=\"async\" class=\"aligncenter size-full wp-image-16940\" src=\"http:\/\/demop.netbaz.be\/2021\/jp\/wp-content\/uploads\/2020\/08\/jpg_66038033_10156506658008546_2559234796798607360_n-2.jpg\" alt=\"66038033_10156506658008546_2559234796798607360_n-2.jpg\" align=\"center\" width=\"960\" height=\"640\" srcset=\"https:\/\/www.justicepaix.be\/wp-content\/uploads\/2020\/08\/jpg_66038033_10156506658008546_2559234796798607360_n-2.jpg 960w, https:\/\/www.justicepaix.be\/wp-content\/uploads\/2020\/08\/jpg_66038033_10156506658008546_2559234796798607360_n-2-300x200.jpg 300w, https:\/\/www.justicepaix.be\/wp-content\/uploads\/2020\/08\/jpg_66038033_10156506658008546_2559234796798607360_n-2-768x512.jpg 768w\" sizes=\"(max-width: 960px) 100vw, 960px\" \/><\/p>\n<p><!--more--><br \/>\nLa m\u00e9moire joue \u00e9galement un r\u00f4le essentiel dans la pr\u00e9vention des conflits : parler du pass\u00e9 et offrir une reconnaissance aux victimes permet parfois d\u2019\u00e9viter que des blessures ne resurgissent trop brutalement. \u00c0 travers les exemples de la gestion m\u00e9morielle du g\u00e9nocide rwandais et de la guerre civile en Espagne, la formation montre comment des \u00c9tats choisissent de parler du pass\u00e9 et pour quelles raisons.<\/p>\n<p><\/bloc><\/p>\n<p><visible> Useful information <\/p>\n<p><strong>Place<\/strong> : Justice &#038; Paix, Chauss\u00e9e Saint Pierre 208, 1040 Etterbeek<br \/>\n<strong>Date<\/strong> : Vendredi 9 octobre 2020  9h &#8211; 16h30<br \/>\n<strong>Price<\/strong> : Informations sur les modalit\u00e9s de paiement au moment de l\u2019inscription.<br \/>\n15\u20ac &#8211; 10\u20ac : pour les personnes \u00e9tudiantes, retrait\u00e9es et sans emploi.<br \/>\n<strong>Informations suppl\u00e9mentaires<\/strong> : clara.debeve@justicepaix.be <\/p>\n<p><\/visible><\/p>\n<p><visible> Registrations<br \/>\n<iframe src=\"https:\/\/crm-cjp.be\/spip.php?page=inscription_public&#038;id_operation=251\" width=\"100%\" height=\"1950\"><\/iframe><br \/>\n<\/visible><br \/>\n<div id='gallery-1' class='gallery galleryid-16941 gallery-columns-3 gallery-size-thumbnail'><figure class='gallery-item'>\n\t\t\t<div class='gallery-icon landscape'>\n\t\t\t\t<a href='https:\/\/www.justicepaix.be\/wp-content\/uploads\/2020\/08\/jpg_66038033_10156506658008546_2559234796798607360_n-2.jpg'><img decoding=\"async\" width=\"150\" height=\"150\" src=\"https:\/\/www.justicepaix.be\/wp-content\/uploads\/2020\/08\/jpg_66038033_10156506658008546_2559234796798607360_n-2-150x150.jpg\" class=\"attachment-thumbnail size-thumbnail\" alt=\"66038033_10156506658008546_2559234796798607360_n-2.jpg\" \/><\/a>\n\t\t\t<\/div><\/figure><figure class='gallery-item'>\n\t\t\t<div class='gallery-icon landscape'>\n\t\t\t\t<a href='https:\/\/www.justicepaix.be\/wp-content\/uploads\/2020\/10\/jpg_918b93eef1ee5fc59f34db74c71a97.jpg'><img decoding=\"async\" width=\"150\" height=\"150\" src=\"https:\/\/www.justicepaix.be\/wp-content\/uploads\/2020\/10\/jpg_918b93eef1ee5fc59f34db74c71a97-150x150.jpg\" class=\"attachment-thumbnail size-thumbnail\" alt=\"918b93eef1ee5fc59f34db74c71a97.jpg\" \/><\/a>\n\t\t\t<\/div><\/figure>\n\t\t<\/div>\n<\/p>","protected":false},"excerpt":{"rendered":"<p>The memory of a conflict, recent or not, is crucial to consider the possibility of reconciliation and to enable living together in a society, whether in the country(ies) concerned but also in Belgium where populations sometimes opposed in a conflict have migrated and come into contact with each other.<\/p>","protected":false},"author":62,"featured_media":16940,"comment_status":"closed","ping_status":"open","sticky":false,"template":"","format":"standard","meta":{"_acf_changed":false,"_seopress_robots_primary_cat":"","_seopress_titles_title":"","_seopress_titles_desc":"","_seopress_robots_index":"","footnotes":""},"categories":[2696],"tags":[],"class_list":["post-16941","post","type-post","status-publish","format-standard","has-post-thumbnail","hentry","category-actualites"],"acf":[],"_links":{"self":[{"href":"https:\/\/www.justicepaix.be\/en\/wp-json\/wp\/v2\/posts\/16941","targetHints":{"allow":["GET"]}}],"collection":[{"href":"https:\/\/www.justicepaix.be\/en\/wp-json\/wp\/v2\/posts"}],"about":[{"href":"https:\/\/www.justicepaix.be\/en\/wp-json\/wp\/v2\/types\/post"}],"author":[{"embeddable":true,"href":"https:\/\/www.justicepaix.be\/en\/wp-json\/wp\/v2\/users\/62"}],"replies":[{"embeddable":true,"href":"https:\/\/www.justicepaix.be\/en\/wp-json\/wp\/v2\/comments?post=16941"}],"version-history":[{"count":0,"href":"https:\/\/www.justicepaix.be\/en\/wp-json\/wp\/v2\/posts\/16941\/revisions"}],"wp:featuredmedia":[{"embeddable":true,"href":"https:\/\/www.justicepaix.be\/en\/wp-json\/wp\/v2\/media\/16940"}],"wp:attachment":[{"href":"https:\/\/www.justicepaix.be\/en\/wp-json\/wp\/v2\/media?parent=16941"}],"wp:term":[{"taxonomy":"category","embeddable":true,"href":"https:\/\/www.justicepaix.be\/en\/wp-json\/wp\/v2\/categories?post=16941"},{"taxonomy":"post_tag","embeddable":true,"href":"https:\/\/www.justicepaix.be\/en\/wp-json\/wp\/v2\/tags?post=16941"}],"curies":[{"name":"wp","href":"https:\/\/api.w.org\/{rel}","templated":true}]}}