{"id":16934,"date":"2020-08-12T13:26:18","date_gmt":"2020-08-12T13:26:18","guid":{"rendered":"https:\/\/demop.netbaz.be\/2021\/jp\/2020\/08\/12\/actionscitoyennes\/"},"modified":"2023-01-27T13:51:56","modified_gmt":"2023-01-27T12:51:56","slug":"citizen-actions","status":"publish","type":"post","link":"https:\/\/www.justicepaix.be\/en\/actionscitoyennes\/","title":{"rendered":"CITIZEN ACTIONS: the power of your commitment"},"content":{"rendered":"<h4 class=\"wp-block-heading\">Description<\/h4>\n\n\n\n<p>The world we live in raises many questions and even<br>of indignation. However, when the urge takes us to act to change things,<br>it is not uncommon for this to generate a feeling of helplessness, a certain fatalism.<br>The multiples <strong>current crises<\/strong> (social, environmental, etc.) lead to<br>many <strong>uncertainties<\/strong> for the future and may cause reactions<br>shared, between revolt and paralysis.<\/p>\n\n\n\n<p><strong>Why or what are we mobilizing for?<\/strong> Pretending to be able to answer this<br>problematic seems totally utopian as the field of possibilities is<br>immense. This study offers <strong>for thought <\/strong> on the current context<br>mobilizations and social movements in Belgium, as well as on the means<br>action and citizen engagement. She is also interested in a means of action<br>little known to the general public but accessible to all: the <strong>citizen advocacy<\/strong>.<\/p>\n\n\n\n<p><\/p>\n\n\n\n<div data-wp-interactive=\"core\/file\" class=\"wp-block-file\"><object data-wp-bind--hidden=\"!state.hasPdfPreview\" hidden class=\"wp-block-file__embed\" data=\"https:\/\/www.justicepaix.be\/wp-content\/uploads\/2023\/01\/Justice-et-Paix-Etude-Engagement-web.pdf\" type=\"application\/pdf\" style=\"width:100%;height:793px\" aria-label=\"Embed of Justice-et-Paix-Etude-Engagement-web.\"><\/object><a id=\"wp-block-file--media-5bee7c36-4170-4ace-804a-bdf41748056d\" href=\"https:\/\/www.justicepaix.be\/wp-content\/uploads\/2023\/01\/Justice-et-Paix-Etude-Engagement-web.pdf\">Justice-and-Peace-Study-Engagement-web<\/a><a href=\"https:\/\/www.justicepaix.be\/wp-content\/uploads\/2023\/01\/Justice-et-Paix-Etude-Engagement-web.pdf\" class=\"wp-block-file__button wp-element-button\" download aria-describedby=\"wp-block-file--media-5bee7c36-4170-4ace-804a-bdf41748056d\">Download<\/a><\/div>\n\n\n\n<h4 class=\"wp-block-heading\">Videos<\/h4>\n\n\n\n<p>This study is punctuated by the testimonies of actors and actresses who have been led to get involved in contemporary social struggles. They give us their experiences, their experiences and their advice which support the reflections present in the study.<\/p>\n\n\n\n<p class=\"has-central-palette-1-color has-text-color\"><strong>Ruth Paluku-Atoka<\/strong><br><strong>Afro-feminist<\/strong><\/p>\n\n\n\n<figure class=\"wp-block-embed is-type-video is-provider-youtube wp-block-embed-youtube wp-embed-aspect-16-9 wp-has-aspect-ratio\"><div class=\"wp-block-embed__wrapper\">\n<iframe title=\"\u201cMy LGBTQI+ feminist commitment\u201d - Ruth\" width=\"800\" height=\"450\" src=\"https:\/\/www.youtube.com\/embed\/rHQq1DwWuAo?feature=oembed\" frameborder=\"0\" allow=\"accelerometer; autoplay; clipboard-write; encrypted-media; gyroscope; picture-in-picture; web-share\" allowfullscreen><\/iframe>\n<\/div><\/figure>\n\n\n\n<p class=\"has-central-palette-1-color has-text-color\"><strong>Safia Kessas<\/strong><br>Journalist and director<\/p>\n\n\n\n<figure class=\"wp-block-embed is-type-video is-provider-youtube wp-block-embed-youtube wp-embed-aspect-16-9 wp-has-aspect-ratio\"><div class=\"wp-block-embed__wrapper\">\n<iframe title=\"\u201cMore democracy in the media\u201d - Safia Kessas\" width=\"800\" height=\"450\" src=\"https:\/\/www.youtube.com\/embed\/7RPGxKq64Qg?feature=oembed\" frameborder=\"0\" allow=\"accelerometer; autoplay; clipboard-write; encrypted-media; gyroscope; picture-in-picture; web-share\" allowfullscreen><\/iframe>\n<\/div><\/figure>\n\n\n\n<p class=\"has-central-palette-1-color has-text-color\"><strong>Yves Makwambalaet <\/strong><br>Member of the LUCHA movement<\/p>\n\n\n\n<figure class=\"wp-block-embed is-type-video is-provider-youtube wp-block-embed-youtube wp-embed-aspect-16-9 wp-has-aspect-ratio\"><div class=\"wp-block-embed__wrapper\">\n<iframe title=\"\u201cThe peaceful revolt of Congolese youth\u201d - Yves Makwambala\" width=\"800\" height=\"450\" src=\"https:\/\/www.youtube.com\/embed\/bFwQaBKiDYk?feature=oembed\" frameborder=\"0\" allow=\"accelerometer; autoplay; clipboard-write; encrypted-media; gyroscope; picture-in-picture; web-share\" allowfullscreen><\/iframe>\n<\/div><\/figure>\n\n\n\n<p class=\"has-central-palette-1-color has-text-color\"><strong>Nicolas Van Nuffel <\/strong><br>Head of the advocacy department @CNCD 11.11.11<\/p>\n\n\n\n<figure class=\"wp-block-embed is-type-video is-provider-youtube wp-block-embed-youtube wp-embed-aspect-16-9 wp-has-aspect-ratio\"><div class=\"wp-block-embed__wrapper\">\n<iframe title=\"&#039;&quot;When we want we can&quot; - Nicolas Van Nuffel\" width=\"800\" height=\"450\" src=\"https:\/\/www.youtube.com\/embed\/NIzJgJnN_ho?feature=oembed\" frameborder=\"0\" allow=\"accelerometer; autoplay; clipboard-write; encrypted-media; gyroscope; picture-in-picture; web-share\" allowfullscreen><\/iframe>\n<\/div><\/figure>\n\n\n\n<div class=\"wp-block-pb-accordion-item c-accordion__item js-accordion-item no-js\" data-initially-open=\"false\" data-click-to-close=\"true\" data-auto-close=\"true\" data-scroll=\"false\" data-scroll-offset=\"0\"><h2 id=\"at-169340\" class=\"c-accordion__title js-accordion-controller\" role=\"button\"><\/h2><div id=\"ac-169340\" class=\"c-accordion__content\"><\/div><\/div>","protected":false},"excerpt":{"rendered":"<p>Description Le monde dans lequel nous vivons suscite beaucoup d\u2019interrogations et m\u00eamed\u2019indignation. Pourtant, lorsque l\u2019envie nous prend d\u2019agir pour changer les choses,il n\u2019est pas rare que cela g\u00e9n\u00e8re un sentiment d\u2019impuissance, un certain fatalisme.Les multiples crises actuelles (sociale, environnementale, etc.) conduisent \u00e0de nombreuses incertitudes pour l\u2019avenir et peuvent provoquer des r\u00e9actionspartag\u00e9es, entre r\u00e9volte et paralysie. [&hellip;]<\/p>\n","protected":false},"author":62,"featured_media":20856,"comment_status":"closed","ping_status":"open","sticky":false,"template":"","format":"standard","meta":{"_acf_changed":false,"_seopress_robots_primary_cat":"2723","_seopress_titles_title":"","_seopress_titles_desc":"","_seopress_robots_index":"","footnotes":""},"categories":[2723],"tags":[2809,2845,2823,2839,2819,2851],"class_list":["post-16934","post","type-post","status-publish","format-standard","has-post-thumbnail","hentry","category-etudes-nos-publications","tag-actions-citoyennes","tag-ecologie","tag-etude","tag-justice-sociale","tag-questions-sociales","tag-volontariat"],"acf":[],"_links":{"self":[{"href":"https:\/\/www.justicepaix.be\/en\/wp-json\/wp\/v2\/posts\/16934","targetHints":{"allow":["GET"]}}],"collection":[{"href":"https:\/\/www.justicepaix.be\/en\/wp-json\/wp\/v2\/posts"}],"about":[{"href":"https:\/\/www.justicepaix.be\/en\/wp-json\/wp\/v2\/types\/post"}],"author":[{"embeddable":true,"href":"https:\/\/www.justicepaix.be\/en\/wp-json\/wp\/v2\/users\/62"}],"replies":[{"embeddable":true,"href":"https:\/\/www.justicepaix.be\/en\/wp-json\/wp\/v2\/comments?post=16934"}],"version-history":[{"count":0,"href":"https:\/\/www.justicepaix.be\/en\/wp-json\/wp\/v2\/posts\/16934\/revisions"}],"wp:featuredmedia":[{"embeddable":true,"href":"https:\/\/www.justicepaix.be\/en\/wp-json\/wp\/v2\/media\/20856"}],"wp:attachment":[{"href":"https:\/\/www.justicepaix.be\/en\/wp-json\/wp\/v2\/media?parent=16934"}],"wp:term":[{"taxonomy":"category","embeddable":true,"href":"https:\/\/www.justicepaix.be\/en\/wp-json\/wp\/v2\/categories?post=16934"},{"taxonomy":"post_tag","embeddable":true,"href":"https:\/\/www.justicepaix.be\/en\/wp-json\/wp\/v2\/tags?post=16934"}],"curies":[{"name":"wp","href":"https:\/\/api.w.org\/{rel}","templated":true}]}}