{"id":16923,"date":"2020-07-30T20:08:42","date_gmt":"2020-07-30T20:08:42","guid":{"rendered":"https:\/\/demop.netbaz.be\/2021\/jp\/2020\/07\/30\/le-pep-s-inquiete-de-la-repression-contre-les-defenseurs-des-droits-de-l-homme\/"},"modified":"2021-07-06T14:37:32","modified_gmt":"2021-07-06T12:37:32","slug":"le-pep-s-inquiete-de-la-repression-contre-les-defenseurs-des-droits-de-l-homme","status":"publish","type":"post","link":"https:\/\/www.justicepaix.be\/en\/le-pep-s-inquiete-de-la-repression-contre-les-defenseurs-des-droits-de-l-homme\/","title":{"rendered":"PEP CONCERNED ABOUT REPRESSION AGAINST HUMAN RIGHTS DEFENDERS IN ESPINAR, CUSCO, PER\u00da"},"content":{"rendered":"<p class=\"post_excerpt\">La Plateforme Per\u00fa Europe (PEP) exprime sa pr\u00e9occupation concernant les r\u00e9cents \u00e9v\u00e9nements qui ont eu lieu dans la province de Espinar, Cusco, \u00e0 la suite des protestations des communaut\u00e9s vivant \u00e0 proximit\u00e9 du projet minier d&rsquo;Antapaccay. <\/p>\n\n\n\n<p><br>\nLes communaut\u00e9s souffrent des effets n\u00e9gatifs de l&rsquo;extraction mini\u00e8re dans la r\u00e9gion depuis pr\u00e8s de 40 ans, et connaissent actuellement une crise exceptionnelle en raison de la pand\u00e9mie de <strong> <strong>Covid-19<\/strong> <\/strong>. <\/p>\n\n\n\n<!--more-->\n\n\n\n<p>Le 15 juillet, les dirigeants de la communaut\u00e9 d&rsquo;<strong>Espinar<\/strong> auraient appel\u00e9 \u00e0 une gr\u00e8ve illimit\u00e9e en raison du refus de la compagnie mini\u00e8re anglo-suisse <strong>Glencore<\/strong> de fournir une somme de 1 000 soles \u00e0 chaque membre de la population. La population a droit \u00e0 cette somme dans le cadre des engagements pris par Glencore au titre du Convenio Marco, un accord-cadre sign\u00e9 en 2003 par la mine (\u00e0 l&rsquo;\u00e9poque propri\u00e9t\u00e9 de BHP Billiton) et les communaut\u00e9s de la province d&rsquo;Espinar.   Selon les informations re\u00e7ues, la police et les forces militaires ont utilis\u00e9 des gaz lacrymog\u00e8nes pour mettre fin aux manifestations, ce qui a entra\u00een\u00e9 l&rsquo;incendie de p\u00e2turages et d&rsquo;une caserne de pompiers dans la r\u00e9gion de Camaccmayo.<\/p>\n\n\n\n<p>Le 24 juillet, on a \u00e9galement signal\u00e9 des affrontements entre la police et un groupe de jeunes dans le district de Yauri.  Les policiers ont utilis\u00e9 des chevrotines, des armes \u00e0 feu et des gaz lacrymog\u00e8nes, blessant cinq manifestants qui ont \u00e9t\u00e9 emmen\u00e9s \u00e0 l&rsquo;h\u00f4pital d&rsquo;Espinar. Deux d&rsquo;entre eux \u00e9taient \u00e2g\u00e9s respectivement de 17 et 16 ans. Le docteur Gloria C\u00e1rdenas Alarc\u00f3n, qui travaille \u00e0 l&rsquo;h\u00f4pital, a indiqu\u00e9 que trois des manifestants avaient \u00e9t\u00e9 bless\u00e9s par des armes \u00e0 feu. Elle a \u00e9galement d\u00e9clar\u00e9 qu&rsquo;elle a \u00e9t\u00e9 harcel\u00e9e judiciairement pour avoir d\u00e9nonc\u00e9 les \u00e9v\u00e9nements ; selon les rapports, elle a \u00e9t\u00e9 appel\u00e9e au bureau du procureur pour t\u00e9moigner et a re\u00e7u la visite de la police sur son lieu de travail.<\/p>\n\n\n\n<p>In this context, <strong>la situation des femmes<\/strong> qui d\u00e9fendent les droits de l&rsquo;Homme <strong>est particuli\u00e8rement pr\u00e9occupante<\/strong>. Les activit\u00e9s mini\u00e8res dans la r\u00e9gion ont eu de graves effets n\u00e9gatifs sur les communaut\u00e9s vivant \u00e0 proximit\u00e9 de la mine, qui souffrent des cons\u00e9quences de la contamination par les m\u00e9taux lourds dans leur sang et aussi dans l&rsquo;eau qu&rsquo;elles consomment et utilisent pour leurs activit\u00e9s agricoles. Les femmes en particulier souffrent des effets n\u00e9gatifs de l&rsquo;exploitation mini\u00e8re, en termes de sant\u00e9, d&rsquo;alimentation, de travail et de probl\u00e8mes \u00e9conomiques. Ce sont donc les femmes qui sont sorties en grand nombre pour protester et ce sont elles qui sont le plus touch\u00e9es par les abus des forces de police, les m\u00e9dias locaux et sociaux faisant \u00e9tat d&rsquo;agressions physiques et de violences sexuelles.  <\/p>\n\n\n\n<p>Le communiqu\u00e9 de presse complet en anglais et en espagnol est t\u00e9l\u00e9chargeable ci-dessous. <\/p>\n\n\n\n<figure class=\"wp-block-gallery columns-3 is-cropped wp-block-gallery-1 is-layout-flex wp-block-gallery-is-layout-flex\"><ul class=\"blocks-gallery-grid\"><li class=\"blocks-gallery-item\"><figure><a href=\"https:\/\/www.justicepaix.be\/wp-content\/uploads\/2020\/07\/jpg_640px-chuquicamata_copper_mine_-_chuquicamata-kupfermine.jpg\"><img fetchpriority=\"high\" decoding=\"async\" width=\"640\" height=\"427\" src=\"https:\/\/www.justicepaix.be\/wp-content\/uploads\/2020\/07\/jpg_640px-chuquicamata_copper_mine_-_chuquicamata-kupfermine.jpg\" alt=\"640px-chuquicamata_copper_mine_-_chuquicamata-kupfermine.jpg\" data-id=\"16924\" class=\"wp-image-16924\" srcset=\"https:\/\/www.justicepaix.be\/wp-content\/uploads\/2020\/07\/jpg_640px-chuquicamata_copper_mine_-_chuquicamata-kupfermine.jpg 640w, https:\/\/www.justicepaix.be\/wp-content\/uploads\/2020\/07\/jpg_640px-chuquicamata_copper_mine_-_chuquicamata-kupfermine-300x200.jpg 300w\" sizes=\"(max-width: 640px) 100vw, 640px\" \/><\/a><\/figure><\/li><\/ul><\/figure>\n\n\n\n<h2 class=\"wp-block-heading\">Attachments<\/h2>\n\n\n\n<div class=\"wp-block-file\"><a href=\"http:\/\/demop.netbaz.be\/2021\/jp\/wp-content\/uploads\/2020\/07\/pdf_comunicado_espinar_-_pep_29_de_julio_2020_.pdf\">comunicado_espinar_-_pep_29_de_julio_2020_.pdf<\/a><\/div>\n\n\n\n<div class=\"wp-block-file\"><a href=\"http:\/\/demop.netbaz.be\/2021\/jp\/wp-content\/uploads\/2020\/07\/pdf_pep_statement_on_situation_in_espinar_-_pep_28_de_julio_2020.pdf\">pep_statement_on_situation_in_espinar_-_pep_28_de_julio_2020.pdf<\/a><\/div>","protected":false},"excerpt":{"rendered":"<p>La Plateforme Per\u00fa Europe (PEP) exprime sa pr\u00e9occupation concernant les r\u00e9cents \u00e9v\u00e9nements qui ont eu lieu dans la province de Espinar, Cusco, \u00e0 la suite des protestations des communaut\u00e9s vivant \u00e0 proximit\u00e9 du projet minier d&rsquo;Antapaccay. Les communaut\u00e9s souffrent des effets n\u00e9gatifs de l&rsquo;extraction mini\u00e8re dans la r\u00e9gion depuis pr\u00e8s de 40 ans, et connaissent [&hellip;]<\/p>\n","protected":false},"author":62,"featured_media":16924,"comment_status":"closed","ping_status":"open","sticky":false,"template":"","format":"standard","meta":{"_acf_changed":false,"_seopress_robots_primary_cat":"","_seopress_titles_title":"","_seopress_titles_desc":"","_seopress_robots_index":"","footnotes":""},"categories":[2720],"tags":[],"class_list":["post-16923","post","type-post","status-publish","format-standard","has-post-thumbnail","hentry","category-communiques-de-presse"],"acf":[],"_links":{"self":[{"href":"https:\/\/www.justicepaix.be\/en\/wp-json\/wp\/v2\/posts\/16923","targetHints":{"allow":["GET"]}}],"collection":[{"href":"https:\/\/www.justicepaix.be\/en\/wp-json\/wp\/v2\/posts"}],"about":[{"href":"https:\/\/www.justicepaix.be\/en\/wp-json\/wp\/v2\/types\/post"}],"author":[{"embeddable":true,"href":"https:\/\/www.justicepaix.be\/en\/wp-json\/wp\/v2\/users\/62"}],"replies":[{"embeddable":true,"href":"https:\/\/www.justicepaix.be\/en\/wp-json\/wp\/v2\/comments?post=16923"}],"version-history":[{"count":0,"href":"https:\/\/www.justicepaix.be\/en\/wp-json\/wp\/v2\/posts\/16923\/revisions"}],"wp:featuredmedia":[{"embeddable":true,"href":"https:\/\/www.justicepaix.be\/en\/wp-json\/wp\/v2\/media\/16924"}],"wp:attachment":[{"href":"https:\/\/www.justicepaix.be\/en\/wp-json\/wp\/v2\/media?parent=16923"}],"wp:term":[{"taxonomy":"category","embeddable":true,"href":"https:\/\/www.justicepaix.be\/en\/wp-json\/wp\/v2\/categories?post=16923"},{"taxonomy":"post_tag","embeddable":true,"href":"https:\/\/www.justicepaix.be\/en\/wp-json\/wp\/v2\/tags?post=16923"}],"curies":[{"name":"wp","href":"https:\/\/api.w.org\/{rel}","templated":true}]}}