{"id":16914,"date":"2020-07-15T11:44:22","date_gmt":"2020-07-15T11:44:22","guid":{"rendered":"https:\/\/demop.netbaz.be\/2021\/jp\/2020\/07\/15\/le-pouvoir-c-est-nous-ou-quand-la-jeunesse-se-mobilise-en-rd-congo\/"},"modified":"2021-07-06T14:18:39","modified_gmt":"2021-07-06T12:18:39","slug":"le-pouvoir-c-est-nous-ou-quand-la-jeunesse-se-mobilise-en-rd-congo","status":"publish","type":"post","link":"https:\/\/www.justicepaix.be\/en\/le-pouvoir-c-est-nous-ou-quand-la-jeunesse-se-mobilise-en-rd-congo\/","title":{"rendered":"\u201cThe power is us\u201d or when youth mobilize in DR Congo"},"content":{"rendered":"\n<div class=\"wp-block-image\"><figure class=\"alignleft\"><img fetchpriority=\"high\" decoding=\"async\" width=\"1280\" height=\"720\" src=\"http:\/\/demop.netbaz.be\/2021\/jp\/wp-content\/uploads\/2020\/07\/jpg_photo_la_lucha.jpg\" alt=\"photo_la_lucha.jpg\" class=\"wp-image-16913\" srcset=\"https:\/\/www.justicepaix.be\/wp-content\/uploads\/2020\/07\/jpg_photo_la_lucha.jpg 1280w, https:\/\/www.justicepaix.be\/wp-content\/uploads\/2020\/07\/jpg_photo_la_lucha-300x169.jpg 300w, https:\/\/www.justicepaix.be\/wp-content\/uploads\/2020\/07\/jpg_photo_la_lucha-1024x576.jpg 1024w, https:\/\/www.justicepaix.be\/wp-content\/uploads\/2020\/07\/jpg_photo_la_lucha-768x432.jpg 768w\" sizes=\"(max-width: 1280px) 100vw, 1280px\" \/><\/figure><\/div>\n\n\n\n<p class=\"post_excerpt\">Apr\u00e8s une histoire marqu\u00e9e par le colonialisme et des dictatures qui se sont encha\u00een\u00e9es les unes apr\u00e8s les autres, la jeunesse congolaise a pris son destin en main, d\u00e9sireuse de reprendre le flambeau et d\u2019exiger plus de libert\u00e9s de ses dirigeants politiques. Le foisonnement de cette jeunesse en qu\u00eate d\u2019une vraie d\u00e9mocratie a culmin\u00e9 dans l\u2019histoire r\u00e9cente de la RD Congo, notamment avec la cr\u00e9ation des mouvements Filimbi et La Lucha dont les actions ont permis au pays d\u2019avancer sur le chemin de la d\u00e9mocratie.<br>\n<\/p>\n\n\n\n<p><br>\n<bloc> La soci\u00e9t\u00e9 civile en RDC \u2013 le long chemin vers la libert\u00e9<\/bloc><\/p>\n\n\n\n<!--more-->\n\n\n\n<p>Les mouvements sociaux en RD Congo prennent leur essor dans les ann\u00e9es 1950 avec les mouvements \u00e9tudiants et la remise en cause des rapports coloniaux. Ils se renforcent apr\u00e8s l\u2019ind\u00e9pendance du pays en 1960 : \u00ab les organisations estudiantines congolaises seront particuli\u00e8rement actives et influentes au lendemain de l\u2019ind\u00e9pendance (\u2026). Leur influence, au cours de cette d\u00e9cennie d\u00e9coule d\u2019abord de leur statut d\u2019\u00e9lite, dans un pays encore d\u00e9pourvu de cadres <span class=\"footnote_referrer\"><a role=\"button\" tabindex=\"0\" onclick=\"footnote_moveToReference_16914_1('footnote_plugin_reference_16914_1_1');\" onkeypress=\"footnote_moveToReference_16914_1('footnote_plugin_reference_16914_1_1');\" ><sup id=\"footnote_plugin_tooltip_16914_1_1\" class=\"footnote_plugin_tooltip_text\">[1]<\/sup><\/a><span id=\"footnote_plugin_tooltip_text_16914_1_1\" class=\"footnote_tooltip\">Une jeunesse africaine en qu\u00eate de changement, GRIP, 2017, p. 91.<\/span><\/span><script type=\"text\/javascript\"> jQuery('#footnote_plugin_tooltip_16914_1_1').tooltip({ tip: '#footnote_plugin_tooltip_text_16914_1_1', tipClass: 'footnote_tooltip', effect: 'fade', predelay: 0, fadeInSpeed: 200, delay: 400, fadeOutSpeed: 200, position: 'top center', relative: true, offset: [-7, 0], });<\/script>\u00bb. <\/p>\n\n\n\n<p>A la m\u00eame p\u00e9riode des syndicats voient le jour. L\u2019Eglise se mobilise \u00e9galement, notamment dans les secteurs de la sant\u00e9 et de l\u2019enseignement. Dans les ann\u00e9es 1980, les ONG commencent petit \u00e0 petit \u00e0 remplir le vide laiss\u00e9 par l\u2019\u00c9tat, d\u00e9livrant ainsi des services publics d\u00e9ficitaires, voire m\u00eame inexistants. Dans le courant de la d\u00e9cennie 1990, <a href=\"https:\/\/www.jeuneafrique.com\/554332\/politique\/ce-jour-la-le-24-avril-1990-mobutu-annonce-les-larmes-aux-yeux-le-tournant-du-multipartisme\/\">des mutations soci\u00e9tales ont lieu avec la fin du monopartisme et la lib\u00e9ralisation de l\u2019espace politique annonc\u00e9s les larmes aux yeux, par Mobutu Sese Seko<\/a> . La prise du pouvoir par Laurent-D\u00e9sir\u00e9 Kabila en 1997 marque un tournant pour les mouvements \u00e9tudiants sur lesquels de nouveaux acteurs de la soci\u00e9t\u00e9 civile, notamment les partis d\u2019opposition prennent le pas <span class=\"footnote_referrer\"><a role=\"button\" tabindex=\"0\" onclick=\"footnote_moveToReference_16914_1('footnote_plugin_reference_16914_1_2');\" onkeypress=\"footnote_moveToReference_16914_1('footnote_plugin_reference_16914_1_2');\" ><sup id=\"footnote_plugin_tooltip_16914_1_2\" class=\"footnote_plugin_tooltip_text\">[2]<\/sup><\/a><span id=\"footnote_plugin_tooltip_text_16914_1_2\" class=\"footnote_tooltip\">Une jeunesse africaine en qu\u00eate de changement, GRIP, 2017, p.95.<\/span><\/span><script type=\"text\/javascript\"> jQuery('#footnote_plugin_tooltip_16914_1_2').tooltip({ tip: '#footnote_plugin_tooltip_text_16914_1_2', tipClass: 'footnote_tooltip', effect: 'fade', predelay: 0, fadeInSpeed: 200, delay: 400, fadeOutSpeed: 200, position: 'top center', relative: true, offset: [-7, 0], });<\/script> . Enfin, <a href=\"http:\/\/aceproject.org\/ero-en\/regions\/africa\/CD\/rdc-constitution-2011\/view\">la Constitution de 18 f\u00e9vrier 2006<\/a>, r\u00e9vis\u00e9e en 2011, stipule clairement que l\u2019\u00c9tat garantit la libert\u00e9 d\u2019association, la libert\u00e9 syndicale et le droit de gr\u00e8ve.<br>\n<\/p>\n\n\n\n<p><bloc> Joseph Kabila et la jeunesse congolaise : \u00ab je t\u2019aime, moi non plus \u00bb<\/bloc><\/p>\n\n\n\n<p>L\u2019arriv\u00e9e au pouvoir de Joseph Kabila en 2001 suite \u00e0 l\u2019assassinat de son p\u00e8re Laurent-D\u00e9sir\u00e9 et sa victoire douteuse au scrutin de 2011 ont mis en cause la l\u00e9gitimit\u00e9 du mandat pr\u00e9sidentiel. Tout a culmin\u00e9 en 2017 avec le pr\u00e9sident s\u2019agrippant bec et ongles au pouvoir alors que son deuxi\u00e8me et dernier mandat selon la Constitution, aurait d\u00fb prendre fin en d\u00e9cembre 2016. <\/p>\n\n\n\n<p>La strat\u00e9gie vis\u00e9e pour garantir le maintien au pouvoir de Kabila a d\u2019abord \u00e9t\u00e9 une r\u00e9vision constitutionnelle visant \u00e0 \u00e9carter la limite de deux mandats pr\u00e9sidentiels successifs. Mais face \u00e0 la mobilisation de l\u2019opposition politique et de la soci\u00e9t\u00e9 civile ainsi que les vagues de contestation ailleurs sur le continent, notamment au S\u00e9n\u00e9gal et au Burkina Faso, le pouvoir congolais revoit sa strat\u00e9gie.  <\/p>\n\n\n\n<p>Face \u00e0 ces d\u00e9rapages autoritaires, la population, et en particulier les \u00e9tudiant\u00b7e\u00b7s, se mobilisent. La contestation dans la rue du 19 janvier 2015 contre le projet visant \u00e0 modifier la loi \u00e9lectorale s\u2019est sold\u00e9e par un lourd bilan : <a href=\"https:\/\/www.hrw.org\/fr\/news\/2015\/01\/24\/rd-congo-des-manifestations-ont-fait-lobjet-dune-repression-sanglante\">selon Human Rights Watch, 36 personnes ont \u00e9t\u00e9 tu\u00e9es lors de ces manifestations<\/a>. En d\u00e9pit de tout cela, le pouvoir central ne l\u00e2che rien. Toute une rh\u00e9torique accusatrice est lanc\u00e9e contre les forces de l\u2019opposition suppos\u00e9es \u00eatre derri\u00e8re ces manifestations. Toute mobilisation est per\u00e7ue comme d\u00e9stabilisatrice \u00e0 l\u2019\u00e9gard des institutions l\u00e9galement \u00e9tablies. Dans ce contexte, le mouvement citoyen La Lucha na\u00eet en 2012. Malgr\u00e9 son engagement non violent, il a \u00e9t\u00e9 per\u00e7u comme une menace par le pouvoir central, raison pour laquelle plusieurs de ses membres ont \u00e9t\u00e9 emprisonn\u00e9s, sous accusation \u00ab d\u2019atteinte \u00e0 la s\u00fbret\u00e9 du chef de l\u2019Etat et haute trahison \u00bb. Yves Makwambala fut l\u2019un d\u2019entre eux. Emprisonn\u00e9 pour son activisme politique, il nous livre son t\u00e9moignage poignant.<\/p>\n\n\n\n<p><strong>D\u2019o\u00f9 vient votre engagement citoyen ?<\/strong><\/p>\n\n\n\n<p>&#8211; J\u2019ai grandi dans une ville et dans un pays o\u00f9 l\u2019\u00e9cart social se ressent. C\u2019est d\u2019abord de l\u00e0 que tout est parti, du simple fait de voir cette in\u00e9galit\u00e9. J\u2019aime travailler avec tout le monde, sans distinction sociale. C\u2019est comme \u00e7a que, au cours des ann\u00e9es, je me suis dit qu\u2019\u00e0 ma mani\u00e8re j\u2019allais essayer de donner un coup de pouce. J\u2019ai rejoint certains mouvements et associations en tant que sympathisant pour les aider \u00e0 communiquer, \u00e0 mieux faire conna\u00eetre leurs actions.<\/p>\n\n\n\n<p><strong>Qu\u2019est-ce que La Lucha a apport\u00e9 du nouveau en RD Congo ?<\/strong> <\/p>\n\n\n\n<p>&#8211; La Lucha \u00e9tait une premi\u00e8re. A Kinshasa, ni m\u00eame dans l\u2019ensemble du pays, les gens ne connaissaient pas les mouvements citoyens. La Lucha a commenc\u00e9 en 2012 et \u00e9tait bas\u00e9e \u00e0 Goma, \u00e0 l\u2019Est du pays. Les gens n\u2019arr\u00eataient pas au d\u00e9but de l\u2019assimiler \u00e0 un parti politique. M\u00eame le gouvernement a jou\u00e9 dessus en disant que c\u2019\u00e9tait une extension d\u2019un parti politique qui veut agir autrement ou un mouvement europ\u00e9en avec des gens qui veulent avoir une influence et d\u00e9stabiliser les institutions du gouvernement. <\/p>\n\n\n\n<p><strong>Donc La Lucha a \u00e9t\u00e9 vraiment une bulle d\u2019oxyg\u00e8ne pour les populations qui avaient perdu l\u2019espoir d\u2019un changement pacifique ? <\/strong> <\/p>\n\n\n\n<p>&#8211; Oui, et \u00e7a c\u2019\u00e9tait extr\u00eamement positif car rien que d\u2019avoir des jeunes qui disent : \u00ab nous, on va tenir t\u00eate au gouvernement \u00bb c\u2019est quelque chose de positif en soi. Les gens avaient quasiment perdu espoir. Ils pensaient que pour que Kabila parte, nous devions avoir un autre coup d\u2019Etat, un autre mouvement arm\u00e9.<\/p>\n\n\n\n<p><strong>Quelle est la sp\u00e9cificit\u00e9 de La Lucha par rapport \u00e0 d\u2019autres mouvements citoyens ?<\/strong><\/p>\n\n\n\n<p>&#8211; La particularit\u00e9 de La Lucha, c\u2019est le fait qu\u2019il n\u2019y a pas de chef. Notre mode de fonctionnement interne diff\u00e8re \u00e9norm\u00e9ment de toutes les structures que je connais. Chaque personne a son mot \u00e0 dire et on avance tous ensemble.<br>\n<strong><br>\nC\u2019est \u00e7a qui vous a attir\u00e9 ? Le fait qu\u2019il n\u2019y ait pas une structure hi\u00e9rarchique ? <\/strong> <\/p>\n\n\n\n<p>&#8211; Oui, puisque \u00e7a permet \u00e0 tout le monde de s\u2019exprimer. Ce n\u2019est pas une personne X qui parle et tout le monde qui doit \u00eatre d\u2019accord, comme \u00e0 l\u2019Eglise. Ensuite, La Lucha n\u2019est pas le genre de mouvement \u00e0 mettre des personnes en avant. Quand on parle de La Lucha, les gens parlent de la philosophie et ensuite on voit les personnes qui sont derri\u00e8re. Voir ces jeunes de l\u2019Est du pays qui ont connu quasiment toute leur vie la guerre et la violence mais qui ont malgr\u00e9 tout souhait\u00e9 lancer un mouvement citoyen qui partira de la non-violence et qui sera apolitique, pour moi c\u2019\u00e9tait une premi\u00e8re et j\u2019ai trouv\u00e9 cela vraiment louable. C\u2019est \u00e7a qui m\u2019a vraiment attir\u00e9.<br>\n<strong><br>\nQuel impact le mouvement La Lucha a eu sur la population locale ? <\/strong> <\/p>\n\n\n\n<p>&#8211; L\u2019impact c\u2019est d\u2019avoir donn\u00e9 l\u2019espoir. Comme on dit, \u00ab le d\u00e9sespoir pr\u00e9c\u00e8de le chaos et l\u2019espoir permet aux gens de r\u00eaver \u00bb. Vu la tension qui commen\u00e7ait \u00e0 r\u00e9gner en RDC \u00e0 l\u2019approche des \u00e9lections, il \u00e9tait s\u00fbr que nous allions conna\u00eetre un moment de d\u00e9sordre ou un cycle de violence ind\u00e9fini. La Lucha, avec son mode de revendication non violent, \u00e9tait le point cl\u00e9 dans l\u2019ensemble de nos manifestations. Elle a permis \u00e0 certain.es congolais.es d\u2019avoir ce courage de r\u00e9clamer dans la rue sans rien casser. <\/p>\n\n\n\n<p><strong>Vous \u00e9tiez d\u00e9j\u00e0 membre de La Lucha quand on vous a arr\u00eat\u00e9 pour votre activisme politique ? <\/strong> <\/p>\n\n\n\n<p>&#8211; Quand on m\u2019a arr\u00eat\u00e9, j\u2019\u00e9tais membre de Filimbi <span class=\"footnote_referrer\"><a role=\"button\" tabindex=\"0\" onclick=\"footnote_moveToReference_16914_1('footnote_plugin_reference_16914_1_3');\" onkeypress=\"footnote_moveToReference_16914_1('footnote_plugin_reference_16914_1_3');\" ><sup id=\"footnote_plugin_tooltip_16914_1_3\" class=\"footnote_plugin_tooltip_text\">[3]<\/sup><\/a><span id=\"footnote_plugin_tooltip_text_16914_1_3\" class=\"footnote_tooltip\">Filimbi : \u00ab coup de sifflet \u00bb en swahili, est un mouvement citoyen non partisan r\u00e9unissant des organisations de jeunes mais \u00e9galement des activistes, artistes, entrepreneurs, cadres originaires&nbsp;&#x2026; <span class=\"footnote_tooltip_continue\"  onclick=\"footnote_moveToReference_16914_1('footnote_plugin_reference_16914_1_3');\">Continuer la lecture<\/span><\/span><\/span><script type=\"text\/javascript\"> jQuery('#footnote_plugin_tooltip_16914_1_3').tooltip({ tip: '#footnote_plugin_tooltip_text_16914_1_3', tipClass: 'footnote_tooltip', effect: 'fade', predelay: 0, fadeInSpeed: 200, delay: 400, fadeOutSpeed: 200, position: 'top center', relative: true, offset: [-7, 0], });<\/script>. C\u2019est en prison que je suis devenu membre de La lucha. <\/p>\n\n\n\n<p><strong>Combien de temps avez-vous pass\u00e9 en prison ? <\/strong> <\/p>\n\n\n\n<p>&#8211; J\u2019ai \u00e9t\u00e9 arr\u00eat\u00e9 le 15 mars 2015 et j\u2019ai \u00e9t\u00e9 lib\u00e9r\u00e9 le 26 ao\u00fbt 2016, donc 1 an et demi. <\/p>\n\n\n\n<p><strong>Quelles ont \u00e9t\u00e9 les conditions d\u2019emprisonnement pendant cette p\u00e9riode ? <\/strong> <\/p>\n\n\n\n<p>&#8211; On nous a arr\u00eat\u00e9s et conduits \u00e0 l\u2019Agence Nationale de Renseignement (ANR). On \u00e9tait en moyenne 40. Une fois sur place, on nous a s\u00e9par\u00e9s en 3 groupes. Fred <span class=\"footnote_referrer\"><a role=\"button\" tabindex=\"0\" onclick=\"footnote_moveToReference_16914_1('footnote_plugin_reference_16914_1_4');\" onkeypress=\"footnote_moveToReference_16914_1('footnote_plugin_reference_16914_1_4');\" ><sup id=\"footnote_plugin_tooltip_16914_1_4\" class=\"footnote_plugin_tooltip_text\">[4]<\/sup><\/a><span id=\"footnote_plugin_tooltip_text_16914_1_4\" class=\"footnote_tooltip\">Fred Bauma, membre de La Lucha, emprisonn\u00e9 avec Yves Makwambala.<\/span><\/span><script type=\"text\/javascript\"> jQuery('#footnote_plugin_tooltip_16914_1_4').tooltip({ tip: '#footnote_plugin_tooltip_text_16914_1_4', tipClass: 'footnote_tooltip', effect: 'fade', predelay: 0, fadeInSpeed: 200, delay: 400, fadeOutSpeed: 200, position: 'top center', relative: true, offset: [-7, 0], });<\/script> est rest\u00e9 au quartier g\u00e9n\u00e9ral (QG) et moi on m\u2019a envoy\u00e9 au cachot de l\u2019ANR. L\u00e0, j\u2019ai pass\u00e9 les 17 jours les plus horribles de ma vie. Je dormais par terre, dans une petite cellule. On \u00e9tait \u00e0 plus de 35, on mangeait une fois par jour seulement un bol de riz. C\u2019\u00e9tait la premi\u00e8re fois de ma vie que je voyais \u00e7a. Les gens se soulageaient dans un coin, on dormait par terre. Apr\u00e8s 6 jours, j\u2019ai pu avoir une brosse pour me brosser les dents et quand je l\u2019ai fait, j\u2019ai tellement saign\u00e9 de la bouche que \u00e7a m\u2019a fait peur. En moyenne, pour l\u2019ensemble des 200 d\u00e9tenus, on avait droit \u00e0 10-15 ou 20 minutes maximum de douche. C\u2019\u00e9tait juste : tu sors, tu prends un peu d\u2019eau et tu rentres dans ta cellule. Dans la mienne il y avait une fen\u00eatre avec des barres de fer. La seule lumi\u00e8re que j\u2019avais c\u2019\u00e9taient les rayons de soleil et les \u00e9toiles quand \u00e7a brillait la nuit. Je n\u2019avais pas le droit de voir ma famille, ni de voir un avocat, donc j\u2019\u00e9tais vraiment priv\u00e9 de tous mes droits. Chaque jour, nous avions 6-7 interrogatoires. J\u2019ai vraiment cru que j\u2019allais mourir l\u00e0-bas. A cause des insectes, ma peau \u00e9tait recouverte de boutons, je ne supportais pas les piq\u00fbres de ces b\u00eates. Chaque jour je priais pour sortir de l\u00e0-bas. J\u2019ai vu des personnes qui \u00e9taient tellement affam\u00e9es qu\u2019elles n\u2019avaient pas la force de se lever et marcher. <\/p>\n\n\n\n<p>Apr\u00e8s 17 jours, j\u2019ai \u00e9t\u00e9 transf\u00e9r\u00e9 au quartier g\u00e9n\u00e9ral de l\u2019ANR o\u00f9 \u00e9tait Fred. Ici, les conditions \u00e9taient meilleures : j\u2019avais un lit, de la nourriture et ma famille m\u2019avait achet\u00e9 des m\u00e9dicaments pour mes probl\u00e8mes de peau. C\u2019\u00e9tait un peu mieux.<br>\nApr\u00e8s 23 jours, j\u2019ai \u00e9t\u00e9 envoy\u00e9 au Parquet. Ensuite, j\u2019ai pass\u00e9 une journ\u00e9e dans la prison du Parquet, l\u2019AMIGO. Le cachot du Parquet \u00e9tait vraiment un lieu infect. Le premier lieu de d\u00e9tention \u00e9tait horrible mais ici c\u2019\u00e9tait encore pire en termes d\u2019hygi\u00e8ne. Je n\u2019avais m\u00eame pas le courage d\u2019aller me laver, tellement la douche \u00e9tait sale. <\/p>\n\n\n\n<p><strong>Quand avez-vous pu rencontrer votre camarade de La Lucha, Fred Bauma ? <\/strong> <\/p>\n\n\n\n<p>&#8211; Plus tard, j\u2019ai \u00e9t\u00e9 amen\u00e9 \u00e0 la prison de Makala et c\u2019est l\u00e0-bas que j\u2019ai rencontr\u00e9 mon camarade Fred. On avait \u00e9t\u00e9 arr\u00eat\u00e9s tous les deux pour nos activit\u00e9s de militants en faveur de la d\u00e9mocratie au sein de La Lucha. Mon avocat m\u2019avait dit qu si nous \u00e9tions condamn\u00e9s, nous serions en prison pour 15 \u00e0 30 ans. Fred et moi on \u00e9tait poursuivis pour 10 chefs d\u2019accusation : atteinte \u00e0 la vie et \u00e0 la suret\u00e9 du Chef de l\u2019Etat, haute trahison, mouvements insurrectionnels, ce sont des peines pour lesquelles la sanction est la peine de mort et la prison \u00e0 vie. Jusqu\u2019\u00e0 aujourd\u2019hui j\u2019ai ces charges qui p\u00e8sent lourd sur moi. <\/p>\n\n\n\n<p><strong>Et apr\u00e8s votre lib\u00e9ration en 2016, que s\u2019est-il pass\u00e9 ? <\/strong> <\/p>\n\n\n\n<p>&#8211; On m\u2019avait tout pris. Je n\u2019avais plus de passeport, plus de carte d\u2019identit\u00e9, j\u2019\u00e9tais un sans-papiers dans mon propre pays. J\u2019ai commenc\u00e9 les d\u00e9marches pour avoir mon passeport et ma carte d\u2019\u00e9lecteur qui fait office de pi\u00e8ce d\u2019identit\u00e9. C\u2019\u00e9tait un combat s\u00e9rieux. J\u2019ai d\u2019abord eu ma carte d\u2019\u00e9lecteur 3 mois apr\u00e8s ma lib\u00e9ration et mon passeport 6 \u00e0 7 mois apr\u00e8s. On a continu\u00e9 avec La Lucha, non pas par d\u00e9fi, mais par conviction et je crois que la libert\u00e9 provisoire qu\u2019on nous a accord\u00e9e c\u2019\u00e9tait juste un moyen d\u2019oppression de la part du gouvernement. En 2018, je suis venu en Belgique pour passer mes vacances de No\u00ebl et 3-4 jours avant mon d\u00e9part pour Kinshasa nous avons \u00e9t\u00e9 convoqu\u00e9s \u00e0 la Cour Supr\u00eame, concernant notre dossier. Quand on nous a encore relanc\u00e9s, j\u2019ai demand\u00e9 \u00e0 mon avocat d\u2019aller voir de quoi il s\u2019agissait. Il m\u2019a dit que la Cour allait statuer le 19 f\u00e9vrier 2018. Jusqu\u2019aujourd\u2019hui en 2020, la Cour n\u2019a jamais statu\u00e9.<br>\n<strong><br>\nDonc vous \u00eates tous les deux toujours en libert\u00e9 provisoire ? <\/strong> <\/p>\n\n\n\n<p>&#8211; Oui, juridiquement parlant, on est toujours en libert\u00e9 provisoire et on attend la d\u00e9cision de la justice. <\/p>\n\n\n\n<p><strong>Une fois que vous avez \u00e9t\u00e9 lib\u00e9r\u00e9s, vous avez repris contact avec La Lucha ?<\/strong><\/p>\n\n\n\n<p>&#8211; Oui, on a continu\u00e9 avec La Lucha et on a continu\u00e9 \u00e0 manifester. <\/p>\n\n\n\n<p><strong>Quel regard portez-vous sur cette exp\u00e9rience maintenant, avec du recul ? <\/strong> <\/p>\n\n\n\n<p>&#8211; De mani\u00e8re g\u00e9n\u00e9rale, toute cette exp\u00e9rience m\u2019a renforc\u00e9 dans le sens o\u00f9 j\u2019ai eu la confirmation que ce que je fais est bien. J\u2019ai \u00e9galement pu d\u00e9noncer les irr\u00e9gularit\u00e9s que j\u2019ai vues et j\u2019ai contribu\u00e9 ainsi indirectement \u00e0 l\u2019am\u00e9lioration des conditions d\u2019emprisonnement d\u2019autres d\u00e9tenus. Le simple fait de me dire que je peux parler et d\u00e9noncer certaines choses et que \u00e7a puisse changer la vie d\u2019au moins une ou deux personnes, alors pour moi, l\u2019essentiel est fait. <\/p>\n\n\n\n<p><strong>Vous continuez \u00e0 travailler avec La Lucha ? <\/strong> <\/p>\n\n\n\n<p>&#8211; Oui. Mon savoir technologique me permet d\u2019accentuer la communication et de soutenir l\u2019\u00e9quipe de communication en Europe et en RD Congo. Avec la connexion internet en Belgique, c\u2019est plus facile pour moi de d\u00e9velopper de nouvelles strat\u00e9gies, de nouveaux plans et de nouveaux canaux de communication. Ils permettent aux amis rest\u00e9s au pays de toucher une plus grande partie de la population congolaise. Nous, qui sommes en Europe, regardons quelles sont les applications pour permettre aussi \u00e0 d\u2019autres personnes de conna\u00eetre la lutte que m\u00e8ne La Lucha en interne, donc on fait aussi du plaidoyer et de la sensibilisation. <\/p>\n\n\n\n<p><strong>Quelles sont les priorit\u00e9s de La Lucha maintenant ? <\/strong> <\/p>\n\n\n\n<ul class=\"wp-block-list\"><li> Continuer \u00e0 sensibiliser plus de Congolais pour qu\u2019ils s\u2019impr\u00e8gnent et s\u2019impliquent davantage dans la vie sociopolitique en RDC ; <\/li><li> Former d\u2019autres jeunes pour assurer notre relais. On investit dans la nouvelle g\u00e9n\u00e9ration et aupr\u00e8s des jeunes qui sont pr\u00eats \u00e0 s\u2019engager. On les accompagne et on les pousse \u00e0 faire m\u00eame plus que nous. <\/li><\/ul>\n\n\n\n<p><strong>Vous organisez des actions avec les sympathisants de La Lucha qui sont bas\u00e9s en Europe ? <\/strong><\/p>\n\n\n\n<p>&#8211; Nous venons de lancer la section \u00ab Europe \u00bb qui r\u00e9unit deux pays : la France et la Belgique. Cela a commenc\u00e9 en France mais les deux pays forment une section pour l\u2019instant. On devait faire notre premi\u00e8re action, mais avec le confinement, elle a \u00e9t\u00e9 report\u00e9e. On r\u00e9fl\u00e9chit \u00e0 un plan d\u2019action r\u00e9parti en fonction des r\u00e9alit\u00e9s qui verront le jour et qui vont se d\u00e9gager au fil des mois, apr\u00e8s la crise COVID-19 pour voir<br>\ncomment nous allons organiser cela. <\/p>\n\n\n\n<p><strong>Comment peut-on s\u2019inspirer ici en Belgique des actions de La Lucha ? <\/strong> <\/p>\n\n\n\n<p>&#8211; Je pars du principe qu\u2019il y a un milliard d\u2019initiatives \u00e0 mettre en \u0153uvre. Par exemple, sur la question des in\u00e9galit\u00e9s sociales : pour certains\u00b7nes \u00e7a reste flou, pour d\u2019autres \u00e7a reste un tabou, pour certains\u00b7nes c\u2019est un p\u00e9ch\u00e9. Des actions de sensibilisation sur diff\u00e9rentes probl\u00e9matiques pourraient \u00eatre mises en place. <\/p>\n\n\n\n<p>L\u2019exemple de La Lucha et la r\u00e9silience de ses partisan\u00b7e\u00b7s face m\u00eame \u00e0 l\u2019emprisonnement pour leur engagement politique en faveur de la d\u00e9mocratie, nous montrent \u00e0 quel point chacun\u00b7e d\u2019entre nous est capable d\u2019insuffler des changements politiques importants. En tant que citoyen\u00b7ne\u00b7s que ce soit en RD Congo ou en Belgique, nous pouvons faire entendre nos voix et b\u00e2tir ensemble le socle d\u2019une soci\u00e9t\u00e9 plus juste et plus d\u00e9mocratique. <\/p>\n\n\n\n<p>La mobilisation de la jeunesse en RDC et les mouvements sociaux de contestation qui ont vu le jour ont permis d\u2019\u00e9veiller les consciences et d\u2019insuffler le changement politique souhait\u00e9 par la population. Ceci montre le r\u00f4le indispensable de la soci\u00e9t\u00e9 civile pour contrebalancer les pouvoirs politiques et l\u2019essor d\u2019une jeune g\u00e9n\u00e9ration congolaise en qu\u00eate du changement et dont les actions rayonnent et inspirent partout dans le monde.<br>\n<\/p>\n\n\n\n<p><strong>Yves Makwambala et Larisa Stanciu.<\/strong><br>\n<\/p>\n\n\n\n<figure class=\"wp-block-gallery columns-3 is-cropped wp-block-gallery-1 is-layout-flex wp-block-gallery-is-layout-flex\"><ul class=\"blocks-gallery-grid\"><li class=\"blocks-gallery-item\"><figure><img data-id=\"16913\" class=\"wp-image-16913\"\/><\/figure><\/li><li class=\"blocks-gallery-item\"><figure><img data-id=\"16913\" class=\"wp-image-16913\"\/><\/figure><\/li><\/ul><\/figure>\n\n\n\n<h2 class=\"wp-block-heading\">Documents joints<\/h2>\n\n\n\n<div class=\"wp-block-file\"><a href=\"http:\/\/demop.netbaz.be\/2021\/jp\/wp-content\/uploads\/2020\/07\/pdf_2020_analyse_le_pouvoir_c_est_nous_ou_quand_la_jeunesse_se_mobilise_en_rd_congo.pdf\">Le pouvoir c&rsquo;est nous ou quand la jeunesse se mobilise en RD Congo<\/a><\/div>\n<div class=\"speaker-mute footnotes_reference_container\"> <div class=\"footnote_container_prepare\"><p><span role=\"button\" tabindex=\"0\" class=\"footnote_reference_container_label pointer\" onclick=\"footnote_expand_collapse_reference_container_16914_1();\">Notes<\/span><span role=\"button\" tabindex=\"0\" class=\"footnote_reference_container_collapse_button\" style=\"display: none;\" onclick=\"footnote_expand_collapse_reference_container_16914_1();\">[<a id=\"footnote_reference_container_collapse_button_16914_1\">+<\/a>]<\/span><\/p><\/div> <div id=\"footnote_references_container_16914_1\" style=\"\"><table class=\"footnotes_table footnote-reference-container\"><caption class=\"accessibility\">Notes<\/caption> <tbody> \r\n\r\n<tr class=\"footnotes_plugin_reference_row\"> <th scope=\"row\" id=\"footnote_plugin_reference_16914_1_1\" class=\"footnote_plugin_index pointer\" onclick=\"footnote_moveToAnchor_16914_1('footnote_plugin_tooltip_16914_1_1');\"><a role=\"button\" tabindex=\"0\" class=\"footnote_plugin_link\" ><span class=\"footnote_index_arrow\">&#8593;<\/span>1<\/a><\/th> <td class=\"footnote_plugin_text\">Une jeunesse africaine en qu\u00eate de changement, GRIP, 2017, p. 91.<\/td><\/tr>\r\n\r\n<tr class=\"footnotes_plugin_reference_row\"> <th scope=\"row\" id=\"footnote_plugin_reference_16914_1_2\" class=\"footnote_plugin_index pointer\" onclick=\"footnote_moveToAnchor_16914_1('footnote_plugin_tooltip_16914_1_2');\"><a role=\"button\" tabindex=\"0\" class=\"footnote_plugin_link\" ><span class=\"footnote_index_arrow\">&#8593;<\/span>2<\/a><\/th> <td class=\"footnote_plugin_text\">Une jeunesse africaine en qu\u00eate de changement, GRIP, 2017, p.95.<\/td><\/tr>\r\n\r\n<tr class=\"footnotes_plugin_reference_row\"> <th scope=\"row\" id=\"footnote_plugin_reference_16914_1_3\" class=\"footnote_plugin_index pointer\" onclick=\"footnote_moveToAnchor_16914_1('footnote_plugin_tooltip_16914_1_3');\"><a role=\"button\" tabindex=\"0\" class=\"footnote_plugin_link\" ><span class=\"footnote_index_arrow\">&#8593;<\/span>3<\/a><\/th> <td class=\"footnote_plugin_text\"><a href=\"https:\/\/www.frontlinedefenders.org\/fr\/profile\/filimbi\">Filimbi<\/a> : \u00ab coup de sifflet \u00bb en swahili, est un mouvement citoyen non partisan r\u00e9unissant des organisations de jeunes mais \u00e9galement des activistes, artistes, entrepreneurs, cadres originaires de la R\u00e9publique D\u00e9mocratique du Congo.<\/td><\/tr>\r\n\r\n<tr class=\"footnotes_plugin_reference_row\"> <th scope=\"row\" id=\"footnote_plugin_reference_16914_1_4\" class=\"footnote_plugin_index pointer\" onclick=\"footnote_moveToAnchor_16914_1('footnote_plugin_tooltip_16914_1_4');\"><a role=\"button\" tabindex=\"0\" class=\"footnote_plugin_link\" ><span class=\"footnote_index_arrow\">&#8593;<\/span>4<\/a><\/th> <td class=\"footnote_plugin_text\">Fred Bauma, membre de La Lucha, emprisonn\u00e9 avec Yves Makwambala.<\/td><\/tr>\r\n\r\n <\/tbody> <\/table> <\/div><\/div><script type=\"text\/javascript\"> function footnote_expand_reference_container_16914_1() { jQuery('#footnote_references_container_16914_1').show(); jQuery('#footnote_reference_container_collapse_button_16914_1').text('\u2212'); } function footnote_collapse_reference_container_16914_1() { jQuery('#footnote_references_container_16914_1').hide(); jQuery('#footnote_reference_container_collapse_button_16914_1').text('+'); } function footnote_expand_collapse_reference_container_16914_1() { if (jQuery('#footnote_references_container_16914_1').is(':hidden')) { footnote_expand_reference_container_16914_1(); } else { footnote_collapse_reference_container_16914_1(); } } function footnote_moveToReference_16914_1(p_str_TargetID) { footnote_expand_reference_container_16914_1(); var l_obj_Target = jQuery('#' + p_str_TargetID); if (l_obj_Target.length) { jQuery( 'html, body' ).delay( 0 ); jQuery('html, body').animate({ scrollTop: l_obj_Target.offset().top - window.innerHeight * 0.2 }, 380); } } function footnote_moveToAnchor_16914_1(p_str_TargetID) { footnote_expand_reference_container_16914_1(); var l_obj_Target = jQuery('#' + p_str_TargetID); if (l_obj_Target.length) { jQuery( 'html, body' ).delay( 0 ); jQuery('html, body').animate({ scrollTop: l_obj_Target.offset().top - window.innerHeight * 0.2 }, 380); } }<\/script>","protected":false},"excerpt":{"rendered":"<p>Apr\u00e8s une histoire marqu\u00e9e par le colonialisme et des dictatures qui se sont encha\u00een\u00e9es les unes apr\u00e8s les autres, la jeunesse congolaise a pris son destin en main, d\u00e9sireuse de reprendre le flambeau et d\u2019exiger plus de libert\u00e9s de ses dirigeants politiques. Le foisonnement de cette jeunesse en qu\u00eate d\u2019une vraie d\u00e9mocratie a culmin\u00e9 dans [&hellip;]<\/p>\n","protected":false},"author":57,"featured_media":16913,"comment_status":"closed","ping_status":"open","sticky":false,"template":"","format":"standard","meta":{"_acf_changed":false,"_seopress_robots_primary_cat":"","_seopress_titles_title":"","_seopress_titles_desc":"","_seopress_robots_index":"","footnotes":""},"categories":[2722],"tags":[2809,2795,2802,2835,2810,2792,2793],"class_list":["post-16914","post","type-post","status-publish","format-standard","has-post-thumbnail","hentry","category-articles-nos-publications","tag-actions-citoyennes","tag-article","tag-bonne-gouvernance","tag-democratie","tag-non-violence","tag-rd-congo","tag-societe-civile"],"acf":[],"_links":{"self":[{"href":"https:\/\/www.justicepaix.be\/en\/wp-json\/wp\/v2\/posts\/16914","targetHints":{"allow":["GET"]}}],"collection":[{"href":"https:\/\/www.justicepaix.be\/en\/wp-json\/wp\/v2\/posts"}],"about":[{"href":"https:\/\/www.justicepaix.be\/en\/wp-json\/wp\/v2\/types\/post"}],"author":[{"embeddable":true,"href":"https:\/\/www.justicepaix.be\/en\/wp-json\/wp\/v2\/users\/57"}],"replies":[{"embeddable":true,"href":"https:\/\/www.justicepaix.be\/en\/wp-json\/wp\/v2\/comments?post=16914"}],"version-history":[{"count":0,"href":"https:\/\/www.justicepaix.be\/en\/wp-json\/wp\/v2\/posts\/16914\/revisions"}],"wp:featuredmedia":[{"embeddable":true,"href":"https:\/\/www.justicepaix.be\/en\/wp-json\/wp\/v2\/media\/16913"}],"wp:attachment":[{"href":"https:\/\/www.justicepaix.be\/en\/wp-json\/wp\/v2\/media?parent=16914"}],"wp:term":[{"taxonomy":"category","embeddable":true,"href":"https:\/\/www.justicepaix.be\/en\/wp-json\/wp\/v2\/categories?post=16914"},{"taxonomy":"post_tag","embeddable":true,"href":"https:\/\/www.justicepaix.be\/en\/wp-json\/wp\/v2\/tags?post=16914"}],"curies":[{"name":"wp","href":"https:\/\/api.w.org\/{rel}","templated":true}]}}