{"id":16908,"date":"2020-06-30T15:13:00","date_gmt":"2020-06-30T15:13:00","guid":{"rendered":"https:\/\/demop.netbaz.be\/2021\/jp\/2020\/06\/30\/l-evolution-des-soins-de-sante-en-rd-congo-de-1960-a-ce-jour\/"},"modified":"2021-07-06T14:18:50","modified_gmt":"2021-07-06T12:18:50","slug":"the-evolution-of-health-care-in-the-dr-congo-from-1960-to-date","status":"publish","type":"post","link":"https:\/\/www.justicepaix.be\/en\/l-evolution-des-soins-de-sante-en-rd-congo-de-1960-a-ce-jour\/","title":{"rendered":"The evolution of health care in DR Congo from 1960 to date"},"content":{"rendered":"\n<p class=\"post_excerpt\">La R\u00e9publique D\u00e9mocratique du Congo (RD Congo) f\u00eate d\u00e9j\u00e0 cette ann\u00e9e son 60\u00e8me anniversaire, telle une personne entrant dans le troisi\u00e8me \u00e2ge. C\u2019est donc l\u2019occasion de poser son regard sur l\u2019histoire de ce grand pays, en vue d\u2019envisager un meilleur avenir. Le regard que nous proposons fait d\u00e9lib\u00e9r\u00e9ment le choix de se focaliser sur les aspects positifs qui, malgr\u00e9 les probl\u00e8mes sociopolitiques qui ont longuement emp\u00each\u00e9 le d\u00e9collage du pays, ont permis \u00e0 la population de survivre et m\u00eame d\u2019envisager un futur plus favorable. Dans la mesure o\u00f9 l\u2019on ne peut parler de tous les secteurs de mani\u00e8re exhaustive, notre r\u00e9flexion se focalisera principalement sur le syst\u00e8me de sant\u00e9.<br>\n<doc3116|left><\/doc3116|left><\/p>\n\n\n\n<p><br>\nLa RD Congo est un pays tr\u00e8s vaste subdivis\u00e9 en 26 provinces et 145 territoires pour une population de 95.784.841 habitants en 2019. Notre r\u00e9flexion privil\u00e9giera l\u2019Est de ce pays, bien que pour les mutuelles nous citerons quelques r\u00e9gions les ayant d\u00e9j\u00e0 implant\u00e9es. En parlant du syst\u00e8me sanitaire congolais, nous subdiviserons l\u2019histoire en deux importantes p\u00e9riodes qui sont : celle de 1960 \u00e0 1989 et celle de 1990 \u00e0 nos jours. Ces deux p\u00e9riodes d\u00e9crivent en effet mieux le contexte g\u00e9n\u00e9ral du pays, en particulier les \u00e9volutions dans le domaine clef de la sant\u00e9.<\/p>\n\n\n\n<!--more-->\n\n\n\n<p><bloc> Historique sanitaire apr\u00e8s l\u2019ind\u00e9pendance de la RD Congo<\/bloc><\/p>\n\n\n\n<p>Apr\u00e8s l&rsquo;ind\u00e9pendance congolaise, le pays a h\u00e9rit\u00e9 des bienfaits de l&rsquo;\u00e9poque coloniale dans plusieurs domaines. Par exemple dans les domaines de la sant\u00e9 publique et financier. Les h\u00f4pitaux continuaient \u00e0 \u00eatre g\u00e9r\u00e9s par l\u2019\u00c9tat. Le pays a profit\u00e9 \u00e9galement d\u2019une d\u00e9mographie ma\u00eetrisable en 1960 soit 13,5 millions d\u2019habitants le 30\/06\/1960, et donc d\u2019une faible pression sur le budget de l&rsquo;\u00c9tat. Il y avait peu d\u2019infrastructures hospitali\u00e8res, d\u2019universit\u00e9s et d\u2019instituts sup\u00e9rieurs proposant des options m\u00e9dicales ; et celles-ci \u00e9taient in\u00e9galement r\u00e9parties sur le territoire national. Les familles devaient d\u00e9placer leurs enfants pour qu\u2019ils aillent \u00e9tudier \u00e0 l\u2019Universit\u00e9 de Kinshasa, de Lubumbashi ou de Kisangani.<\/p>\n\n\n\n<p>Au d\u00e9but des ann\u00e9es 1970, de nombreuses crises politiques, sociales et \u00e9conomiques, se sont succ\u00e9d\u00e9 d\u00e9truisant ainsi l&rsquo;appareil de sant\u00e9 publique national impact\u00e9 par des probl\u00e8mes de financement. Pour les investisseurs priv\u00e9s, cette tendance a \u00e9t\u00e9 l&rsquo;occasion d&rsquo;exploiter et de lancer leurs formations sanitaires sur la seule base de calculs \u00e9conomiques, b\u00e9n\u00e9ficiant du vide r\u00e9glementaire cr\u00e9\u00e9 <span class=\"footnote_referrer\"><a role=\"button\" tabindex=\"0\" onclick=\"footnote_moveToReference_16908_1('footnote_plugin_reference_16908_1_1');\" onkeypress=\"footnote_moveToReference_16908_1('footnote_plugin_reference_16908_1_1');\" ><sup id=\"footnote_plugin_tooltip_16908_1_1\" class=\"footnote_plugin_tooltip_text\">[1]<\/sup><\/a><span id=\"footnote_plugin_tooltip_text_16908_1_1\" class=\"footnote_tooltip\">RIAC-MCM; RDC-ITM Anvers. Il s\u2019agit d\u2019un s\u00e9minaire national de r\u00e9flexions sur les reformes sanitaires qui avait eu lieu en RDC (Rapport final Kinshasa 26-27\/10\/2002, page 7). National Seminar,&nbsp;&#x2026; <span class=\"footnote_tooltip_continue\"  onclick=\"footnote_moveToReference_16908_1('footnote_plugin_reference_16908_1_1');\">Continuer la lecture<\/span><\/span><\/span><script type=\"text\/javascript\"> jQuery('#footnote_plugin_tooltip_16908_1_1').tooltip({ tip: '#footnote_plugin_tooltip_text_16908_1_1', tipClass: 'footnote_tooltip', effect: 'fade', predelay: 0, fadeInSpeed: 200, delay: 400, fadeOutSpeed: 200, position: 'top center', relative: true, offset: [-7, 0], });<\/script>. Cette tendance a nui \u00e0 l&rsquo;\u00e9quit\u00e9 et \u00e0 l&rsquo;acc\u00e8s au syst\u00e8me de soins congolais <span class=\"footnote_referrer\"><a role=\"button\" tabindex=\"0\" onclick=\"footnote_moveToReference_16908_1('footnote_plugin_reference_16908_1_2');\" onkeypress=\"footnote_moveToReference_16908_1('footnote_plugin_reference_16908_1_2');\" ><sup id=\"footnote_plugin_tooltip_16908_1_2\" class=\"footnote_plugin_tooltip_text\">[2]<\/sup><\/a><span id=\"footnote_plugin_tooltip_text_16908_1_2\" class=\"footnote_tooltip\">National Seminar, 2002; PNDS, 2010.<\/span><\/span><script type=\"text\/javascript\"> jQuery('#footnote_plugin_tooltip_16908_1_2').tooltip({ tip: '#footnote_plugin_tooltip_text_16908_1_2', tipClass: 'footnote_tooltip', effect: 'fade', predelay: 0, fadeInSpeed: 200, delay: 400, fadeOutSpeed: 200, position: 'top center', relative: true, offset: [-7, 0], });<\/script>.  <\/p>\n\n\n\n<p>Au cours des ann\u00e9es 80, le pays a \u00e9t\u00e9 confront\u00e9 \u00e0 de multiples d\u00e9fis. Les fonds pr\u00e9c\u00e9demment emprunt\u00e9s aupr\u00e8s des divers donateurs ont atteint leur terme et n&rsquo;ont pas pu \u00eatre renouvel\u00e9s (au niveau international, le soutien public aux secteurs sociaux baisse, et ceux-ci sont soumis aux m\u00eames contraintes de performance que les organisations priv\u00e9es). De plus, les fonds n\u2019auraient malheureusement pas \u00e9t\u00e9 soigneusement plac\u00e9s dans des domaines rentables, mais le plus souvent d\u00e9tourn\u00e9s. <\/p>\n\n\n\n<p>A partir des ann\u00e9es 90, le secteur de la sant\u00e9 a connu un v\u00e9ritable bouleversement car la plupart des bailleurs de fonds ont cess\u00e9 leur soutien en raison de crises sociopolitiques r\u00e9guli\u00e8res.<br>\nCeci a amen\u00e9 les m\u00e9nages \u00e0 supporter la quasi-totalit\u00e9 de la charge financi\u00e8re des services de sant\u00e9. Cet apport des foyers, n\u00e9cessaire pour la prise en charge des patients, a constitu\u00e9 un r\u00e9el obstacle pour acc\u00e9der aux soins de sant\u00e9. Le conflit politico-s\u00e9curitaire des ann\u00e9es 90 a donc impact\u00e9 le syst\u00e8me de sant\u00e9 dans son ensemble. En revanche, la d\u00e9mographie \u00e9tait, elle, galopante.<br>\n<\/p>\n\n\n\n<p><bloc> Des \u00e9volutions positives dans le syst\u00e8me de sant\u00e9 de 1980 \u00e0 nos jours.  L\u2019exemple du Sud-Kivu <\/bloc><\/p>\n\n\n\n<p>Dans ce contexte difficile, des progr\u00e8s importants ont pourtant \u00e9t\u00e9 r\u00e9alis\u00e9s. En 1980, le pays a adopt\u00e9 la <a href=\"https:\/\/www.who.int\/topics\/primary_health_care\/alma_ata_declaration\/fr\/\">charte d\u2019Alma Ata sur les soins de sant\u00e9 primaires<\/a>. Le Ministre de la sant\u00e9 a \u00e9galement lanc\u00e9 un appel pour que les \u00c9glises et les organisations non gouvernementales (ONG) puissent l&rsquo;aider \u00e0 redresser le niveau sanitaire du pays. Ainsi, en 1982, l\u2019\u00c9glise Catholique cr\u00e9a le <a href=\"https:\/\/www.rtbf.be\/lapremiere\/emissions\/detail_la-carte-des-belges-du-bout-du-monde\/accueil\/article_congo-rdc-maria-masson-responsable-de-l-action-medicale-du-bureau-diocesain-des-oeuvres-medicales-de-bukavu?id=10161681&amp;programId=14545\">Bureau des \u0152uvres M\u00e9dicales actuel <em>Bureau Dioc\u00e9sain des \u0152uvres M\u00e9dicales<\/em> (BDOM), coordonn\u00e9 par Maria Masson<\/a>  qui a restructur\u00e9 les zones de sant\u00e9. Au d\u00e9but, il y avait 2 zones de sant\u00e9, 3 h\u00f4pitaux fonctionnels, et aucune structure sanitaire dans les zones les plus recul\u00e9es. Par exemple sur l\u2019\u00eele d\u2019Idjwi, avec 60.000 habitants, il n\u2019y avait ni h\u00f4pital ni centre de sant\u00e9 valable.<\/p>\n\n\n\n<p>30 ans apr\u00e8s, un h\u00f4pital g\u00e9n\u00e9ral de r\u00e9f\u00e9rence, 2 centres hospitaliers et environ 15 centres de sant\u00e9 ont \u00e9t\u00e9 \u00e9rig\u00e9s. 10 m\u00e9decins et plus de 40 infirmi\u00e8res y travaillent \u00e0 temps plein. Au Sud-Kivu, l\u2019Eglise Catholique a construit plus de 65 centres de sant\u00e9, 27 maternit\u00e9s et 12 h\u00f4pitaux de r\u00e9f\u00e9rence et centres hospitaliers qui prennent en charge une population de plus de deux millions d\u2019habitants. Il faut ajouter aussi l\u2019intervention du BDOM dans plus de 26 Zones de Sant\u00e9 de la province du Sud-Kivu sur les 34 Zones de Sant\u00e9, dont 12 sont sous gestion du BDOM en collaboration avec l\u2019\u00c9tat.<\/p>\n\n\n\n<p>Actuellement, \u00e0 l\u2019Est de la RD Congo on compte, dans le domaine m\u00e9dical, la pr\u00e9sence de plus de 30% de femmes m\u00e9decins occupant des postes \u00e0 responsabilit\u00e9s (directrices, chefs de zones ou m\u00e9decins sp\u00e9cialistes) et plusieurs infirmi\u00e8res par rapport aux ann\u00e9es 60.<\/p>\n\n\n\n<p>L\u2019Est de la RD Congo est aussi parmi les premi\u00e8res r\u00e9gions \u00e0 mettre en place le syst\u00e8me des mutuelles de sant\u00e9 afin de faciliter l\u2019acc\u00e8s de toute la population aux soins de sant\u00e9 \u00e0 travers un dispositif qui rend la solidarit\u00e9 active et structurelle. En vue d\u2019assurer la s\u00e9curit\u00e9 transfusionnelle et de garantir \u00e0 la population un sang de transfusion de qualit\u00e9, le Sud-Kivu a \u00e9galement initi\u00e9 en 1994 une amicale des donneurs b\u00e9n\u00e9voles de sang. Ceci fait de cette province un mod\u00e8le dans ce domaine.<\/p>\n\n\n\n<p>Vers 1990, des universit\u00e9s priv\u00e9es ont vu le jour dans plusieurs provinces de la RDC. Leur av\u00e8nement a permis \u00e0 beaucoup d\u2019enfants d\u2019\u00e9tudier pr\u00e8s de leur domicile et \u00e0 un nombre \u00e9lev\u00e9 de jeunes filles d\u2019aller \u00e0 l\u2019universit\u00e9. C\u2019est ainsi qu\u2019au Sud-Kivu, l\u2019Universit\u00e9 Catholique de Bukavu (UCB) b\u00e9n\u00e9ficiant du soutien de l\u2019UCLouvain a permis l\u2019augmentation du nombre des jeunes m\u00e9decins.<\/p>\n\n\n\n<p>Les mutuelles de sant\u00e9, dont la pr\u00e9sence a permis d\u2019am\u00e9liorer sensiblement l\u2019acc\u00e8s aux soins pour les populations les plus pauvres, comme expliqu\u00e9 pr\u00e9c\u00e9demment, se sont \u00e9galement constitu\u00e9es mais cette fois-ci sur une grande \u00e9tendue de la RD Congo gr\u00e2ce \u00e0 la mise en place des structures d\u2019accompagnement de proximit\u00e9 en province. Ce <a href=\"https:\/\/www.cgatrdc.com\/index.php\/fr\/\">Programme National de Promotion des Mutuelles de Sant\u00e9 <\/a>a \u00e9t\u00e9 initi\u00e9 en mai 2010 en collaboration avec des partenaires techniques et financiers. Elles se sont install\u00e9es progressivement dans les provinces telles que Kinshasa, Congo-Central, \u00c9quateur et Nord-Kivu (Goma et Butembo.<br>\nOn pourrait conclure en disant que, le secteur priv\u00e9 a permis le rajeunissement des m\u00e9decins et enseignants, tout comme la meilleure participation des femmes dans la gouvernance sanitaire.<br>\n<\/p>\n\n\n\n<p><bloc> Et demain ?<\/bloc><\/p>\n\n\n\n<p>Il s\u2019agit sans aucun doute de progr\u00e8s importants. Pourtant, \u00e0 bien y r\u00e9fl\u00e9chir, tout en soulignant que de telles \u00e9volutions sont sensibles et significatives, on ne peut fermer les yeux sur un certain nombre de questions d\u2019importance pour l\u2019avenir. Par exemple, on doit se demander s\u2019il est vraiment prometteur que le d\u00e9veloppement d\u2019un secteur aussi important que celui de la sant\u00e9 ait \u00e9t\u00e9 essentiellement fa\u00e7onn\u00e9 par des initiatives et des fonds priv\u00e9s relevant pour l\u2019essentiel de l\u2019aide internationale et des efforts caritatifs et confessionnels. Ces appuis ext\u00e9rieurs ne contribuent-ils pas \u00e0 disqualifier l\u2019\u00c9tat dans son r\u00f4le de garant du syst\u00e8me de sant\u00e9 ? En RD Congo, notamment au Sud-Kivu, on peut m\u00eame aller plus loin et se demander s\u00e9rieusement si ces efforts priv\u00e9s ne sont pas en r\u00e9alit\u00e9 un soutien aux dysfonctionnements et d\u00e9r\u00e8glements des services publics de sant\u00e9, les acteurs publics se demandant, parfois en toute bonne foi s\u2019il faut agir l\u00e0 o\u00f9 d\u2019autres agissent d\u00e9j\u00e0 efficacement. Car la sant\u00e9 d\u2019un Peuple ne peut d\u00e9pendre uniquement des bonnes volont\u00e9s ni de l\u2019initiative d\u2019acteurs priv\u00e9s, moins encore de la charit\u00e9 de g\u00e9n\u00e9reux donateurs \u00e9trangers. Pas plus d\u2019ailleurs que d\u2019autres secteurs comme l\u2019\u00e9ducation, la s\u00e9curit\u00e9, etc. qui sont de plus en plus abandonn\u00e9s aux mains des acteurs priv\u00e9s. <\/p>\n\n\n\n<p>Cette r\u00e9flexion sugg\u00e8re imm\u00e9diatement une piste d\u2019am\u00e9lioration qui devrait absolument compl\u00e9ter les efforts engag\u00e9s : comment, tout en contribuant au d\u00e9veloppement et \u00e0 la bonne marche du syst\u00e8me de sant\u00e9, le secteur priv\u00e9 national peut-il aussi s\u2019attacher \u00e0 d\u00e9velopper la capacit\u00e9 et l\u2019efficacit\u00e9 du secteur public de la sant\u00e9 ? Comment le secteur priv\u00e9 congolais peut-il renforcer significativement l\u2019\u00c9tat dans ses politiques, investissements et initiatives sanitaires ? Comment, de son c\u00f4t\u00e9, la soci\u00e9t\u00e9 civile peut-elle monter en puissance pour orienter et contr\u00f4ler les initiatives sanitaires, qu\u2019elles soient publiques ou priv\u00e9es ? A d\u00e9faut, la sant\u00e9 des Congolais ne risque-t-elle pas d\u2019\u00eatre livr\u00e9e aux int\u00e9r\u00eats priv\u00e9s ?<br>\n<\/p>\n\n\n\n<p><strong>Esther Kalulu Bunguke &amp; Philippe De Leener.<\/strong><br>\n<\/p>\n\n\n\n<figure class=\"wp-block-gallery columns-3 is-cropped wp-block-gallery-1 is-layout-flex wp-block-gallery-is-layout-flex\"><ul class=\"blocks-gallery-grid\"><li class=\"blocks-gallery-item\"><figure><a href=\"https:\/\/www.justicepaix.be\/wp-content\/uploads\/2020\/07\/jpg_credit_isabelle_cartoux_flickr.jpg\"><img fetchpriority=\"high\" decoding=\"async\" width=\"2048\" height=\"1367\" src=\"https:\/\/www.justicepaix.be\/wp-content\/uploads\/2020\/07\/jpg_credit_isabelle_cartoux_flickr.jpg\" alt=\"credit_isabelle_cartoux_flickr.jpg\" data-id=\"16910\" class=\"wp-image-16910\" srcset=\"https:\/\/www.justicepaix.be\/wp-content\/uploads\/2020\/07\/jpg_credit_isabelle_cartoux_flickr.jpg 2048w, https:\/\/www.justicepaix.be\/wp-content\/uploads\/2020\/07\/jpg_credit_isabelle_cartoux_flickr-300x200.jpg 300w, https:\/\/www.justicepaix.be\/wp-content\/uploads\/2020\/07\/jpg_credit_isabelle_cartoux_flickr-1024x684.jpg 1024w, https:\/\/www.justicepaix.be\/wp-content\/uploads\/2020\/07\/jpg_credit_isabelle_cartoux_flickr-768x513.jpg 768w, https:\/\/www.justicepaix.be\/wp-content\/uploads\/2020\/07\/jpg_credit_isabelle_cartoux_flickr-1536x1025.jpg 1536w\" sizes=\"(max-width: 2048px) 100vw, 2048px\" \/><\/a><\/figure><\/li><li class=\"blocks-gallery-item\"><figure><a href=\"https:\/\/www.justicepaix.be\/wp-content\/uploads\/2020\/07\/jpg_credit_isabelle_cartoux_flickr.jpg\"><img fetchpriority=\"high\" decoding=\"async\" width=\"2048\" height=\"1367\" src=\"https:\/\/www.justicepaix.be\/wp-content\/uploads\/2020\/07\/jpg_credit_isabelle_cartoux_flickr.jpg\" alt=\"credit_isabelle_cartoux_flickr.jpg\" data-id=\"16910\" class=\"wp-image-16910\" srcset=\"https:\/\/www.justicepaix.be\/wp-content\/uploads\/2020\/07\/jpg_credit_isabelle_cartoux_flickr.jpg 2048w, https:\/\/www.justicepaix.be\/wp-content\/uploads\/2020\/07\/jpg_credit_isabelle_cartoux_flickr-300x200.jpg 300w, https:\/\/www.justicepaix.be\/wp-content\/uploads\/2020\/07\/jpg_credit_isabelle_cartoux_flickr-1024x684.jpg 1024w, https:\/\/www.justicepaix.be\/wp-content\/uploads\/2020\/07\/jpg_credit_isabelle_cartoux_flickr-768x513.jpg 768w, https:\/\/www.justicepaix.be\/wp-content\/uploads\/2020\/07\/jpg_credit_isabelle_cartoux_flickr-1536x1025.jpg 1536w\" sizes=\"(max-width: 2048px) 100vw, 2048px\" \/><\/a><\/figure><\/li><\/ul><\/figure>\n\n\n\n<h2 class=\"wp-block-heading\">Documents joints<\/h2>\n\n\n\n<div class=\"wp-block-file\"><a href=\"http:\/\/demop.netbaz.be\/2021\/jp\/wp-content\/uploads\/2020\/07\/pdf_2020_analyse_l_evolution_des_soins_de_sante_en_rd_congo_de_1960_a_ce_jour.pdf\">L&rsquo;\u00e9volution des soins de sant\u00e9 en RD Congo de 1960 \u00e0 ce jour<\/a><\/div>\n<div class=\"speaker-mute footnotes_reference_container\"> <div class=\"footnote_container_prepare\"><p><span role=\"button\" tabindex=\"0\" class=\"footnote_reference_container_label pointer\" onclick=\"footnote_expand_collapse_reference_container_16908_1();\">Notes<\/span><span role=\"button\" tabindex=\"0\" class=\"footnote_reference_container_collapse_button\" style=\"display: none;\" onclick=\"footnote_expand_collapse_reference_container_16908_1();\">[<a id=\"footnote_reference_container_collapse_button_16908_1\">+<\/a>]<\/span><\/p><\/div> <div id=\"footnote_references_container_16908_1\" style=\"\"><table class=\"footnotes_table footnote-reference-container\"><caption class=\"accessibility\">Notes<\/caption> <tbody> \r\n\r\n<tr class=\"footnotes_plugin_reference_row\"> <th scope=\"row\" id=\"footnote_plugin_reference_16908_1_1\" class=\"footnote_plugin_index pointer\" onclick=\"footnote_moveToAnchor_16908_1('footnote_plugin_tooltip_16908_1_1');\"><a role=\"button\" tabindex=\"0\" class=\"footnote_plugin_link\" ><span class=\"footnote_index_arrow\">&#8593;<\/span>1<\/a><\/th> <td class=\"footnote_plugin_text\">RIAC-MCM; RDC-ITM Anvers. Il s\u2019agit d\u2019un s\u00e9minaire national de r\u00e9flexions sur les reformes sanitaires qui avait eu lieu en RDC (Rapport final Kinshasa 26-27\/10\/2002, page 7). National Seminar, 2002; PNDS, 2010.<\/td><\/tr>\r\n\r\n<tr class=\"footnotes_plugin_reference_row\"> <th scope=\"row\" id=\"footnote_plugin_reference_16908_1_2\" class=\"footnote_plugin_index pointer\" onclick=\"footnote_moveToAnchor_16908_1('footnote_plugin_tooltip_16908_1_2');\"><a role=\"button\" tabindex=\"0\" class=\"footnote_plugin_link\" ><span class=\"footnote_index_arrow\">&#8593;<\/span>2<\/a><\/th> <td class=\"footnote_plugin_text\">National Seminar, 2002; PNDS, 2010.<\/td><\/tr>\r\n\r\n <\/tbody> <\/table> <\/div><\/div><script type=\"text\/javascript\"> function footnote_expand_reference_container_16908_1() { jQuery('#footnote_references_container_16908_1').show(); jQuery('#footnote_reference_container_collapse_button_16908_1').text('\u2212'); } function footnote_collapse_reference_container_16908_1() { jQuery('#footnote_references_container_16908_1').hide(); jQuery('#footnote_reference_container_collapse_button_16908_1').text('+'); } function footnote_expand_collapse_reference_container_16908_1() { if (jQuery('#footnote_references_container_16908_1').is(':hidden')) { footnote_expand_reference_container_16908_1(); } else { footnote_collapse_reference_container_16908_1(); } } function footnote_moveToReference_16908_1(p_str_TargetID) { footnote_expand_reference_container_16908_1(); var l_obj_Target = jQuery('#' + p_str_TargetID); if (l_obj_Target.length) { jQuery( 'html, body' ).delay( 0 ); jQuery('html, body').animate({ scrollTop: l_obj_Target.offset().top - window.innerHeight * 0.2 }, 380); } } function footnote_moveToAnchor_16908_1(p_str_TargetID) { footnote_expand_reference_container_16908_1(); var l_obj_Target = jQuery('#' + p_str_TargetID); if (l_obj_Target.length) { jQuery( 'html, body' ).delay( 0 ); jQuery('html, body').animate({ scrollTop: l_obj_Target.offset().top - window.innerHeight * 0.2 }, 380); } }<\/script>","protected":false},"excerpt":{"rendered":"<p>La R\u00e9publique D\u00e9mocratique du Congo (RD Congo) f\u00eate d\u00e9j\u00e0 cette ann\u00e9e son 60\u00e8me anniversaire, telle une personne entrant dans le troisi\u00e8me \u00e2ge. C\u2019est donc l\u2019occasion de poser son regard sur l\u2019histoire de ce grand pays, en vue d\u2019envisager un meilleur avenir. Le regard que nous proposons fait d\u00e9lib\u00e9r\u00e9ment le choix de se focaliser sur les [&hellip;]<\/p>\n","protected":false},"author":57,"featured_media":16910,"comment_status":"closed","ping_status":"open","sticky":false,"template":"","format":"standard","meta":{"_acf_changed":false,"_seopress_robots_primary_cat":"","_seopress_titles_title":"","_seopress_titles_desc":"","_seopress_robots_index":"","footnotes":""},"categories":[2722],"tags":[2831,2795,2802,2824,2792],"class_list":["post-16908","post","type-post","status-publish","format-standard","has-post-thumbnail","hentry","category-articles-nos-publications","tag-acteurs-economiques","tag-article","tag-bonne-gouvernance","tag-droits-humains","tag-rd-congo"],"acf":[],"_links":{"self":[{"href":"https:\/\/www.justicepaix.be\/en\/wp-json\/wp\/v2\/posts\/16908","targetHints":{"allow":["GET"]}}],"collection":[{"href":"https:\/\/www.justicepaix.be\/en\/wp-json\/wp\/v2\/posts"}],"about":[{"href":"https:\/\/www.justicepaix.be\/en\/wp-json\/wp\/v2\/types\/post"}],"author":[{"embeddable":true,"href":"https:\/\/www.justicepaix.be\/en\/wp-json\/wp\/v2\/users\/57"}],"replies":[{"embeddable":true,"href":"https:\/\/www.justicepaix.be\/en\/wp-json\/wp\/v2\/comments?post=16908"}],"version-history":[{"count":0,"href":"https:\/\/www.justicepaix.be\/en\/wp-json\/wp\/v2\/posts\/16908\/revisions"}],"wp:featuredmedia":[{"embeddable":true,"href":"https:\/\/www.justicepaix.be\/en\/wp-json\/wp\/v2\/media\/16910"}],"wp:attachment":[{"href":"https:\/\/www.justicepaix.be\/en\/wp-json\/wp\/v2\/media?parent=16908"}],"wp:term":[{"taxonomy":"category","embeddable":true,"href":"https:\/\/www.justicepaix.be\/en\/wp-json\/wp\/v2\/categories?post=16908"},{"taxonomy":"post_tag","embeddable":true,"href":"https:\/\/www.justicepaix.be\/en\/wp-json\/wp\/v2\/tags?post=16908"}],"curies":[{"name":"wp","href":"https:\/\/api.w.org\/{rel}","templated":true}]}}