{"id":16887,"date":"2020-06-25T15:57:55","date_gmt":"2020-06-25T15:57:55","guid":{"rendered":"https:\/\/demop.netbaz.be\/2021\/jp\/2020\/06\/25\/quels-engagements-pour-quelles-societes\/"},"modified":"2021-07-06T14:29:05","modified_gmt":"2021-07-06T12:29:05","slug":"quels-engagements-pour-quelles-societes","status":"publish","type":"post","link":"https:\/\/www.justicepaix.be\/en\/quels-engagements-pour-quelles-societes\/","title":{"rendered":"What commitments for which companies?"},"content":{"rendered":"\n<div class=\"wp-block-image\"><figure class=\"alignleft\"><img fetchpriority=\"high\" decoding=\"async\" width=\"1041\" height=\"600\" src=\"http:\/\/demop.netbaz.be\/2021\/jp\/wp-content\/uploads\/2020\/06\/png_photo_analyse.png\" alt=\"photo_analyse.png\" class=\"wp-image-16886\" srcset=\"https:\/\/www.justicepaix.be\/wp-content\/uploads\/2020\/06\/png_photo_analyse.png 1041w, https:\/\/www.justicepaix.be\/wp-content\/uploads\/2020\/06\/png_photo_analyse-300x173.png 300w, https:\/\/www.justicepaix.be\/wp-content\/uploads\/2020\/06\/png_photo_analyse-1024x590.png 1024w, https:\/\/www.justicepaix.be\/wp-content\/uploads\/2020\/06\/png_photo_analyse-768x443.png 768w\" sizes=\"(max-width: 1041px) 100vw, 1041px\" \/><\/figure><\/div>\n\n\n\n<p class=\"post_excerpt\">R\u00e9guli\u00e8rement, nous entendons autour de nous des phrases du type :\u00ab on ne s\u2019engage plus autant qu\u2019avant \u00bb ou \u00ab c\u2019\u00e9tait quand m\u00eame bien mieux avant \u00bb. Mais ne seraient-ce pas plut\u00f4t les formes d\u2019engagement qui diff\u00e8rent plut\u00f4t que leur intensit\u00e9 ?<br>\n<\/p>\n\n\n\n<p><br>\nL\u2019appel \u00e0 s\u2019engager se per\u00e7oit partout autour de nous. Les citoyennes et les citoyens font aujourd\u2019hui face \u00e0 une multitude d\u2019engagements possibles <span class=\"footnote_referrer\"><a role=\"button\" tabindex=\"0\" onclick=\"footnote_moveToReference_16887_1('footnote_plugin_reference_16887_1_1');\" onkeypress=\"footnote_moveToReference_16887_1('footnote_plugin_reference_16887_1_1');\" ><sup id=\"footnote_plugin_tooltip_16887_1_1\" class=\"footnote_plugin_tooltip_text\">[1]<\/sup><\/a><span id=\"footnote_plugin_tooltip_text_16887_1_1\" class=\"footnote_tooltip\">De nombreuses associations ouvrent leurs portes et font appel \u00e0 des volontaires. Certaines \u00e9coles ou entreprises encouragent \u00e9galement leurs membres \u00e0 s\u2019investir dans des activit\u00e9s citoyennes.<\/span><\/span><script type=\"text\/javascript\"> jQuery('#footnote_plugin_tooltip_16887_1_1').tooltip({ tip: '#footnote_plugin_tooltip_text_16887_1_1', tipClass: 'footnote_tooltip', effect: 'fade', predelay: 0, fadeInSpeed: 200, delay: 400, fadeOutSpeed: 200, position: 'top center', relative: true, offset: [-7, 0], });<\/script>. Si l\u2019on en croit l\u2019opinion publique, ces nombreux appels \u00e0 la mobilisation seraient le fruit d\u2019une soci\u00e9t\u00e9 de plus en plus individualiste, d\u2019un repli de l\u2019individu sur sa sph\u00e8re priv\u00e9e ou encore d\u2019un d\u00e9tachement de la sph\u00e8re publique. Alors que, paradoxalement, \u00ab jamais le nombre d\u2019associations n\u2019a \u00e9t\u00e9 aussi \u00e9lev\u00e9, jamais la participation \u00e0 des groupements volontaires n\u2019a \u00e9t\u00e9 aussi forte \u00bb <span class=\"footnote_referrer\"><a role=\"button\" tabindex=\"0\" onclick=\"footnote_moveToReference_16887_1('footnote_plugin_reference_16887_1_2');\" onkeypress=\"footnote_moveToReference_16887_1('footnote_plugin_reference_16887_1_2');\" ><sup id=\"footnote_plugin_tooltip_16887_1_2\" class=\"footnote_plugin_tooltip_text\">[2]<\/sup><\/a><span id=\"footnote_plugin_tooltip_text_16887_1_2\" class=\"footnote_tooltip\">Ion J., <em>Engagez-vous ! Une injonction paradoxale<\/em>, FUCID, Namur, 2019.<\/span><\/span><script type=\"text\/javascript\"> jQuery('#footnote_plugin_tooltip_16887_1_2').tooltip({ tip: '#footnote_plugin_tooltip_text_16887_1_2', tipClass: 'footnote_tooltip', effect: 'fade', predelay: 0, fadeInSpeed: 200, delay: 400, fadeOutSpeed: 200, position: 'top center', relative: true, offset: [-7, 0], });<\/script> . De plus, de nombreuses collectivit\u00e9s locales se forment dans l\u2019espoir de recr\u00e9er du lien entre les personnes. Comment expliquer alors ce d\u00e9calage entre le \u00ab chacun pour soi \u00bb et la consternation de certaines personnes face aux intol\u00e9rances ou grandes crises (humanitaires ou environnementales) du XXIe si\u00e8cle ?<\/p>\n\n\n\n<!--more-->\n\n\n\n<p>Aujourd\u2019hui, l\u2019impression que les citoyen\u00b7ne\u00b7s s\u2019engagent moins qu\u2019avant est fort pr\u00e9sente dans les esprits. En 2015, une \u00e9tude <span class=\"footnote_referrer\"><a role=\"button\" tabindex=\"0\" onclick=\"footnote_moveToReference_16887_1('footnote_plugin_reference_16887_1_3');\" onkeypress=\"footnote_moveToReference_16887_1('footnote_plugin_reference_16887_1_3');\" ><sup id=\"footnote_plugin_tooltip_16887_1_3\" class=\"footnote_plugin_tooltip_text\">[3]<\/sup><\/a><span id=\"footnote_plugin_tooltip_text_16887_1_3\" class=\"footnote_tooltip\">Fondation Roi Baudouin, <em>Le volontariat en Belgique, chiffres-cl\u00e9s<\/em>, octobre 2015.<\/span><\/span><script type=\"text\/javascript\"> jQuery('#footnote_plugin_tooltip_16887_1_3').tooltip({ tip: '#footnote_plugin_tooltip_text_16887_1_3', tipClass: 'footnote_tooltip', effect: 'fade', predelay: 0, fadeInSpeed: 200, delay: 400, fadeOutSpeed: 200, position: 'top center', relative: true, offset: [-7, 0], });<\/script> a estim\u00e9 qu\u2019il y avait environ 1 166 000 belges qui exer\u00e7aient une activit\u00e9 de volontariat <span class=\"footnote_referrer\"><a role=\"button\" tabindex=\"0\" onclick=\"footnote_moveToReference_16887_1('footnote_plugin_reference_16887_1_4');\" onkeypress=\"footnote_moveToReference_16887_1('footnote_plugin_reference_16887_1_4');\" ><sup id=\"footnote_plugin_tooltip_16887_1_4\" class=\"footnote_plugin_tooltip_text\">[4]<\/sup><\/a><span id=\"footnote_plugin_tooltip_text_16887_1_4\" class=\"footnote_tooltip\">Cette \u00e9tude prend comme r\u00e9f\u00e9rence la loi belge sur le volontariat et ne consid\u00e8re d\u00e8s lors que le volontariat au sein d\u2019associations. Nous pouvons donc estimer que le nombre de volontaires en&nbsp;&#x2026; <span class=\"footnote_tooltip_continue\"  onclick=\"footnote_moveToReference_16887_1('footnote_plugin_reference_16887_1_4');\">Continuer la lecture<\/span><\/span><\/span><script type=\"text\/javascript\"> jQuery('#footnote_plugin_tooltip_16887_1_4').tooltip({ tip: '#footnote_plugin_tooltip_text_16887_1_4', tipClass: 'footnote_tooltip', effect: 'fade', predelay: 0, fadeInSpeed: 200, delay: 400, fadeOutSpeed: 200, position: 'top center', relative: true, offset: [-7, 0], });<\/script>. Comment donc expliquer ce sentiment que l\u2019engagement est moins pr\u00e9sent dans notre soci\u00e9t\u00e9 ? Il est \u00e9vident que l\u2019engagement d\u2019aujourd\u2019hui diff\u00e8re de celui d\u2019hier car il est intrins\u00e8quement li\u00e9 \u00e0 la soci\u00e9t\u00e9 et ses enjeux sp\u00e9cifiques. <\/p>\n\n\n\n<p><bloc> De la soci\u00e9t\u00e9 industrielle \u00e0 la soci\u00e9t\u00e9 contemporaine<\/bloc><\/p>\n\n\n\n<p>Au XXe si\u00e8cle, l\u2019engagement se manifeste dans les rapports de classes (opposition ouvrier\u00b7\u00e8re\/patron\u00b7ne) ancr\u00e9s dans les structures syndicales et les traditions familiales. L\u2019apparition du prol\u00e9tariat et des classes sociales entra\u00eene l\u2019av\u00e8nement du socialisme et avec lui, le syndicalisme. La Belgique \u00e9volue dans un syst\u00e8me de pilarisation au sein duquel les individus, par leurs liens de sang, sont affili\u00e9s \u00e0 un pilier (lib\u00e9ral, catholique ou socialiste) qui d\u00e9termine les diff\u00e9rentes sph\u00e8res de leur vie (travail, famille, loisirs) et oriente leurs choix. Au sein m\u00eame de leur pilier, les personnes font donc face \u00e0 une multitude de moyens pour s\u2019engager (coop\u00e9rative d\u2019ouvrier\u00b7\u00e8re\u00b7s, syndicats, associations culturelles, etc.).<\/p>\n\n\n\n<p>Le sentiment d\u2019appartenance \u00e0 une religion ou une id\u00e9ologie favorise \u00e9galement l\u2019engagement \u00e0 long terme. S\u2019engager en politique, dans l\u2019arm\u00e9e ou au sein d\u2019une communaut\u00e9 religieuse est ressenti comme une v\u00e9ritable vocation <span class=\"footnote_referrer\"><a role=\"button\" tabindex=\"0\" onclick=\"footnote_moveToReference_16887_1('footnote_plugin_reference_16887_1_5');\" onkeypress=\"footnote_moveToReference_16887_1('footnote_plugin_reference_16887_1_5');\" ><sup id=\"footnote_plugin_tooltip_16887_1_5\" class=\"footnote_plugin_tooltip_text\">[5]<\/sup><\/a><span id=\"footnote_plugin_tooltip_text_16887_1_5\" class=\"footnote_tooltip\">Pierron J.-Ph., \u00ab L\u2019engagement. Envies d\u2019agir, raisons d\u2019agir \u00bb, in <em>Sens-Dessous<\/em>, n\u00b00, 2006, pp. 51-61.<\/span><\/span><script type=\"text\/javascript\"> jQuery('#footnote_plugin_tooltip_16887_1_5').tooltip({ tip: '#footnote_plugin_tooltip_text_16887_1_5', tipClass: 'footnote_tooltip', effect: 'fade', predelay: 0, fadeInSpeed: 200, delay: 400, fadeOutSpeed: 200, position: 'top center', relative: true, offset: [-7, 0], });<\/script>. La l\u00e9gitimit\u00e9 de son engagement d\u00e9coule du sentiment d\u2019appartenance \u00e0 la collectivit\u00e9. <\/p>\n\n\n\n<p>Dans les ann\u00e9es 70, la crise \u00e9conomique marque un d\u00e9sinvestissement suite auquel la conception de la solidarit\u00e9 se modifie.  Cette crise est le reflet d\u2019une mondialisation croissante de l\u2019\u00e9conomie, libre-\u00e9change et appauvrissement de la structure \u00e9tatique. Elle engendre un processus d\u2019individualisation. Cette crise marque \u00e9galement le d\u00e9but d\u2019un mouvement de \u00ab d\u00e9pilarisation \u00bb qui favorise le d\u00e9veloppement d\u2019associations en dehors de ces structures principales. Les collectifs homog\u00e8nes tels les syndicats laissent progressivement place \u00e0 la primaut\u00e9 de l\u2019individu qui revendique son autonomie et sa libert\u00e9 d\u2019action. La l\u00e9gitimit\u00e9 de l\u2019engagement ne vient donc plus des ordres sup\u00e9rieurs mais bien de la propre volont\u00e9 de l\u2019individu. Les causes, les revendications ainsi que les personnes qui se mobilisent se diversifient.<br>\n<\/p>\n\n\n\n<p><bloc> Le sens de l\u2019engagement citoyen aujourd\u2019hui<\/bloc><\/p>\n\n\n\n<p>Aujourd\u2019hui, nous faisons donc face \u00e0 de nouvelles modalit\u00e9s d\u2019engagement. Ce dernier se rattache \u00e0 l\u2019identit\u00e9 de l\u2019individu et \u00e0 ce qui fait sens pour lui. L\u2019individu se sent libre de cr\u00e9er et de r\u00e9inventer son propre engagement qui n\u2019a plus pour ambition le progr\u00e8s social mais bien la limitation des d\u00e9g\u00e2ts potentiels de demain <span class=\"footnote_referrer\"><a role=\"button\" tabindex=\"0\" onclick=\"footnote_moveToReference_16887_1('footnote_plugin_reference_16887_1_6');\" onkeypress=\"footnote_moveToReference_16887_1('footnote_plugin_reference_16887_1_6');\" ><sup id=\"footnote_plugin_tooltip_16887_1_6\" class=\"footnote_plugin_tooltip_text\">[6]<\/sup><\/a><span id=\"footnote_plugin_tooltip_text_16887_1_6\" class=\"footnote_tooltip\">Verjus M., <em>La question de l\u2019engagement : d\u2019hier \u00e0 aujourd\u2019hui. Essai d\u2019une typologie<\/em>, \u00e9tude du CESEP, 2008.<\/span><\/span><script type=\"text\/javascript\"> jQuery('#footnote_plugin_tooltip_16887_1_6').tooltip({ tip: '#footnote_plugin_tooltip_text_16887_1_6', tipClass: 'footnote_tooltip', effect: 'fade', predelay: 0, fadeInSpeed: 200, delay: 400, fadeOutSpeed: 200, position: 'top center', relative: true, offset: [-7, 0], });<\/script>. Acteur\u00b7trice\u00b7s, modes d\u2019engagement, th\u00e9matiques et revendications \u00e9voluent. <\/p>\n\n\n\n<p>Au niveau des acteur\u00b7trice\u00b7s, les structures pr\u00e9pond\u00e9rantes au si\u00e8cle pass\u00e9 laissent place \u00e0 l\u2019individu qui d\u00e9cide \u00e0 un moment donn\u00e9 de s\u2019engager pour une cause qui lui tient \u00e0 c\u0153ur. Le groupe n\u2019est plus l\u2019essence m\u00eame de l\u2019action mais c\u2019est l\u2019individu qui s\u2019affirme et se rend responsable de ses actes. Aux c\u00f4t\u00e9s d\u2019associations institutionnalis\u00e9es, de nombreux collectifs et r\u00e9seaux de citoyens s\u2019organisent sans support organisationnel pr\u00e9alable. Leurs actions sont spontan\u00e9es et port\u00e9es par des r\u00e9seaux de personnes qui s\u2019engagent en leur propre nom (et non sous le couvert d\u2019une structure pr\u00e9\u00e9tablie). <\/p>\n\n\n\n<p>Les individus s\u2019affranchissent de leurs appartenances pass\u00e9es. La mobilisation n\u2019est plus envisag\u00e9e comme un ordre venant de la structure sup\u00e9rieure mais la collectivit\u00e9 se construit autour des individus et de leurs particularit\u00e9s. L\u2019individu se d\u00e9tache alors des institutions car il souhaite conserver son autonomie au sein de son engagement. L\u2019engagement actuel est davantage \u00e9ph\u00e9m\u00e8re. Il se construit non plus dans la dur\u00e9e, mais autour d\u2019objectifs pr\u00e9cis et souvent imm\u00e9diats.  Les projets r\u00e9alis\u00e9s sont tr\u00e8s concrets et limit\u00e9s dans le temps. <\/p>\n\n\n\n<p>Dans ces nouvelles pratiques de l\u2019engagement, la tendance est \u00e9galement \u00e0 la d\u00e9centralisation, favorisant l\u2019apparition de r\u00e9seaux. Une m\u00e9fiance s\u2019observe face \u00e0 la centralisation du pouvoir par les \u00e9lites. Apparaissent donc des structures plus d\u00e9centralis\u00e9es et organis\u00e9es en r\u00e9seaux, laissant ainsi plus de place \u00e0 l\u2019autonomie du groupe. Les formes de protestation, elles aussi, s\u2019\u00e9loignent des formes institutionnalis\u00e9es : gr\u00e8ve de la faim, sit-in, actions de d\u00e9sob\u00e9issance civile, etc. La manifestation, assez codifi\u00e9e en Belgique, reste cependant un mode d\u2019action privil\u00e9gi\u00e9.<\/p>\n\n\n\n<p>Alors qu\u2019auparavant, l\u2019engagement d\u2019une personne s\u2019inscrivait dans une longue dur\u00e9e, toute sa vie (travail, famille, loisirs, etc.) \u00e9tant rythm\u00e9e par celui-ci, aujourd\u2019hui, il est possible de s\u2019int\u00e9grer dans plusieurs r\u00e9seaux en m\u00eame temps, selon les envies et disponibilit\u00e9s. La logique de r\u00e9seau permet un engagement limit\u00e9 dans le temps et donc r\u00e9siliable. Contrairement aux mobilisations ant\u00e9rieures dans lesquelles l\u2019individu \u00e9tait effac\u00e9 derri\u00e8re la structure qui existe sans lui et, o\u00f9 le collectif primait sur l\u2019individu, dans les mobilisations contemporaines, l\u2019action prime sur l\u2019appartenance au r\u00e9seau. Il est m\u00eame possible de participer \u00e0 une action ponctuelle sans appartenir au r\u00e9seau. Les actions et initiatives se succ\u00e8dent et se renforcent mutuellement.<\/p>\n\n\n\n<p>Au niveau des th\u00e9matiques de mobilisation, les revendications li\u00e9es \u00e0 l\u2019\u00e9galit\u00e9 des chances et \u00e0 un avenir meilleur sont moins pr\u00e9sentes. Les actions collectives se r\u00e9f\u00e8rent principalement aux questions identitaires (sans-papiers, LGBTQI+, etc.) ou aux questions li\u00e9es aux \u00ab risques de d\u00e9g\u00e2ts potentiels \u00bb pour demain (\u00e9cologie, nucl\u00e9aire, etc.). Ces revendications d\u2019identit\u00e9 d\u00e9terminent un enjeu de reconnaissance dans l\u2019espace public. Les revendications des actions se basent sur le concret et l\u2019imm\u00e9diat, m\u00eame si souvent, les r\u00e9sultats obtenus sont provisoires <span class=\"footnote_referrer\"><a role=\"button\" tabindex=\"0\" onclick=\"footnote_moveToReference_16887_1('footnote_plugin_reference_16887_1_7');\" onkeypress=\"footnote_moveToReference_16887_1('footnote_plugin_reference_16887_1_7');\" ><sup id=\"footnote_plugin_tooltip_16887_1_7\" class=\"footnote_plugin_tooltip_text\">[7]<\/sup><\/a><span id=\"footnote_plugin_tooltip_text_16887_1_7\" class=\"footnote_tooltip\">Ion J. (dir.), <em>L\u2019engagement au pluriel<\/em>, Publications de l\u2019Universit\u00e9 Saint-\u00c9tienne, 2001, (Sociologie : Mati\u00e8res \u00e0 penser), p.30.<\/span><\/span><script type=\"text\/javascript\"> jQuery('#footnote_plugin_tooltip_16887_1_7').tooltip({ tip: '#footnote_plugin_tooltip_text_16887_1_7', tipClass: 'footnote_tooltip', effect: 'fade', predelay: 0, fadeInSpeed: 200, delay: 400, fadeOutSpeed: 200, position: 'top center', relative: true, offset: [-7, 0], });<\/script>. Les citoyen\u00b7ne\u00b7s ne font plus confiance aux pouvoirs publics pour r\u00e9soudre les probl\u00e8mes en profondeur <span class=\"footnote_referrer\"><a role=\"button\" tabindex=\"0\" onclick=\"footnote_moveToReference_16887_1('footnote_plugin_reference_16887_1_8');\" onkeypress=\"footnote_moveToReference_16887_1('footnote_plugin_reference_16887_1_8');\" ><sup id=\"footnote_plugin_tooltip_16887_1_8\" class=\"footnote_plugin_tooltip_text\">[8]<\/sup><\/a><span id=\"footnote_plugin_tooltip_text_16887_1_8\" class=\"footnote_tooltip\">Une enqu\u00eate men\u00e9e par des chercheur\u00b7euse\u00b7s de l\u2019ULB, la VUB et la KUL montre que le manque de confiance dans la politique et l\u2019id\u00e9ologie ont influenc\u00e9 le scrutin des \u00e9lections du 26 mai&nbsp;&#x2026; <span class=\"footnote_tooltip_continue\"  onclick=\"footnote_moveToReference_16887_1('footnote_plugin_reference_16887_1_8');\">Continuer la lecture<\/span><\/span><\/span><script type=\"text\/javascript\"> jQuery('#footnote_plugin_tooltip_16887_1_8').tooltip({ tip: '#footnote_plugin_tooltip_text_16887_1_8', tipClass: 'footnote_tooltip', effect: 'fade', predelay: 0, fadeInSpeed: 200, delay: 400, fadeOutSpeed: 200, position: 'top center', relative: true, offset: [-7, 0], });<\/script>. Leurs actions consistent donc \u00e0 essayer de limiter les d\u00e9g\u00e2ts et \u00e0 demander des mesures concr\u00e8tes applicables d\u00e8s aujourd\u2019hui.<br>\n<\/p>\n\n\n\n<p><bloc> La question du volontariat associatif<\/bloc><\/p>\n\n\n\n<p>Cette nouvelle configuration de l\u2019engagement d\u00e9termine l\u2019\u00e9volution du volontariat en Belgique. Celui-ci est au c\u0153ur du projet de nombreuses associations, notamment celles actives en \u00e9ducation permanente. Bien qu\u2019encore tr\u00e8s pr\u00e9sent en Belgique, le volontariat associatif pr\u00e9sente un r\u00e9el enjeu lorsque les financements se font rares ou inexistants. En effet, certaines associations ou collectifs fonctionnent en grande partie voire totalement avec des b\u00e9n\u00e9voles. <\/p>\n\n\n\n<p>Dans les associations d\u2019\u00e9ducation permanente, la pr\u00e9sence de volontaires est vitale. Les projets des associations se construisent par et avec eux. Leur objectif est de continuellement maintenir une conscience citoyenne. Le volontariat est une forme d\u2019engagement citoyen, mais n\u2019est pas la seule. Les pratiques sont multiples  <span class=\"footnote_referrer\"><a role=\"button\" tabindex=\"0\" onclick=\"footnote_moveToReference_16887_1('footnote_plugin_reference_16887_1_9');\" onkeypress=\"footnote_moveToReference_16887_1('footnote_plugin_reference_16887_1_9');\" ><sup id=\"footnote_plugin_tooltip_16887_1_9\" class=\"footnote_plugin_tooltip_text\">[9]<\/sup><\/a><span id=\"footnote_plugin_tooltip_text_16887_1_9\" class=\"footnote_tooltip\">Pour poursuivre la r\u00e9flexion sur les formes et modes d\u2019engagement voir l\u2019\u00e9tude de Justice et Paix, <em>Actions citoyennes : le pouvoir de votre engagement<\/em>, juillet 2020.<\/span><\/span><script type=\"text\/javascript\"> jQuery('#footnote_plugin_tooltip_16887_1_9').tooltip({ tip: '#footnote_plugin_tooltip_text_16887_1_9', tipClass: 'footnote_tooltip', effect: 'fade', predelay: 0, fadeInSpeed: 200, delay: 400, fadeOutSpeed: 200, position: 'top center', relative: true, offset: [-7, 0], });<\/script> mais d\u00e9pendent de facteurs ext\u00e9rieurs, et parfois contraignants, qui peuvent avoir l\u2019avantage sur l\u2019engagement associatif <span class=\"footnote_referrer\"><a role=\"button\" tabindex=\"0\" onclick=\"footnote_moveToReference_16887_1('footnote_plugin_reference_16887_1_10');\" onkeypress=\"footnote_moveToReference_16887_1('footnote_plugin_reference_16887_1_10');\" ><sup id=\"footnote_plugin_tooltip_16887_1_10\" class=\"footnote_plugin_tooltip_text\">[10]<\/sup><\/a><span id=\"footnote_plugin_tooltip_text_16887_1_10\" class=\"footnote_tooltip\">F\u00e9d\u00e9ration Wallonie-Bruxelles, <em>Le volontariat en Wallonie et \u00e0 Bruxelles. Regards du monde associatif et de la recherche acad\u00e9mique<\/em>, 2014.<\/span><\/span><script type=\"text\/javascript\"> jQuery('#footnote_plugin_tooltip_16887_1_10').tooltip({ tip: '#footnote_plugin_tooltip_text_16887_1_10', tipClass: 'footnote_tooltip', effect: 'fade', predelay: 0, fadeInSpeed: 200, delay: 400, fadeOutSpeed: 200, position: 'top center', relative: true, offset: [-7, 0], });<\/script> .<\/p>\n\n\n\n<p>Ces nouvelles modalit\u00e9s du XXIe si\u00e8cle constituent parfois un obstacle \u00e0 l\u2019engagement \u00e0 long terme. En effet, les volontaires privil\u00e9gient des projets plus ponctuels aux engagements de longue dur\u00e9e, pour conserver plus de libert\u00e9. Pour les associations, mobiliser des volontaires et susciter l\u2019engagement de nouvelles personnes sur le long terme constitue alors un v\u00e9ritable enjeu. \u00c9tant un facteur d\u2019inclusion et de citoyennet\u00e9, le volontariat est per\u00e7u comme une force vive car il offre une main-d\u2019\u0153uvre non n\u00e9gligeable pour venir appuyer les projets de diff\u00e9rents secteurs (associatif, culturel, sportif, \u2026). Il occupe une place importante au sein de notre soci\u00e9t\u00e9, tant d\u2019un point de vue \u00e9conomique que social <span class=\"footnote_referrer\"><a role=\"button\" tabindex=\"0\" onclick=\"footnote_moveToReference_16887_1('footnote_plugin_reference_16887_1_11');\" onkeypress=\"footnote_moveToReference_16887_1('footnote_plugin_reference_16887_1_11');\" ><sup id=\"footnote_plugin_tooltip_16887_1_11\" class=\"footnote_plugin_tooltip_text\">[11]<\/sup><\/a><span id=\"footnote_plugin_tooltip_text_16887_1_11\" class=\"footnote_tooltip\">Fondation Roi Baudouin, <em>Le volontariat en Belgique, chiffres-cl\u00e9s<\/em>, 2015.<\/span><\/span><script type=\"text\/javascript\"> jQuery('#footnote_plugin_tooltip_16887_1_11').tooltip({ tip: '#footnote_plugin_tooltip_text_16887_1_11', tipClass: 'footnote_tooltip', effect: 'fade', predelay: 0, fadeInSpeed: 200, delay: 400, fadeOutSpeed: 200, position: 'top center', relative: true, offset: [-7, 0], });<\/script> . La diversit\u00e9 du volontariat, tant dans les profils des volontaires que dans les structures, est garante de cette inclusivit\u00e9 sociale. Le volontariat est ainsi une v\u00e9ritable exp\u00e9rience d\u2019apprentissage informel qui contribue \u00e0 promouvoir des valeurs citoyennes <span class=\"footnote_referrer\"><a role=\"button\" tabindex=\"0\" onclick=\"footnote_moveToReference_16887_1('footnote_plugin_reference_16887_1_12');\" onkeypress=\"footnote_moveToReference_16887_1('footnote_plugin_reference_16887_1_12');\" ><sup id=\"footnote_plugin_tooltip_16887_1_12\" class=\"footnote_plugin_tooltip_text\">[12]<\/sup><\/a><span id=\"footnote_plugin_tooltip_text_16887_1_12\" class=\"footnote_tooltip\">R\u00e9solution du Parlement europ\u00e9en du 12 juin 2012 sur \u00ab Reconna\u00eetre et valoriser les activit\u00e9s de volontariat transfrontali\u00e8res dans l\u2019UE \u00bb 2011\/2293.<\/span><\/span><script type=\"text\/javascript\"> jQuery('#footnote_plugin_tooltip_16887_1_12').tooltip({ tip: '#footnote_plugin_tooltip_text_16887_1_12', tipClass: 'footnote_tooltip', effect: 'fade', predelay: 0, fadeInSpeed: 200, delay: 400, fadeOutSpeed: 200, position: 'top center', relative: true, offset: [-7, 0], });<\/script>.<br>\n<\/p>\n\n\n\n<p><bloc> L\u2019engagement : d\u2019abord une volont\u00e9 de changement<\/bloc><\/p>\n\n\n\n<p>La volont\u00e9 de changement est la force motrice de tout engagement. Selon Ga\u00ebl Depoorter, \u00ab il s\u2019agit de convertir une pr\u00e9occupation (voire une frustration) personnelle en enjeu collectif, en critiquant de mani\u00e8re radicale l\u2019agencement de la r\u00e9alit\u00e9 de cet ordre social [\u2026]. C\u2019est la question de l\u2019\u00e9mancipation et de la coop\u00e9ration qui se pose au c\u0153ur m\u00eame d\u2019une activit\u00e9 pratique qui, a priori, n\u2019a rien de politique \u00bb <span class=\"footnote_referrer\"><a role=\"button\" tabindex=\"0\" onclick=\"footnote_moveToReference_16887_1('footnote_plugin_reference_16887_1_13');\" onkeypress=\"footnote_moveToReference_16887_1('footnote_plugin_reference_16887_1_13');\" ><sup id=\"footnote_plugin_tooltip_16887_1_13\" class=\"footnote_plugin_tooltip_text\">[13]<\/sup><\/a><span id=\"footnote_plugin_tooltip_text_16887_1_13\" class=\"footnote_tooltip\">Fr\u00e8re B. et Jacquemin M, \u00ab Quoi de neuf sous le soleil militant ? \u00bb, in <em>R\u00e9sister au quotidien<\/em> ?, Paris, Presses de Sciences Po, 2013, pp. 246-247.<\/span><\/span><script type=\"text\/javascript\"> jQuery('#footnote_plugin_tooltip_16887_1_13').tooltip({ tip: '#footnote_plugin_tooltip_text_16887_1_13', tipClass: 'footnote_tooltip', effect: 'fade', predelay: 0, fadeInSpeed: 200, delay: 400, fadeOutSpeed: 200, position: 'top center', relative: true, offset: [-7, 0], });<\/script>. <\/p>\n\n\n\n<p>Aujourd\u2019hui, nous faisons face \u00e0 de nouvelles modalit\u00e9s d\u2019engagement. L\u2019engagement dans la soci\u00e9t\u00e9 n\u2019est plus \u00e0 d\u00e9montrer : les citoyens et les citoyennes se r\u00e9approprient la sph\u00e8re politique et s\u2019engagent pour un monde plus juste et plus durable. Les luttes sociales ont toujours exist\u00e9 et existeront toujours. Cependant, les moyens et les strat\u00e9gies diff\u00e8rent selon les \u00e9poques car le contexte socio-historique a une influence d\u00e9terminante sur les formes d\u2019engagement. <\/p>\n\n\n\n<p>De plus en plus, les citoyens et les citoyennes ont besoin d\u2019agir sur des choses concr\u00e8tes, qui les touchent personnellement et sur lesquelles ils\u00b7elles peuvent avoir un impact direct. L\u2019engagement est pluriel : il existe autant de formes et de moyens d\u2019action que de personnes d\u00e9sirant s\u2019engager. L\u2019essentiel n\u2019est pas tant de s\u2019engager pour le simple fait de s\u2019engager, mais plut\u00f4t de donner du sens \u00e0 nos actions, les faire converger pour rendre notre soci\u00e9t\u00e9 plus inclusive et solidaire.<br>\n<\/p>\n\n\n\n<p><strong>Anne-Claire Willocx.<\/strong><br>\n<\/p>\n\n\n\n<figure class=\"wp-block-gallery columns-3 is-cropped wp-block-gallery-1 is-layout-flex wp-block-gallery-is-layout-flex\"><ul class=\"blocks-gallery-grid\"><li class=\"blocks-gallery-item\"><figure><a href=\"https:\/\/www.justicepaix.be\/wp-content\/uploads\/2020\/06\/png_photo_analyse.png\"><img decoding=\"async\" width=\"1041\" height=\"600\" src=\"https:\/\/www.justicepaix.be\/wp-content\/uploads\/2020\/06\/png_photo_analyse.png\" alt=\"photo_analyse.png\" data-id=\"16886\" class=\"wp-image-16886\" srcset=\"https:\/\/www.justicepaix.be\/wp-content\/uploads\/2020\/06\/png_photo_analyse.png 1041w, https:\/\/www.justicepaix.be\/wp-content\/uploads\/2020\/06\/png_photo_analyse-300x173.png 300w, https:\/\/www.justicepaix.be\/wp-content\/uploads\/2020\/06\/png_photo_analyse-1024x590.png 1024w, https:\/\/www.justicepaix.be\/wp-content\/uploads\/2020\/06\/png_photo_analyse-768x443.png 768w\" sizes=\"(max-width: 1041px) 100vw, 1041px\" \/><\/a><\/figure><\/li><li class=\"blocks-gallery-item\"><figure><a href=\"https:\/\/www.justicepaix.be\/wp-content\/uploads\/2020\/06\/png_photo_analyse.png\"><img decoding=\"async\" width=\"1041\" height=\"600\" src=\"https:\/\/www.justicepaix.be\/wp-content\/uploads\/2020\/06\/png_photo_analyse.png\" alt=\"photo_analyse.png\" data-id=\"16886\" class=\"wp-image-16886\" srcset=\"https:\/\/www.justicepaix.be\/wp-content\/uploads\/2020\/06\/png_photo_analyse.png 1041w, https:\/\/www.justicepaix.be\/wp-content\/uploads\/2020\/06\/png_photo_analyse-300x173.png 300w, https:\/\/www.justicepaix.be\/wp-content\/uploads\/2020\/06\/png_photo_analyse-1024x590.png 1024w, https:\/\/www.justicepaix.be\/wp-content\/uploads\/2020\/06\/png_photo_analyse-768x443.png 768w\" sizes=\"(max-width: 1041px) 100vw, 1041px\" \/><\/a><\/figure><\/li><\/ul><\/figure>\n\n\n\n<h2 class=\"wp-block-heading\">Documents joints<\/h2>\n\n\n\n<div class=\"wp-block-file\"><a href=\"http:\/\/demop.netbaz.be\/2021\/jp\/wp-content\/uploads\/2020\/06\/pdf_2020_quels_engagements_pour_quelles_societes.pdf\">Quels engagements pour quelles soci\u00e9t\u00e9s ?<\/a><\/div>\n<div class=\"speaker-mute footnotes_reference_container\"> <div class=\"footnote_container_prepare\"><p><span role=\"button\" tabindex=\"0\" class=\"footnote_reference_container_label pointer\" onclick=\"footnote_expand_collapse_reference_container_16887_1();\">Notes<\/span><span role=\"button\" tabindex=\"0\" class=\"footnote_reference_container_collapse_button\" style=\"display: none;\" onclick=\"footnote_expand_collapse_reference_container_16887_1();\">[<a id=\"footnote_reference_container_collapse_button_16887_1\">+<\/a>]<\/span><\/p><\/div> <div id=\"footnote_references_container_16887_1\" style=\"\"><table class=\"footnotes_table footnote-reference-container\"><caption class=\"accessibility\">Notes<\/caption> <tbody> \r\n\r\n<tr class=\"footnotes_plugin_reference_row\"> <th scope=\"row\" id=\"footnote_plugin_reference_16887_1_1\" class=\"footnote_plugin_index pointer\" onclick=\"footnote_moveToAnchor_16887_1('footnote_plugin_tooltip_16887_1_1');\"><a role=\"button\" tabindex=\"0\" class=\"footnote_plugin_link\" ><span class=\"footnote_index_arrow\">&#8593;<\/span>1<\/a><\/th> <td class=\"footnote_plugin_text\">De nombreuses associations ouvrent leurs portes et font appel \u00e0 des volontaires. Certaines \u00e9coles ou entreprises encouragent \u00e9galement leurs membres \u00e0 s\u2019investir dans des activit\u00e9s citoyennes.<\/td><\/tr>\r\n\r\n<tr class=\"footnotes_plugin_reference_row\"> <th scope=\"row\" id=\"footnote_plugin_reference_16887_1_2\" class=\"footnote_plugin_index pointer\" onclick=\"footnote_moveToAnchor_16887_1('footnote_plugin_tooltip_16887_1_2');\"><a role=\"button\" tabindex=\"0\" class=\"footnote_plugin_link\" ><span class=\"footnote_index_arrow\">&#8593;<\/span>2<\/a><\/th> <td class=\"footnote_plugin_text\">Ion J., <em>Engagez-vous ! Une injonction paradoxale<\/em>, FUCID, Namur, 2019.<\/td><\/tr>\r\n\r\n<tr class=\"footnotes_plugin_reference_row\"> <th scope=\"row\" id=\"footnote_plugin_reference_16887_1_3\" class=\"footnote_plugin_index pointer\" onclick=\"footnote_moveToAnchor_16887_1('footnote_plugin_tooltip_16887_1_3');\"><a role=\"button\" tabindex=\"0\" class=\"footnote_plugin_link\" ><span class=\"footnote_index_arrow\">&#8593;<\/span>3<\/a><\/th> <td class=\"footnote_plugin_text\">Fondation Roi Baudouin, <em>Le volontariat en Belgique, chiffres-cl\u00e9s<\/em>, octobre 2015.<\/td><\/tr>\r\n\r\n<tr class=\"footnotes_plugin_reference_row\"> <th scope=\"row\" id=\"footnote_plugin_reference_16887_1_4\" class=\"footnote_plugin_index pointer\" onclick=\"footnote_moveToAnchor_16887_1('footnote_plugin_tooltip_16887_1_4');\"><a role=\"button\" tabindex=\"0\" class=\"footnote_plugin_link\" ><span class=\"footnote_index_arrow\">&#8593;<\/span>4<\/a><\/th> <td class=\"footnote_plugin_text\">Cette \u00e9tude prend comme r\u00e9f\u00e9rence la loi belge sur le volontariat et ne consid\u00e8re d\u00e8s lors que le volontariat au sein d\u2019associations. Nous pouvons donc estimer que le nombre de volontaires en Belgique est plus \u00e9lev\u00e9.<\/td><\/tr>\r\n\r\n<tr class=\"footnotes_plugin_reference_row\"> <th scope=\"row\" id=\"footnote_plugin_reference_16887_1_5\" class=\"footnote_plugin_index pointer\" onclick=\"footnote_moveToAnchor_16887_1('footnote_plugin_tooltip_16887_1_5');\"><a role=\"button\" tabindex=\"0\" class=\"footnote_plugin_link\" ><span class=\"footnote_index_arrow\">&#8593;<\/span>5<\/a><\/th> <td class=\"footnote_plugin_text\">Pierron J.-Ph., \u00ab L\u2019engagement. Envies d\u2019agir, raisons d\u2019agir \u00bb, in <em>Sens-Dessous<\/em>, n\u00b00, 2006, pp. 51-61.<\/td><\/tr>\r\n\r\n<tr class=\"footnotes_plugin_reference_row\"> <th scope=\"row\" id=\"footnote_plugin_reference_16887_1_6\" class=\"footnote_plugin_index pointer\" onclick=\"footnote_moveToAnchor_16887_1('footnote_plugin_tooltip_16887_1_6');\"><a role=\"button\" tabindex=\"0\" class=\"footnote_plugin_link\" ><span class=\"footnote_index_arrow\">&#8593;<\/span>6<\/a><\/th> <td class=\"footnote_plugin_text\">Verjus M., <em>La question de l\u2019engagement : d\u2019hier \u00e0 aujourd\u2019hui. Essai d\u2019une typologie<\/em>, \u00e9tude du CESEP, 2008.<\/td><\/tr>\r\n\r\n<tr class=\"footnotes_plugin_reference_row\"> <th scope=\"row\" id=\"footnote_plugin_reference_16887_1_7\" class=\"footnote_plugin_index pointer\" onclick=\"footnote_moveToAnchor_16887_1('footnote_plugin_tooltip_16887_1_7');\"><a role=\"button\" tabindex=\"0\" class=\"footnote_plugin_link\" ><span class=\"footnote_index_arrow\">&#8593;<\/span>7<\/a><\/th> <td class=\"footnote_plugin_text\">Ion J. (dir.), <em>L\u2019engagement au pluriel<\/em>, Publications de l\u2019Universit\u00e9 Saint-\u00c9tienne, 2001, (Sociologie : Mati\u00e8res \u00e0 penser), p.30.<\/td><\/tr>\r\n\r\n<tr class=\"footnotes_plugin_reference_row\"> <th scope=\"row\" id=\"footnote_plugin_reference_16887_1_8\" class=\"footnote_plugin_index pointer\" onclick=\"footnote_moveToAnchor_16887_1('footnote_plugin_tooltip_16887_1_8');\"><a role=\"button\" tabindex=\"0\" class=\"footnote_plugin_link\" ><span class=\"footnote_index_arrow\">&#8593;<\/span>8<\/a><\/th> <td class=\"footnote_plugin_text\"><a href=\"https:\/\/www.vrt.be\/vrtnws\/fr\/2019\/07\/22\/le-manque-de-confiance-dans-la-politique-decisif-dans-le-succes\/\">Une enqu\u00eate men\u00e9e par des chercheur\u00b7euse\u00b7s de l\u2019ULB, la VUB et la KUL montre que le manque de confiance dans la politique et l\u2019id\u00e9ologie ont influenc\u00e9 le scrutin des \u00e9lections du 26 mai 2019<\/a>.<\/td><\/tr>\r\n\r\n<tr class=\"footnotes_plugin_reference_row\"> <th scope=\"row\" id=\"footnote_plugin_reference_16887_1_9\" class=\"footnote_plugin_index pointer\" onclick=\"footnote_moveToAnchor_16887_1('footnote_plugin_tooltip_16887_1_9');\"><a role=\"button\" tabindex=\"0\" class=\"footnote_plugin_link\" ><span class=\"footnote_index_arrow\">&#8593;<\/span>9<\/a><\/th> <td class=\"footnote_plugin_text\">Pour poursuivre la r\u00e9flexion sur les formes et modes d\u2019engagement voir l\u2019\u00e9tude de Justice et Paix, <em>Actions citoyennes : le pouvoir de votre engagement<\/em>, juillet 2020.<\/td><\/tr>\r\n\r\n<tr class=\"footnotes_plugin_reference_row\"> <th scope=\"row\" id=\"footnote_plugin_reference_16887_1_10\" class=\"footnote_plugin_index pointer\" onclick=\"footnote_moveToAnchor_16887_1('footnote_plugin_tooltip_16887_1_10');\"><a role=\"button\" tabindex=\"0\" class=\"footnote_plugin_link\" ><span class=\"footnote_index_arrow\">&#8593;<\/span>10<\/a><\/th> <td class=\"footnote_plugin_text\">F\u00e9d\u00e9ration Wallonie-Bruxelles, <em>Le volontariat en Wallonie et \u00e0 Bruxelles. Regards du monde associatif et de la recherche acad\u00e9mique<\/em>, 2014.<\/td><\/tr>\r\n\r\n<tr class=\"footnotes_plugin_reference_row\"> <th scope=\"row\" id=\"footnote_plugin_reference_16887_1_11\" class=\"footnote_plugin_index pointer\" onclick=\"footnote_moveToAnchor_16887_1('footnote_plugin_tooltip_16887_1_11');\"><a role=\"button\" tabindex=\"0\" class=\"footnote_plugin_link\" ><span class=\"footnote_index_arrow\">&#8593;<\/span>11<\/a><\/th> <td class=\"footnote_plugin_text\">Fondation Roi Baudouin, <em>Le volontariat en Belgique, chiffres-cl\u00e9s<\/em>, 2015.<\/td><\/tr>\r\n\r\n<tr class=\"footnotes_plugin_reference_row\"> <th scope=\"row\" id=\"footnote_plugin_reference_16887_1_12\" class=\"footnote_plugin_index pointer\" onclick=\"footnote_moveToAnchor_16887_1('footnote_plugin_tooltip_16887_1_12');\"><a role=\"button\" tabindex=\"0\" class=\"footnote_plugin_link\" ><span class=\"footnote_index_arrow\">&#8593;<\/span>12<\/a><\/th> <td class=\"footnote_plugin_text\">R\u00e9solution du Parlement europ\u00e9en du 12 juin 2012 sur \u00ab Reconna\u00eetre et valoriser les activit\u00e9s de volontariat transfrontali\u00e8res dans l\u2019UE \u00bb 2011\/2293.<\/td><\/tr>\r\n\r\n<tr class=\"footnotes_plugin_reference_row\"> <th scope=\"row\" id=\"footnote_plugin_reference_16887_1_13\" class=\"footnote_plugin_index pointer\" onclick=\"footnote_moveToAnchor_16887_1('footnote_plugin_tooltip_16887_1_13');\"><a role=\"button\" tabindex=\"0\" class=\"footnote_plugin_link\" ><span class=\"footnote_index_arrow\">&#8593;<\/span>13<\/a><\/th> <td class=\"footnote_plugin_text\">Fr\u00e8re B. et Jacquemin M, \u00ab Quoi de neuf sous le soleil militant ? \u00bb, in <em>R\u00e9sister au quotidien<\/em> ?, Paris, Presses de Sciences Po, 2013, pp. 246-247.<\/td><\/tr>\r\n\r\n <\/tbody> <\/table> <\/div><\/div><script type=\"text\/javascript\"> function footnote_expand_reference_container_16887_1() { jQuery('#footnote_references_container_16887_1').show(); jQuery('#footnote_reference_container_collapse_button_16887_1').text('\u2212'); } function footnote_collapse_reference_container_16887_1() { jQuery('#footnote_references_container_16887_1').hide(); jQuery('#footnote_reference_container_collapse_button_16887_1').text('+'); } function footnote_expand_collapse_reference_container_16887_1() { if (jQuery('#footnote_references_container_16887_1').is(':hidden')) { footnote_expand_reference_container_16887_1(); } else { footnote_collapse_reference_container_16887_1(); } } function footnote_moveToReference_16887_1(p_str_TargetID) { footnote_expand_reference_container_16887_1(); var l_obj_Target = jQuery('#' + p_str_TargetID); if (l_obj_Target.length) { jQuery( 'html, body' ).delay( 0 ); jQuery('html, body').animate({ scrollTop: l_obj_Target.offset().top - window.innerHeight * 0.2 }, 380); } } function footnote_moveToAnchor_16887_1(p_str_TargetID) { footnote_expand_reference_container_16887_1(); var l_obj_Target = jQuery('#' + p_str_TargetID); if (l_obj_Target.length) { jQuery( 'html, body' ).delay( 0 ); jQuery('html, body').animate({ scrollTop: l_obj_Target.offset().top - window.innerHeight * 0.2 }, 380); } }<\/script>","protected":false},"excerpt":{"rendered":"<p>R\u00e9guli\u00e8rement, nous entendons autour de nous des phrases du type :\u00ab on ne s\u2019engage plus autant qu\u2019avant \u00bb ou \u00ab c\u2019\u00e9tait quand m\u00eame bien mieux avant \u00bb. Mais ne seraient-ce pas plut\u00f4t les formes d\u2019engagement qui diff\u00e8rent plut\u00f4t que leur intensit\u00e9 ? L\u2019appel \u00e0 s\u2019engager se per\u00e7oit partout autour de nous. Les citoyennes et les [&hellip;]<\/p>\n","protected":false},"author":57,"featured_media":16886,"comment_status":"closed","ping_status":"open","sticky":false,"template":"","format":"standard","meta":{"_acf_changed":false,"_seopress_robots_primary_cat":"","_seopress_titles_title":"","_seopress_titles_desc":"","_seopress_robots_index":"","footnotes":""},"categories":[2722],"tags":[2809,2795,2835,2839,2793,2851],"class_list":["post-16887","post","type-post","status-publish","format-standard","has-post-thumbnail","hentry","category-articles-nos-publications","tag-actions-citoyennes","tag-article","tag-democratie","tag-justice-sociale","tag-societe-civile","tag-volontariat"],"acf":[],"_links":{"self":[{"href":"https:\/\/www.justicepaix.be\/en\/wp-json\/wp\/v2\/posts\/16887","targetHints":{"allow":["GET"]}}],"collection":[{"href":"https:\/\/www.justicepaix.be\/en\/wp-json\/wp\/v2\/posts"}],"about":[{"href":"https:\/\/www.justicepaix.be\/en\/wp-json\/wp\/v2\/types\/post"}],"author":[{"embeddable":true,"href":"https:\/\/www.justicepaix.be\/en\/wp-json\/wp\/v2\/users\/57"}],"replies":[{"embeddable":true,"href":"https:\/\/www.justicepaix.be\/en\/wp-json\/wp\/v2\/comments?post=16887"}],"version-history":[{"count":0,"href":"https:\/\/www.justicepaix.be\/en\/wp-json\/wp\/v2\/posts\/16887\/revisions"}],"wp:featuredmedia":[{"embeddable":true,"href":"https:\/\/www.justicepaix.be\/en\/wp-json\/wp\/v2\/media\/16886"}],"wp:attachment":[{"href":"https:\/\/www.justicepaix.be\/en\/wp-json\/wp\/v2\/media?parent=16887"}],"wp:term":[{"taxonomy":"category","embeddable":true,"href":"https:\/\/www.justicepaix.be\/en\/wp-json\/wp\/v2\/categories?post=16887"},{"taxonomy":"post_tag","embeddable":true,"href":"https:\/\/www.justicepaix.be\/en\/wp-json\/wp\/v2\/tags?post=16887"}],"curies":[{"name":"wp","href":"https:\/\/api.w.org\/{rel}","templated":true}]}}