{"id":16877,"date":"2020-06-23T14:23:33","date_gmt":"2020-06-23T14:23:33","guid":{"rendered":"https:\/\/demop.netbaz.be\/2021\/jp\/2020\/06\/23\/rd-congo-60-ans-d-independance-entre-victoires-et-luttes\/"},"modified":"2021-04-14T12:15:45","modified_gmt":"2021-04-14T12:15:45","slug":"rd-congo-60-ans-d-independance-entre-victoires-et-luttes","status":"publish","type":"post","link":"https:\/\/www.justicepaix.be\/en\/rd-congo-60-ans-d-independance-entre-victoires-et-luttes\/","title":{"rendered":"DR Congo 60 years of independence: between victories and struggles"},"content":{"rendered":"<p class=\"post_excerpt\">Le 30 juin 2020 la RD Congo c\u00e9l\u00e8brera 60 ann\u00e9es d\u2019ind\u00e9pendance. Ce num\u00e9ro de notre trimestriel propose une s\u00e9rie de r\u00e9flexions sur l\u2019\u00e9tat des lieux du syst\u00e8me sanitaire, le d\u00e9bat autour de la restitution des \u0153uvres d\u2019art rapport\u00e9es pendant la p\u00e9riode coloniale, ainsi que l\u2019implication de plus en plus grandissante des mouvements citoyens sur la sc\u00e8ne politique.\nCeux-ci, compos\u00e9s en majorit\u00e9 de jeunes, d\u00e9montrent leur volont\u00e9 de d\u00e9passer le discours de fatalit\u00e9 en centralisant l\u2019\u00e9nergie vers une r\u00e9silience sociale. La RD Congo qui partage une histoire commune avec la Belgique vit une p\u00e9riode d\u00e9cisive pour son avenir. <\/p>\n\n\n<!--more-->\n<strong>\u00c9DITO \nLA RD CONGO\nDANS UNE \u00c9CH\u00c9ANCE HISTORIQUE \nDOSSIER\nRD CONGO, 60 ANS D&rsquo;IND\u00c9PENDANCE<\/strong>\nIntroduction \nPremi\u00e8re r\u00e9flexion\nL\u2019\u00e9volution des soins de sant\u00e9 en RD Congo\nde 1960 \u00e0 ce jour \nDeuxi\u00e8me r\u00e9flexion\n\u00abLe pouvoir c\u2019est nous\u00bb\nou quand la jeunesse se mobilise en RD Congo \nTroisi\u00e8me r\u00e9flexion\nConserver ou restituer ?\nTelle est la question\n<strong>PORTRAIT<\/strong>\nLes 60 ans de l\u2019ind\u00e9pendance de la RD Congo\n \u00e0 travers les yeux d\u2019une Congolaise \n<strong>BR\u00c8VES <\/strong> <div id='gallery-1' class='gallery galleryid-16877 gallery-columns-3 gallery-size-thumbnail'><figure class='gallery-item'>\n\t\t\t<div class='gallery-icon landscape'>\n\t\t\t\t<a href='https:\/\/www.justicepaix.be\/wp-content\/uploads\/2020\/06\/png_ooox.png'><img decoding=\"async\" width=\"150\" height=\"150\" src=\"https:\/\/www.justicepaix.be\/wp-content\/uploads\/2020\/06\/png_ooox-150x150.png\" class=\"attachment-thumbnail size-thumbnail\" alt=\"ooox.png\" \/><\/a>\n\t\t\t<\/div><\/figure>\n\t\t<\/div>\n\n<h2 class=\"wp-block-heading\">Attachments<\/h2>\n\n\n\n<div class=\"wp-block-file\"><a href=\"http:\/\/demop.netbaz.be\/2021\/jp\/wp-content\/uploads\/2020\/06\/pdf_2020_justice_et_paix_revue_pppx_111.pdf\">2020_justice_et_paix_revue_pppx_111.pdf<\/a><\/div>","protected":false},"excerpt":{"rendered":"<p>Le 30 juin 2020 la RD Congo c\u00e9l\u00e8brera 60 ann\u00e9es d\u2019ind\u00e9pendance. Ce num\u00e9ro de notre trimestriel propose une s\u00e9rie de r\u00e9flexions sur l\u2019\u00e9tat des lieux du syst\u00e8me sanitaire, le d\u00e9bat autour de la restitution des \u0153uvres d\u2019art rapport\u00e9es pendant la p\u00e9riode coloniale, ainsi que l\u2019implication de plus en plus grandissante des mouvements citoyens sur la [&hellip;]<\/p>\n","protected":false},"author":62,"featured_media":16879,"comment_status":"closed","ping_status":"open","sticky":false,"template":"","format":"standard","meta":{"_acf_changed":false,"_seopress_robots_primary_cat":"","_seopress_titles_title":"","_seopress_titles_desc":"","_seopress_robots_index":"","footnotes":""},"categories":[2726],"tags":[],"class_list":["post-16877","post","type-post","status-publish","format-standard","has-post-thumbnail","hentry","category-les-numeros"],"acf":[],"_links":{"self":[{"href":"https:\/\/www.justicepaix.be\/en\/wp-json\/wp\/v2\/posts\/16877","targetHints":{"allow":["GET"]}}],"collection":[{"href":"https:\/\/www.justicepaix.be\/en\/wp-json\/wp\/v2\/posts"}],"about":[{"href":"https:\/\/www.justicepaix.be\/en\/wp-json\/wp\/v2\/types\/post"}],"author":[{"embeddable":true,"href":"https:\/\/www.justicepaix.be\/en\/wp-json\/wp\/v2\/users\/62"}],"replies":[{"embeddable":true,"href":"https:\/\/www.justicepaix.be\/en\/wp-json\/wp\/v2\/comments?post=16877"}],"version-history":[{"count":0,"href":"https:\/\/www.justicepaix.be\/en\/wp-json\/wp\/v2\/posts\/16877\/revisions"}],"wp:featuredmedia":[{"embeddable":true,"href":"https:\/\/www.justicepaix.be\/en\/wp-json\/wp\/v2\/media\/16879"}],"wp:attachment":[{"href":"https:\/\/www.justicepaix.be\/en\/wp-json\/wp\/v2\/media?parent=16877"}],"wp:term":[{"taxonomy":"category","embeddable":true,"href":"https:\/\/www.justicepaix.be\/en\/wp-json\/wp\/v2\/categories?post=16877"},{"taxonomy":"post_tag","embeddable":true,"href":"https:\/\/www.justicepaix.be\/en\/wp-json\/wp\/v2\/tags?post=16877"}],"curies":[{"name":"wp","href":"https:\/\/api.w.org\/{rel}","templated":true}]}}