{"id":16871,"date":"2020-05-28T15:40:00","date_gmt":"2020-05-28T15:40:00","guid":{"rendered":"https:\/\/demop.netbaz.be\/2021\/jp\/2020\/05\/28\/creuseurs-miniers-artisanaux-les-oublies-de-la-crise-du-coronavirus-2\/"},"modified":"2021-07-06T14:29:23","modified_gmt":"2021-07-06T12:29:23","slug":"creuseurs-miniers-artisanaux-les-oublies-de-la-crise-du-coronavirus-2","status":"publish","type":"post","link":"https:\/\/www.justicepaix.be\/en\/creuseurs-miniers-artisanaux-les-oublies-de-la-crise-du-coronavirus-2\/","title":{"rendered":"Artisanal mining diggers: those forgotten by the coronavirus crisis"},"content":{"rendered":"\n<p class=\"post_excerpt\">Le COVID-19 peut affecter tout le monde, indistinctement. Mais ses impacts peuvent varier d\u2019une personne \u00e0 l\u2019autre. Les personnes qui \u00e9taient vuln\u00e9rables avant la pand\u00e9mie, telles que les personnes qui vivent de l\u2019exploitation mini\u00e8re, le sont d\u2019ailleurs d\u2019autant plus aujourd\u2019hui. Une r\u00e9ponse ad\u00e9quate et solidaire s\u2019av\u00e8re donc n\u00e9cessaire pour redresser les d\u00e9fauts inh\u00e9rents aux cha\u00eenes d\u2019approvisionnement internationales et prot\u00e9ger les personnes qui se trouvent en amont de celles-ci.<br>\n<doc3094|left>\n<\/doc3094|left><\/p>\n\n\n\n<p><br>\n<bloc> L\u2019exploitation mini\u00e8re artisanale, un secteur \u00e9conomique non n\u00e9gligeable<\/bloc><\/p>\n\n\n\n<!--more-->\n\n\n\n<p>Le secteur de l\u2019exploitation mini\u00e8re artisanale et \u00e0 petite \u00e9chelle (EMAPE) est tr\u00e8s informel, c\u2019est-\u00e0-dire avec un faible niveau d\u2019organisation. Il est donc tr\u00e8s difficile d\u2019avoir les chiffres exacts. Cependant, selon la Banque Mondiale, ce secteur emploierait pr\u00e8s de 40 millions de personnes <span class=\"footnote_referrer\"><a role=\"button\" tabindex=\"0\" onclick=\"footnote_moveToReference_16871_1('footnote_plugin_reference_16871_1_1');\" onkeypress=\"footnote_moveToReference_16871_1('footnote_plugin_reference_16871_1_1');\" ><sup id=\"footnote_plugin_tooltip_16871_1_1\" class=\"footnote_plugin_tooltip_text\">[1]<\/sup><\/a><span id=\"footnote_plugin_tooltip_text_16871_1_1\" class=\"footnote_tooltip\"> World Bank. 2019. 2019 State of the Artisanal and Small-Scale Mining Sector. Washington, D.C.: World Bank.<\/span><\/span><script type=\"text\/javascript\"> jQuery('#footnote_plugin_tooltip_16871_1_1').tooltip({ tip: '#footnote_plugin_tooltip_text_16871_1_1', tipClass: 'footnote_tooltip', effect: 'fade', predelay: 0, fadeInSpeed: 200, delay: 400, fadeOutSpeed: 200, position: 'top center', relative: true, offset: [-7, 0], });<\/script> et ferait vivre plus de 150 millions de personnes dans 80 pays \u00e0 travers le monde <span class=\"footnote_referrer\"><a role=\"button\" tabindex=\"0\" onclick=\"footnote_moveToReference_16871_1('footnote_plugin_reference_16871_1_2');\" onkeypress=\"footnote_moveToReference_16871_1('footnote_plugin_reference_16871_1_2');\" ><sup id=\"footnote_plugin_tooltip_16871_1_2\" class=\"footnote_plugin_tooltip_text\">[2]<\/sup><\/a><span id=\"footnote_plugin_tooltip_text_16871_1_2\" class=\"footnote_tooltip\">Intergovernmental Forum on Mining, Minerals, Metals and Sustainable Development (IGF). (2017). Global Trends in Artisanal and Small-Scale Mining (ASM): A review of key numbers and issues. Winnipeg:&nbsp;&#x2026; <span class=\"footnote_tooltip_continue\"  onclick=\"footnote_moveToReference_16871_1('footnote_plugin_reference_16871_1_2');\">Continuer la lecture<\/span><\/span><\/span><script type=\"text\/javascript\"> jQuery('#footnote_plugin_tooltip_16871_1_2').tooltip({ tip: '#footnote_plugin_tooltip_text_16871_1_2', tipClass: 'footnote_tooltip', effect: 'fade', predelay: 0, fadeInSpeed: 200, delay: 400, fadeOutSpeed: 200, position: 'top center', relative: true, offset: [-7, 0], });<\/script>.<\/p>\n\n\n\n<p>Au P\u00e9rou par exemple, l\u2019exploitation mini\u00e8re artisanale, principalement d\u2019or et de cuivre, emploierait jusqu\u2019\u00e0 500,000 personnes. Ceci est important, mais reste toutefois marginal compar\u00e9 \u00e0 l\u2019exploitation \u00e0 grande \u00e9chelle qui compte jusqu\u2019\u00e0 1.5 million de personnes employ\u00e9es directement ou indirectement. <\/p>\n\n\n\n<p>La R\u00e9publique d\u00e9mocratique du Congo (RD Congo) compterait quant \u00e0 elle pas moins de deux millions de creuseurs artisanaux. L\u2019exploitation mini\u00e8re artisanale, par les m\u00e9tiers parall\u00e8les qu\u2019elle engendre, ferait en revanche vivre 8 millions de personnes, soit pr\u00e8s de 10% de la population congolaise.<\/p>\n\n\n\n<p>Dans la plupart des pays riches en minerais, le revenu de l&rsquo;extraction informelle est g\u00e9n\u00e9ralement plus \u00e9lev\u00e9 que celui d&rsquo;autres secteurs (par exemple celui de l\u2019agriculture). Les minerais extraits comme l\u2019or, l&rsquo;\u00e9tain, le tungst\u00e8ne, le tantale, le cobalt se retrouvent dans la composition de biens de consommation quotidiens, tels que l&rsquo;\u00e9lectronique, les batteries rechargeables, mais aussi dans des instruments m\u00e9dicaux n\u00e9cessaires au traitement du COVID-19. Ils ont une grande valeur d\u00e9finie par les prix du march\u00e9 international. Malgr\u00e9 cela, la grande majorit\u00e9 de ceux et celles qui, directement et indirectement, contribuent \u00e0 extraire ces minerais sont parmi les plus pauvres du monde. Ceci s\u2019explique, entre autres, par le fait qu\u2019ils et elles ne re\u00e7oivent pas un salaire \u00e0 la hauteur de leur travail, que leurs droits ne sont pas d\u00e9fendus, mais aussi, dans le cadre de zones en conflits, par le fait qu\u2019ils\u00b7elles sont \u00e0 la merci de forces arm\u00e9es gouvernementales ou priv\u00e9es qui n\u2019h\u00e9sitent pas \u00e0 les ran\u00e7onner ou taxer pour leur profit personnel.<br>\n<\/p>\n\n\n\n<p><bloc> Les perdants et les gagnants de la crise : zoom sur la RD Congo<\/bloc><\/p>\n\n\n\n<p>Comme dans chaque crise, la pand\u00e9mie compte des gagnants et des perdants. Les mesures sanitaires prises par les gouvernements dans le monde entier ont s\u00e9rieusement perturb\u00e9 les cha\u00eenes d&rsquo;approvisionnement, rendant ces derni\u00e8res encore plus pr\u00e9caires. En effet, non seulement les fronti\u00e8res et certains points de vente l\u00e9gaux ont ferm\u00e9, mais les prix ont \u00e9galement drastiquement chut\u00e9. Par exemple, le prix du cuivre, souvent consid\u00e9r\u00e9 comme le barom\u00e8tre des m\u00e9taux compte tenu de la taille de son march\u00e9 et de ses multiples utilisations finales, a chut\u00e9 de 22% entre janvier et avril 2020. Les prix du fer, zinc, plomb et nickel ont tous diminu\u00e9 de 10 \u00e0 20% au cours de la m\u00eame p\u00e9riode <span class=\"footnote_referrer\"><a role=\"button\" tabindex=\"0\" onclick=\"footnote_moveToReference_16871_1('footnote_plugin_reference_16871_1_3');\" onkeypress=\"footnote_moveToReference_16871_1('footnote_plugin_reference_16871_1_3');\" ><sup id=\"footnote_plugin_tooltip_16871_1_3\" class=\"footnote_plugin_tooltip_text\">[3]<\/sup><\/a><span id=\"footnote_plugin_tooltip_text_16871_1_3\" class=\"footnote_tooltip\">Standard &amp; Poor Global Market Intelligence, <a href=\"https:\/\/www.spglobal.com\/marketintelligence\/en\/news-insights\/research\/covid-19-impacts-to-metals-prices-volatility-is-here-to-stay-part-1\">COVID-19 Impacts To Metals Prices: Volatility Is Here To Stay &#8211; Part 1, 15 April 2020<\/a>.<\/span><\/span><script type=\"text\/javascript\"> jQuery('#footnote_plugin_tooltip_16871_1_3').tooltip({ tip: '#footnote_plugin_tooltip_text_16871_1_3', tipClass: 'footnote_tooltip', effect: 'fade', predelay: 0, fadeInSpeed: 200, delay: 400, fadeOutSpeed: 200, position: 'top center', relative: true, offset: [-7, 0], });<\/script> Le prix de l\u2019or artisanal a lui aussi connu une baisse importante <span class=\"footnote_referrer\"><a role=\"button\" tabindex=\"0\" onclick=\"footnote_moveToReference_16871_1('footnote_plugin_reference_16871_1_4');\" onkeypress=\"footnote_moveToReference_16871_1('footnote_plugin_reference_16871_1_4');\" ><sup id=\"footnote_plugin_tooltip_16871_1_4\" class=\"footnote_plugin_tooltip_text\">[4]<\/sup><\/a><span id=\"footnote_plugin_tooltip_text_16871_1_4\" class=\"footnote_tooltip\">Artisanal Gold Council, <a href=\"https:\/\/www.artisanalgold.org\/2020\/04\/gold-database-extract-artisanal-gold-prices-pre-and-post-covid-19\/\">Gold Database Extract: Artisanal Gold Prices Pre and Post Covid-19<\/a>, April 21, 2020.<\/span><\/span><script type=\"text\/javascript\"> jQuery('#footnote_plugin_tooltip_16871_1_4').tooltip({ tip: '#footnote_plugin_tooltip_text_16871_1_4', tipClass: 'footnote_tooltip', effect: 'fade', predelay: 0, fadeInSpeed: 200, delay: 400, fadeOutSpeed: 200, position: 'top center', relative: true, offset: [-7, 0], });<\/script>. De plus, les acheteurs d\u2019or locaux manquant de liquidit\u00e9s, ils auraient oblig\u00e9 les exploitants \u00e0 r\u00e9duire encore davantage le prix de leur or, en allant parfois jusqu\u2019\u00e0 des r\u00e9ductions de 30 \u00e0 50% selon les endroits <span class=\"footnote_referrer\"><a role=\"button\" tabindex=\"0\" onclick=\"footnote_moveToReference_16871_1('footnote_plugin_reference_16871_1_5');\" onkeypress=\"footnote_moveToReference_16871_1('footnote_plugin_reference_16871_1_5');\" ><sup id=\"footnote_plugin_tooltip_16871_1_5\" class=\"footnote_plugin_tooltip_text\">[5]<\/sup><\/a><span id=\"footnote_plugin_tooltip_text_16871_1_5\" class=\"footnote_tooltip\">IMPACT, <a href=\"https:\/\/impacttransform.org\/fr\/covid19-negociants-illicites-exploitants\/\">La COVID-19 et l\u2019EMAPE : Des n\u00e9gociants illicites profitent de la vuln\u00e9rabilit\u00e9 des exploitantes et exploitants de mines dans des zones de conflits<\/a>, 20 avril 2020.<\/span><\/span><script type=\"text\/javascript\"> jQuery('#footnote_plugin_tooltip_16871_1_5').tooltip({ tip: '#footnote_plugin_tooltip_text_16871_1_5', tipClass: 'footnote_tooltip', effect: 'fade', predelay: 0, fadeInSpeed: 200, delay: 400, fadeOutSpeed: 200, position: 'top center', relative: true, offset: [-7, 0], });<\/script>. Nul besoin de pr\u00e9ciser que les femmes, d\u00e9j\u00e0 d\u2019ordinaire moins bien pay\u00e9es que les hommes <span class=\"footnote_referrer\"><a role=\"button\" tabindex=\"0\" onclick=\"footnote_moveToReference_16871_1('footnote_plugin_reference_16871_1_6');\" onkeypress=\"footnote_moveToReference_16871_1('footnote_plugin_reference_16871_1_6');\" ><sup id=\"footnote_plugin_tooltip_16871_1_6\" class=\"footnote_plugin_tooltip_text\">[6]<\/sup><\/a><span id=\"footnote_plugin_tooltip_text_16871_1_6\" class=\"footnote_tooltip\">A ce sujet, voir Justice et Paix, <a href=\"https:\/\/www.justicepaix.be\/Femmes-dans-les-mines-comment-extraire-l-egalite\">Femmes dans les mines : comment extraire l\u2019\u00e9galit\u00e9?<\/a>, Mars 2020.<\/span><\/span><script type=\"text\/javascript\"> jQuery('#footnote_plugin_tooltip_16871_1_6').tooltip({ tip: '#footnote_plugin_tooltip_text_16871_1_6', tipClass: 'footnote_tooltip', effect: 'fade', predelay: 0, fadeInSpeed: 200, delay: 400, fadeOutSpeed: 200, position: 'top center', relative: true, offset: [-7, 0], });<\/script>, sont d\u2019autant plus impact\u00e9es par ces fluctuations du march\u00e9. <\/p>\n\n\n\n<p>Les cons\u00e9quences \u00e9conomiques de la crise se font donc encore plus durement ressentir autour des sites miniers o\u00f9 parall\u00e8lement \u00e0 la baisse des prix des minerais, celui des denr\u00e9es alimentaires est quant \u00e0 lui en hausse. L&rsquo;exploitation sexuelle, les violences bas\u00e9es sur le genre, ainsi que le travail des enfants qui ne peuvent plus aller \u00e0 l\u2019\u00e9cole lorsque celles-ci ferment, sont ainsi parfois en hausse <span class=\"footnote_referrer\"><a role=\"button\" tabindex=\"0\" onclick=\"footnote_moveToReference_16871_1('footnote_plugin_reference_16871_1_7');\" onkeypress=\"footnote_moveToReference_16871_1('footnote_plugin_reference_16871_1_7');\" ><sup id=\"footnote_plugin_tooltip_16871_1_7\" class=\"footnote_plugin_tooltip_text\">[7]<\/sup><\/a><span id=\"footnote_plugin_tooltip_text_16871_1_7\" class=\"footnote_tooltip\">EurAc, <a href=\"https:\/\/www.eurac-network.org\/sites\/default\/files\/20200527_eurac_policyreport_covid19_vf_2.pdf\">The COVID-19 response should leave no one behind: the pandemic\u2019s implications in the Great Lakes region<\/a>, Policy Report Brussels, 27 May 2020.<\/span><\/span><script type=\"text\/javascript\"> jQuery('#footnote_plugin_tooltip_16871_1_7').tooltip({ tip: '#footnote_plugin_tooltip_text_16871_1_7', tipClass: 'footnote_tooltip', effect: 'fade', predelay: 0, fadeInSpeed: 200, delay: 400, fadeOutSpeed: 200, position: 'top center', relative: true, offset: [-7, 0], });<\/script>. Globalement, les mesures de confinement exercent une pression suppl\u00e9mentaire sur un secteur d\u00e9j\u00e0 tr\u00e8s pr\u00e9caire et souvent appauvri.<\/p>\n\n\n\n<p>Les grands gagnants sont en revanche les commer\u00e7ants qui ach\u00e8tent \u00e0 bas prix, quitte \u00e0 aller s\u2019approvisionner personnellement aupr\u00e8s des exploitants pour se faire une meilleure marge. Mais l\u2019arriv\u00e9e de ces nouveaux acheteurs peut perturber l\u2019\u00e9quilibre d\u00e9j\u00e0 fragile qui se cr\u00e9e g\u00e9n\u00e9ralement autour des mines, exacerbant ou cr\u00e9ant ainsi de nouvelles tensions. La fermeture des comptoirs d\u2019achat augmente aussi fortement les risques de contrebande. \u00c0 l\u2019Est de la RD Congo, certains groupes arm\u00e9s profitent \u00e9galement de l\u2019occasion pour (re)prendre le contr\u00f4le de sites miniers et avoir un acc\u00e8s privil\u00e9gi\u00e9 \u00e0 ces nouveaux acheteurs. La s\u00e9curit\u00e9 dans la r\u00e9gion, bien que pr\u00e9caire, se retrouve d\u2019autant plus menac\u00e9e.<br>\n<\/p>\n\n\n\n<p><bloc> Des risques accrus pour la sant\u00e9 et la s\u00e9curit\u00e9<\/bloc><\/p>\n\n\n\n<p>Certains gouvernements ont d\u00e9cid\u00e9 de compl\u00e9tement fermer des sites d\u2019EMAPE (comme en Inde). Mais malgr\u00e9 cela, de nombreux exploitants continuent \u00e0 creuser par n\u00e9cessit\u00e9 financi\u00e8re.<\/p>\n\n\n\n<p>En RD Congo, le Minist\u00e8re des Mines a pr\u00e9conis\u00e9 la poursuite de l\u2019activit\u00e9 mini\u00e8re artisanale \u00ab parce que le pays ne saurait tenir le coup en cas d\u2019arr\u00eat brusque de la production mini\u00e8re \u00bb.  Pour preuve, le secteur minier repr\u00e9sentait 32,8% du Produit Int\u00e9rieur Brut (PIB) en 2018 (le cobalt et le cuivre contribuant \u00e0 eux seuls \u00e0 hauteur de 29,3% du PIB en 2018) <span class=\"footnote_referrer\"><a role=\"button\" tabindex=\"0\" onclick=\"footnote_moveToReference_16871_1('footnote_plugin_reference_16871_1_8');\" onkeypress=\"footnote_moveToReference_16871_1('footnote_plugin_reference_16871_1_8');\" ><sup id=\"footnote_plugin_tooltip_16871_1_8\" class=\"footnote_plugin_tooltip_text\">[8]<\/sup><\/a><span id=\"footnote_plugin_tooltip_text_16871_1_8\" class=\"footnote_tooltip\">Minist\u00e8re des Mines, <a href=\"http:\/\/congomines.org\/system\/attachments\/assets\/000\/001\/845\/original\/Ministe%CC%80re_Mines_Impact_COVID_19_secteur_minier__RDC_sur_l'e%CC%81conomie_nationale_13_04_2020.pdf.pdf?1587111572\">Analyse de l\u2019impact de la pand\u00e9mie du COVID-19 sur le secteur minier de la R\u00e9publique D\u00e9mocratique du Congo<\/a>, 13 avril 2020.<\/span><\/span><script type=\"text\/javascript\"> jQuery('#footnote_plugin_tooltip_16871_1_8').tooltip({ tip: '#footnote_plugin_tooltip_text_16871_1_8', tipClass: 'footnote_tooltip', effect: 'fade', predelay: 0, fadeInSpeed: 200, delay: 400, fadeOutSpeed: 200, position: 'top center', relative: true, offset: [-7, 0], });<\/script>. Qui plus est, selon le Minist\u00e8re, l\u2019arr\u00eat des activit\u00e9s artisanales \u00ab entra\u00eenerait des probl\u00e8mes d\u2019ins\u00e9curit\u00e9 dans les villes \u00e0 cause du retour de grandes masses de creuseurs sans moyens de subsistance <span class=\"footnote_referrer\"><a role=\"button\" tabindex=\"0\" onclick=\"footnote_moveToReference_16871_1('footnote_plugin_reference_16871_1_9');\" onkeypress=\"footnote_moveToReference_16871_1('footnote_plugin_reference_16871_1_9');\" ><sup id=\"footnote_plugin_tooltip_16871_1_9\" class=\"footnote_plugin_tooltip_text\">[9]<\/sup><\/a><span id=\"footnote_plugin_tooltip_text_16871_1_9\" class=\"footnote_tooltip\">Ibidem.<\/span><\/span><script type=\"text\/javascript\"> jQuery('#footnote_plugin_tooltip_16871_1_9').tooltip({ tip: '#footnote_plugin_tooltip_text_16871_1_9', tipClass: 'footnote_tooltip', effect: 'fade', predelay: 0, fadeInSpeed: 200, delay: 400, fadeOutSpeed: 200, position: 'top center', relative: true, offset: [-7, 0], });<\/script> \u00bb. Le Minist\u00e8re des Mines aurait donc demand\u00e9 au Service d\u2019Assistance et d\u2019Encadrement des mines \u00e0 petite Echelle (SAEMAPE) de collaborer avec les Inspections Provinciales de la Sant\u00e9 pour mettre en \u0153uvre des mesures strictes de contr\u00f4le sanitaire au niveau des sites miniers artisanaux. Mais compte tenu du caract\u00e8re informel des mines et que les creuseurs se d\u00e9nombrent par centaines, voire milliers sur certains sites, ces mesures semblent difficiles \u00e0 mettre en place et \u00e0 \u00eatre respect\u00e9es. Malgr\u00e9 l\u2019intervention d\u2019organisations de la soci\u00e9t\u00e9 civile qui sensibilisent aux mesures sanitaires, le risque de contamination et de propagation de la maladie est donc bien r\u00e9el <span class=\"footnote_referrer\"><a role=\"button\" tabindex=\"0\" onclick=\"footnote_moveToReference_16871_1('footnote_plugin_reference_16871_1_10');\" onkeypress=\"footnote_moveToReference_16871_1('footnote_plugin_reference_16871_1_10');\" ><sup id=\"footnote_plugin_tooltip_16871_1_10\" class=\"footnote_plugin_tooltip_text\">[10]<\/sup><\/a><span id=\"footnote_plugin_tooltip_text_16871_1_10\" class=\"footnote_tooltip\">Fin mai la RD Congo comptait pr\u00e8s de 3.000 cas de COVID-19 confirm\u00e9s.<\/span><\/span><script type=\"text\/javascript\"> jQuery('#footnote_plugin_tooltip_16871_1_10').tooltip({ tip: '#footnote_plugin_tooltip_text_16871_1_10', tipClass: 'footnote_tooltip', effect: 'fade', predelay: 0, fadeInSpeed: 200, delay: 400, fadeOutSpeed: 200, position: 'top center', relative: true, offset: [-7, 0], });<\/script>.<br>\n<\/p>\n\n\n\n<p><bloc> Plaidoyer pour une meilleure r\u00e9glementation des cha\u00eenes d\u2019approvisionnement<\/bloc><\/p>\n\n\n\n<p>La pand\u00e9mie du COVID-19 n\u2019est pas la premi\u00e8re \u00e0 laquelle nos soci\u00e9t\u00e9s, y compris dans les pays du Sud, sont confront\u00e9es. La RD Congo doit d\u2019ailleurs actuellement faire en m\u00eame temps face \u00e0 une r\u00e9surgence de l\u2019\u00e9pid\u00e9mie Ebola au Nord-Kivu et des \u00e9pisodes de chol\u00e9ra. Mais ce qui est s\u00fbr, c\u2019est que la crise du COVID-19 r\u00e9v\u00e8le de mani\u00e8re flagrante les d\u00e9fauts et in\u00e9galit\u00e9s inh\u00e9rentes aux cha\u00eenes d\u2019approvisionnement. Ceux et celles qui paient le prix de la crise sont une nouvelle fois ceux et celles qui se trouvent au bas de ces cha\u00eenes, souvent oubli\u00e9\u00b7e\u00b7s des politiques publiques et de l\u2019aide internationale. <\/p>\n\n\n\n<p>Une intervention s\u2019impose donc d\u2019urgence pour, d\u2019une part r\u00e9pondre aux cons\u00e9quences imm\u00e9diates de la crise en prot\u00e9geant les exploitants et exploitantes, et, d\u2019autre part, \u00e0 plus long terme s\u2019attaquer aux causes profondes de la crise et ce qui rend ces personnes vuln\u00e9rables. Pour cela, formaliser le secteur minier et, plus globalement r\u00e9guler les activit\u00e9s \u00e9conomiques mondiales, est indispensable. <\/p>\n\n\n\n<p>\u00c0 cet \u00e9gard, la r\u00e9cente d\u00e9claration de Didier Reynders, Commissaire europ\u00e9en \u00e0 la Justice, de <a href=\"https:\/\/www.euractiv.com\/section\/global-europe\/news\/new-human-rights-laws-in-2021-promises-eu-justice-chief\/\">proposer d\u00e8s l\u2019ann\u00e9e 2021 une l\u00e9gislation europ\u00e9enne qui imposerait un devoir de diligence aux entreprises<\/a>, est une avanc\u00e9e importante. Concr\u00e8tement, cela signifie que les entreprises europ\u00e9ennes devraient s\u2019assurer que leurs activit\u00e9s, quels que soient leurs lieu et secteur, ne portent pas atteinte aux droits humains et \u00e0 l\u2019environnement, et ce, m\u00eame si elles ont recours \u00e0 des sous-traitants. Il s\u2019agit l\u00e0 d\u2019un pas en avant important puisque jusqu\u2019\u00e0 pr\u00e9sent les entreprises ne sont soumises qu\u2019\u00e0 des r\u00e8gles volontaires, qui se sont av\u00e9r\u00e9es inefficaces pour pr\u00e9venir certaines pratiques illicites et immorales des entreprises. Ceci permettrait aussi \u00e0 de nombreuses personnes affect\u00e9es par les activit\u00e9s des entreprises qui n\u2019ont souvent pas acc\u00e8s \u00e0 la justice, d\u2019obtenir r\u00e9paration pour les pr\u00e9judices subis. Reste \u00e0 voir maintenant si la proposition de la Commission europ\u00e9enne sera suffisamment ambitieuse pour faire face \u00e0 ces d\u00e9fis. La Belgique a d\u2019ailleurs \u00e9galement un r\u00f4le \u00e0 jouer dans l\u2019\u00e9laboration de ces r\u00e8gles <span class=\"footnote_referrer\"><a role=\"button\" tabindex=\"0\" onclick=\"footnote_moveToReference_16871_1('footnote_plugin_reference_16871_1_11');\" onkeypress=\"footnote_moveToReference_16871_1('footnote_plugin_reference_16871_1_11');\" ><sup id=\"footnote_plugin_tooltip_16871_1_11\" class=\"footnote_plugin_tooltip_text\">[11]<\/sup><\/a><span id=\"footnote_plugin_tooltip_text_16871_1_11\" class=\"footnote_tooltip\">A ce sujet, voir notre carte blanche, <a href=\"https:\/\/plus.lesoir.be\/301569\/article\/2020-05-18\/entreprises-et-droits-humains-ce-que-revele-le-coronavirus\">Entreprises et droits humains : ce que r\u00e9v\u00e8le le coronavirus<\/a>, parue dans Le Soir, 18 mai 2020.<\/span><\/span><script type=\"text\/javascript\"> jQuery('#footnote_plugin_tooltip_16871_1_11').tooltip({ tip: '#footnote_plugin_tooltip_text_16871_1_11', tipClass: 'footnote_tooltip', effect: 'fade', predelay: 0, fadeInSpeed: 200, delay: 400, fadeOutSpeed: 200, position: 'top center', relative: true, offset: [-7, 0], });<\/script>. La soci\u00e9t\u00e9 civile et les citoyen\u00b7ne\u00b7s <span class=\"footnote_referrer\"><a role=\"button\" tabindex=\"0\" onclick=\"footnote_moveToReference_16871_1('footnote_plugin_reference_16871_1_12');\" onkeypress=\"footnote_moveToReference_16871_1('footnote_plugin_reference_16871_1_12');\" ><sup id=\"footnote_plugin_tooltip_16871_1_12\" class=\"footnote_plugin_tooltip_text\">[12]<\/sup><\/a><span id=\"footnote_plugin_tooltip_text_16871_1_12\" class=\"footnote_tooltip\">En 2019, plus de 847.000 personnes ont sign\u00e9 une p\u00e9tition r\u00e9clamant que l\u2019Union europ\u00e9enne mette en place un syst\u00e8me mondial contraignant capable de rendre les multinationales juridiquement&nbsp;&#x2026; <span class=\"footnote_tooltip_continue\"  onclick=\"footnote_moveToReference_16871_1('footnote_plugin_reference_16871_1_12');\">Continuer la lecture<\/span><\/span><\/span><script type=\"text\/javascript\"> jQuery('#footnote_plugin_tooltip_16871_1_12').tooltip({ tip: '#footnote_plugin_tooltip_text_16871_1_12', tipClass: 'footnote_tooltip', effect: 'fade', predelay: 0, fadeInSpeed: 200, delay: 400, fadeOutSpeed: 200, position: 'top center', relative: true, offset: [-7, 0], });<\/script> seront en tout cas l\u00e0 pour rappeler ces engagements et pour faire entendre la voix de ces personnes souvent oubli\u00e9es ou invisibilis\u00e9es.<\/p>\n\n\n\n<p><strong>Pour voir toutes les recommandations d\u00e9taill\u00e9es que nous adressons aux gouvernements, institutions financi\u00e8res, organisations internationales, acteurs du secteur priv\u00e9 et toutes les autres parties concern\u00e9es, voir la d\u00e9claration que nous avons co-sign\u00e9e :<\/strong> <a href=\"https:\/\/www.justicepaix.be\/Une-intervention-d-urgence-s-impose-aupres-des-communautes-d-exploitation\">Une intervention d\u2019urgence s\u2019impose aupr\u00e8s des communaut\u00e9s d\u2019exploitation mini\u00e8re artisanale et \u00e0 petite \u00e9chelle et des cha\u00eenes d\u2019approvisionnement.<\/a><br>\n<\/p>\n\n\n\n<p><strong>Agathe Smyth.<\/strong><br>\n<\/p>\n\n\n\n<figure class=\"wp-block-gallery columns-3 is-cropped wp-block-gallery-1 is-layout-flex wp-block-gallery-is-layout-flex\"><ul class=\"blocks-gallery-grid\"><li class=\"blocks-gallery-item\"><figure><a href=\"https:\/\/www.justicepaix.be\/wp-content\/uploads\/2020\/06\/jpg_img_1970-scaled.jpg\"><img fetchpriority=\"high\" decoding=\"async\" width=\"2560\" height=\"1707\" src=\"https:\/\/www.justicepaix.be\/wp-content\/uploads\/2020\/06\/jpg_img_1970-scaled.jpg\" alt=\"img_1970.jpg\" data-id=\"16872\" class=\"wp-image-16872\" srcset=\"https:\/\/www.justicepaix.be\/wp-content\/uploads\/2020\/06\/jpg_img_1970-scaled.jpg 2560w, https:\/\/www.justicepaix.be\/wp-content\/uploads\/2020\/06\/jpg_img_1970-300x200.jpg 300w, https:\/\/www.justicepaix.be\/wp-content\/uploads\/2020\/06\/jpg_img_1970-1024x683.jpg 1024w, https:\/\/www.justicepaix.be\/wp-content\/uploads\/2020\/06\/jpg_img_1970-768x512.jpg 768w, https:\/\/www.justicepaix.be\/wp-content\/uploads\/2020\/06\/jpg_img_1970-1536x1024.jpg 1536w, https:\/\/www.justicepaix.be\/wp-content\/uploads\/2020\/06\/jpg_img_1970-2048x1365.jpg 2048w\" sizes=\"(max-width: 2560px) 100vw, 2560px\" \/><\/a><\/figure><\/li><li class=\"blocks-gallery-item\"><figure><a href=\"https:\/\/www.justicepaix.be\/wp-content\/uploads\/2020\/06\/jpg_img_1970-scaled.jpg\"><img decoding=\"async\" width=\"2560\" height=\"1707\" src=\"https:\/\/www.justicepaix.be\/wp-content\/uploads\/2020\/06\/jpg_img_1970-scaled.jpg\" alt=\"img_1970.jpg\" data-id=\"16873\" class=\"wp-image-16873\" srcset=\"https:\/\/www.justicepaix.be\/wp-content\/uploads\/2020\/06\/jpg_img_1970-scaled.jpg 2560w, https:\/\/www.justicepaix.be\/wp-content\/uploads\/2020\/06\/jpg_img_1970-300x200.jpg 300w, https:\/\/www.justicepaix.be\/wp-content\/uploads\/2020\/06\/jpg_img_1970-1024x683.jpg 1024w, https:\/\/www.justicepaix.be\/wp-content\/uploads\/2020\/06\/jpg_img_1970-768x512.jpg 768w, https:\/\/www.justicepaix.be\/wp-content\/uploads\/2020\/06\/jpg_img_1970-1536x1024.jpg 1536w, https:\/\/www.justicepaix.be\/wp-content\/uploads\/2020\/06\/jpg_img_1970-2048x1365.jpg 2048w\" sizes=\"(max-width: 2560px) 100vw, 2560px\" \/><\/a><\/figure><\/li><\/ul><\/figure>\n\n\n\n<h2 class=\"wp-block-heading\">Documents joints<\/h2>\n\n\n\n<div class=\"wp-block-file\"><a href=\"http:\/\/demop.netbaz.be\/2021\/jp\/wp-content\/uploads\/2020\/06\/pdf_2020_analyse_creuseurs_miniers_artisanaux_les_oublies_de_la_crise_du_coronavirus_v2.pdf\">Creuseurs miniers artisanaux les oubli\u00e9s de la crise du Coronavirus<\/a><\/div>\n<div class=\"speaker-mute footnotes_reference_container\"> <div class=\"footnote_container_prepare\"><p><span role=\"button\" tabindex=\"0\" class=\"footnote_reference_container_label pointer\" onclick=\"footnote_expand_collapse_reference_container_16871_1();\">Notes<\/span><span role=\"button\" tabindex=\"0\" class=\"footnote_reference_container_collapse_button\" style=\"display: none;\" onclick=\"footnote_expand_collapse_reference_container_16871_1();\">[<a id=\"footnote_reference_container_collapse_button_16871_1\">+<\/a>]<\/span><\/p><\/div> <div id=\"footnote_references_container_16871_1\" style=\"\"><table class=\"footnotes_table footnote-reference-container\"><caption class=\"accessibility\">Notes<\/caption> <tbody> \r\n\r\n<tr class=\"footnotes_plugin_reference_row\"> <th scope=\"row\" id=\"footnote_plugin_reference_16871_1_1\" class=\"footnote_plugin_index pointer\" onclick=\"footnote_moveToAnchor_16871_1('footnote_plugin_tooltip_16871_1_1');\"><a role=\"button\" tabindex=\"0\" class=\"footnote_plugin_link\" ><span class=\"footnote_index_arrow\">&#8593;<\/span>1<\/a><\/th> <td class=\"footnote_plugin_text\"> World Bank. 2019. 2019 State of the Artisanal and Small-Scale Mining Sector. Washington, D.C.: World Bank.<\/td><\/tr>\r\n\r\n<tr class=\"footnotes_plugin_reference_row\"> <th scope=\"row\" id=\"footnote_plugin_reference_16871_1_2\" class=\"footnote_plugin_index pointer\" onclick=\"footnote_moveToAnchor_16871_1('footnote_plugin_tooltip_16871_1_2');\"><a role=\"button\" tabindex=\"0\" class=\"footnote_plugin_link\" ><span class=\"footnote_index_arrow\">&#8593;<\/span>2<\/a><\/th> <td class=\"footnote_plugin_text\">Intergovernmental Forum on Mining, Minerals, Metals and Sustainable Development (IGF). (2017). Global Trends in Artisanal and Small-Scale Mining (ASM): A review of key numbers and issues. Winnipeg: IISD.<\/td><\/tr>\r\n\r\n<tr class=\"footnotes_plugin_reference_row\"> <th scope=\"row\" id=\"footnote_plugin_reference_16871_1_3\" class=\"footnote_plugin_index pointer\" onclick=\"footnote_moveToAnchor_16871_1('footnote_plugin_tooltip_16871_1_3');\"><a role=\"button\" tabindex=\"0\" class=\"footnote_plugin_link\" ><span class=\"footnote_index_arrow\">&#8593;<\/span>3<\/a><\/th> <td class=\"footnote_plugin_text\">Standard &amp; Poor Global Market Intelligence, <a href=\"https:\/\/www.spglobal.com\/marketintelligence\/en\/news-insights\/research\/covid-19-impacts-to-metals-prices-volatility-is-here-to-stay-part-1\">COVID-19 Impacts To Metals Prices: Volatility Is Here To Stay &#8211; Part 1, 15 April 2020<\/a>.<\/td><\/tr>\r\n\r\n<tr class=\"footnotes_plugin_reference_row\"> <th scope=\"row\" id=\"footnote_plugin_reference_16871_1_4\" class=\"footnote_plugin_index pointer\" onclick=\"footnote_moveToAnchor_16871_1('footnote_plugin_tooltip_16871_1_4');\"><a role=\"button\" tabindex=\"0\" class=\"footnote_plugin_link\" ><span class=\"footnote_index_arrow\">&#8593;<\/span>4<\/a><\/th> <td class=\"footnote_plugin_text\">Artisanal Gold Council, <a href=\"https:\/\/www.artisanalgold.org\/2020\/04\/gold-database-extract-artisanal-gold-prices-pre-and-post-covid-19\/\">Gold Database Extract: Artisanal Gold Prices Pre and Post Covid-19<\/a>, April 21, 2020.<\/td><\/tr>\r\n\r\n<tr class=\"footnotes_plugin_reference_row\"> <th scope=\"row\" id=\"footnote_plugin_reference_16871_1_5\" class=\"footnote_plugin_index pointer\" onclick=\"footnote_moveToAnchor_16871_1('footnote_plugin_tooltip_16871_1_5');\"><a role=\"button\" tabindex=\"0\" class=\"footnote_plugin_link\" ><span class=\"footnote_index_arrow\">&#8593;<\/span>5<\/a><\/th> <td class=\"footnote_plugin_text\">IMPACT, <a href=\"https:\/\/impacttransform.org\/fr\/covid19-negociants-illicites-exploitants\/\">La COVID-19 et l\u2019EMAPE : Des n\u00e9gociants illicites profitent de la vuln\u00e9rabilit\u00e9 des exploitantes et exploitants de mines dans des zones de conflits<\/a>, 20 avril 2020.<\/td><\/tr>\r\n\r\n<tr class=\"footnotes_plugin_reference_row\"> <th scope=\"row\" id=\"footnote_plugin_reference_16871_1_6\" class=\"footnote_plugin_index pointer\" onclick=\"footnote_moveToAnchor_16871_1('footnote_plugin_tooltip_16871_1_6');\"><a role=\"button\" tabindex=\"0\" class=\"footnote_plugin_link\" ><span class=\"footnote_index_arrow\">&#8593;<\/span>6<\/a><\/th> <td class=\"footnote_plugin_text\">A ce sujet, voir Justice et Paix, <a href=\"https:\/\/www.justicepaix.be\/Femmes-dans-les-mines-comment-extraire-l-egalite\">Femmes dans les mines : comment extraire l\u2019\u00e9galit\u00e9?<\/a>, Mars 2020.<\/td><\/tr>\r\n\r\n<tr class=\"footnotes_plugin_reference_row\"> <th scope=\"row\" id=\"footnote_plugin_reference_16871_1_7\" class=\"footnote_plugin_index pointer\" onclick=\"footnote_moveToAnchor_16871_1('footnote_plugin_tooltip_16871_1_7');\"><a role=\"button\" tabindex=\"0\" class=\"footnote_plugin_link\" ><span class=\"footnote_index_arrow\">&#8593;<\/span>7<\/a><\/th> <td class=\"footnote_plugin_text\">EurAc, <a href=\"https:\/\/www.eurac-network.org\/sites\/default\/files\/20200527_eurac_policyreport_covid19_vf_2.pdf\">The COVID-19 response should leave no one behind: the pandemic\u2019s implications in the Great Lakes region<\/a>, Policy Report Brussels, 27 May 2020.<\/td><\/tr>\r\n\r\n<tr class=\"footnotes_plugin_reference_row\"> <th scope=\"row\" id=\"footnote_plugin_reference_16871_1_8\" class=\"footnote_plugin_index pointer\" onclick=\"footnote_moveToAnchor_16871_1('footnote_plugin_tooltip_16871_1_8');\"><a role=\"button\" tabindex=\"0\" class=\"footnote_plugin_link\" ><span class=\"footnote_index_arrow\">&#8593;<\/span>8<\/a><\/th> <td class=\"footnote_plugin_text\">Minist\u00e8re des Mines, <a href=\"http:\/\/congomines.org\/system\/attachments\/assets\/000\/001\/845\/original\/Ministe%CC%80re_Mines_Impact_COVID_19_secteur_minier__RDC_sur_l'e%CC%81conomie_nationale_13_04_2020.pdf.pdf?1587111572\">Analyse de l\u2019impact de la pand\u00e9mie du COVID-19 sur le secteur minier de la R\u00e9publique D\u00e9mocratique du Congo<\/a>, 13 avril 2020.<\/td><\/tr>\r\n\r\n<tr class=\"footnotes_plugin_reference_row\"> <th scope=\"row\" id=\"footnote_plugin_reference_16871_1_9\" class=\"footnote_plugin_index pointer\" onclick=\"footnote_moveToAnchor_16871_1('footnote_plugin_tooltip_16871_1_9');\"><a role=\"button\" tabindex=\"0\" class=\"footnote_plugin_link\" ><span class=\"footnote_index_arrow\">&#8593;<\/span>9<\/a><\/th> <td class=\"footnote_plugin_text\">Ibidem.<\/td><\/tr>\r\n\r\n<tr class=\"footnotes_plugin_reference_row\"> <th scope=\"row\" id=\"footnote_plugin_reference_16871_1_10\" class=\"footnote_plugin_index pointer\" onclick=\"footnote_moveToAnchor_16871_1('footnote_plugin_tooltip_16871_1_10');\"><a role=\"button\" tabindex=\"0\" class=\"footnote_plugin_link\" ><span class=\"footnote_index_arrow\">&#8593;<\/span>10<\/a><\/th> <td class=\"footnote_plugin_text\">Fin mai la RD Congo comptait pr\u00e8s de 3.000 cas de COVID-19 confirm\u00e9s.<\/td><\/tr>\r\n\r\n<tr class=\"footnotes_plugin_reference_row\"> <th scope=\"row\" id=\"footnote_plugin_reference_16871_1_11\" class=\"footnote_plugin_index pointer\" onclick=\"footnote_moveToAnchor_16871_1('footnote_plugin_tooltip_16871_1_11');\"><a role=\"button\" tabindex=\"0\" class=\"footnote_plugin_link\" ><span class=\"footnote_index_arrow\">&#8593;<\/span>11<\/a><\/th> <td class=\"footnote_plugin_text\">A ce sujet, voir notre carte blanche, <a href=\"https:\/\/plus.lesoir.be\/301569\/article\/2020-05-18\/entreprises-et-droits-humains-ce-que-revele-le-coronavirus\">Entreprises et droits humains : ce que r\u00e9v\u00e8le le coronavirus<\/a>, parue dans Le Soir, 18 mai 2020.<\/td><\/tr>\r\n\r\n<tr class=\"footnotes_plugin_reference_row\"> <th scope=\"row\" id=\"footnote_plugin_reference_16871_1_12\" class=\"footnote_plugin_index pointer\" onclick=\"footnote_moveToAnchor_16871_1('footnote_plugin_tooltip_16871_1_12');\"><a role=\"button\" tabindex=\"0\" class=\"footnote_plugin_link\" ><span class=\"footnote_index_arrow\">&#8593;<\/span>12<\/a><\/th> <td class=\"footnote_plugin_text\">En 2019, plus de <a href=\"https:\/\/stopisds.org\/fr\/\">847.000 personnes ont sign\u00e9 une p\u00e9tition<\/a> r\u00e9clamant que l\u2019Union europ\u00e9enne mette en place un syst\u00e8me mondial contraignant capable de rendre les multinationales juridiquement responsables pour leurs crimes.<\/td><\/tr>\r\n\r\n <\/tbody> <\/table> <\/div><\/div><script type=\"text\/javascript\"> function footnote_expand_reference_container_16871_1() { jQuery('#footnote_references_container_16871_1').show(); jQuery('#footnote_reference_container_collapse_button_16871_1').text('\u2212'); } function footnote_collapse_reference_container_16871_1() { jQuery('#footnote_references_container_16871_1').hide(); jQuery('#footnote_reference_container_collapse_button_16871_1').text('+'); } function footnote_expand_collapse_reference_container_16871_1() { if (jQuery('#footnote_references_container_16871_1').is(':hidden')) { footnote_expand_reference_container_16871_1(); } else { footnote_collapse_reference_container_16871_1(); } } function footnote_moveToReference_16871_1(p_str_TargetID) { footnote_expand_reference_container_16871_1(); var l_obj_Target = jQuery('#' + p_str_TargetID); if (l_obj_Target.length) { jQuery( 'html, body' ).delay( 0 ); jQuery('html, body').animate({ scrollTop: l_obj_Target.offset().top - window.innerHeight * 0.2 }, 380); } } function footnote_moveToAnchor_16871_1(p_str_TargetID) { footnote_expand_reference_container_16871_1(); var l_obj_Target = jQuery('#' + p_str_TargetID); if (l_obj_Target.length) { jQuery( 'html, body' ).delay( 0 ); jQuery('html, body').animate({ scrollTop: l_obj_Target.offset().top - window.innerHeight * 0.2 }, 380); } }<\/script>","protected":false},"excerpt":{"rendered":"<p>Le COVID-19 peut affecter tout le monde, indistinctement. Mais ses impacts peuvent varier d\u2019une personne \u00e0 l\u2019autre. Les personnes qui \u00e9taient vuln\u00e9rables avant la pand\u00e9mie, telles que les personnes qui vivent de l\u2019exploitation mini\u00e8re, le sont d\u2019ailleurs d\u2019autant plus aujourd\u2019hui. Une r\u00e9ponse ad\u00e9quate et solidaire s\u2019av\u00e8re donc n\u00e9cessaire pour redresser les d\u00e9fauts inh\u00e9rents aux cha\u00eenes [&hellip;]<\/p>\n","protected":false},"author":57,"featured_media":16872,"comment_status":"closed","ping_status":"open","sticky":false,"template":"","format":"standard","meta":{"_acf_changed":false,"_seopress_robots_primary_cat":"","_seopress_titles_title":"","_seopress_titles_desc":"","_seopress_robots_index":"","footnotes":""},"categories":[2722],"tags":[2795,2824,2818,2792,2811],"class_list":["post-16871","post","type-post","status-publish","format-standard","has-post-thumbnail","hentry","category-articles-nos-publications","tag-article","tag-droits-humains","tag-perou","tag-rd-congo","tag-ressources-naturelles"],"acf":[],"_links":{"self":[{"href":"https:\/\/www.justicepaix.be\/en\/wp-json\/wp\/v2\/posts\/16871","targetHints":{"allow":["GET"]}}],"collection":[{"href":"https:\/\/www.justicepaix.be\/en\/wp-json\/wp\/v2\/posts"}],"about":[{"href":"https:\/\/www.justicepaix.be\/en\/wp-json\/wp\/v2\/types\/post"}],"author":[{"embeddable":true,"href":"https:\/\/www.justicepaix.be\/en\/wp-json\/wp\/v2\/users\/57"}],"replies":[{"embeddable":true,"href":"https:\/\/www.justicepaix.be\/en\/wp-json\/wp\/v2\/comments?post=16871"}],"version-history":[{"count":0,"href":"https:\/\/www.justicepaix.be\/en\/wp-json\/wp\/v2\/posts\/16871\/revisions"}],"wp:featuredmedia":[{"embeddable":true,"href":"https:\/\/www.justicepaix.be\/en\/wp-json\/wp\/v2\/media\/16872"}],"wp:attachment":[{"href":"https:\/\/www.justicepaix.be\/en\/wp-json\/wp\/v2\/media?parent=16871"}],"wp:term":[{"taxonomy":"category","embeddable":true,"href":"https:\/\/www.justicepaix.be\/en\/wp-json\/wp\/v2\/categories?post=16871"},{"taxonomy":"post_tag","embeddable":true,"href":"https:\/\/www.justicepaix.be\/en\/wp-json\/wp\/v2\/tags?post=16871"}],"curies":[{"name":"wp","href":"https:\/\/api.w.org\/{rel}","templated":true}]}}