{"id":16866,"date":"2020-06-16T16:07:20","date_gmt":"2020-06-16T16:07:20","guid":{"rendered":"https:\/\/demop.netbaz.be\/2021\/jp\/2020\/06\/16\/une-formation-pour-construire-sa-boite-a\/"},"modified":"2021-04-14T12:15:18","modified_gmt":"2021-04-14T12:15:18","slug":"une-formation-pour-construire-sa-boite-a","status":"publish","type":"post","link":"https:\/\/www.justicepaix.be\/en\/une-formation-pour-construire-sa-boite-a\/","title":{"rendered":"ECMS: tools to bring it to life in class"},"content":{"rendered":"<p class=\"post_excerpt\"><img fetchpriority=\"high\" decoding=\"async\" class=\"aligncenter size-full wp-image-16865\" src=\"http:\/\/demop.netbaz.be\/2021\/jp\/wp-content\/uploads\/2020\/06\/jpg_visuel_formation_ecms_inter_ong.jpg\" alt=\"visual_formation_ecms_inter_ong.jpg\" align=\"center\" width=\"553\" height=\"754\" srcset=\"https:\/\/www.justicepaix.be\/wp-content\/uploads\/2020\/06\/jpg_visuel_formation_ecms_inter_ong.jpg 553w, https:\/\/www.justicepaix.be\/wp-content\/uploads\/2020\/06\/jpg_visuel_formation_ecms_inter_ong-220x300.jpg 220w\" sizes=\"(max-width: 553px) 100vw, 553px\" \/><br \/>\nL\u2019\u00e9ducation \u00e0 la citoyennet\u00e9 mondiale et \u00e0 la solidarit\u00e9 internationale :<br \/>\nDes outils pour la faire vivre en classe. Une formation pour construire sa boite \u00e0 outils et avoir des rep\u00e8res th\u00e9oriques et ludiques en ECMS<\/p>\n<p>A travers cette formation, vous exp\u00e9rimenterez des outils de diff\u00e9rentes ONG pour ensuite les animer dans vos classes.<\/p>\n<p>Aucun pr\u00e9requis n\u2019est n\u00e9cessaire.<\/p>\n<p><!--more--><br \/>\n<bloc>Objectifs de la formation<\/p>\n<p>\u2714\ufe0f Sensibiliser \u00e0 la compl\u00e9mentarit\u00e9 entre l\u2019ECMS et le milieu scolaire.<br \/>\n\u2714\ufe0f S\u2019approprier les notions de solidarit\u00e9 internationale.<br \/>\n\u2714\ufe0f S\u2019outiller et s\u2019approprier quelques outils et techniques. d\u2019animation d\u2019ECMS sur une th\u00e9matique particuli\u00e8re. Le but \u00e9tant de permettre aux participant.es d\u2019animer aupr\u00e8s de leur public.<br \/>\n<\/bloc><\/p>\n<p><bloc>Public<\/p>\n<p>\u2714\ufe0f Professeur.es de l\u2019enseignement secondaire sup\u00e9rieur (4-5-6) actif.v.es, toute discipline confondue.<br \/>\n\u2714\ufe0f \u00c9tudiant.es en agr\u00e9gation (AESS).<br \/>\n<\/bloc><\/p>\n<p><bloc>Practical information <\/p>\n<p>2 journ\u00e9es, 2 lieux :<br \/>\n&#8211; Lundi 24 ao\u00fbt 2020 : 9h &#8211; 16h30 (accueil d\u00e8s 8h30)<br \/>\n&#128205; Caritas International, 43 rue de la charit\u00e9, 1210 Bruxelles (m\u00e9tro Arts-Loi).<\/p>\n<p>&#8211; Mardi 25 ao\u00fbt 2020 : 9h &#8211; 16h00 (accueil d\u00e8s 8h30)<br \/>\n&#128205; Oxfam Solidarit\u00e9 : rue des Quatre-Vents 60, 1080 Bruxelles<br \/>\n&#129386; Lunch compris.<br \/>\n&#127379; Gratuit<br \/>\n\u26a0\ufe0f COVID-19 : les deux lieux sont assez grands que pour respecter les mesures de distances sociales.<br \/>\n<\/bloc><\/p>\n<p><bloc>Registrations <\/p>\n<p>\u2714\ufe0f Membre du r\u00e9seau libre (SEGEC) : http:\/\/enseignement.catholique.be\/cecafoc\/formation.html?mid=7799 .<br \/>\n\u2714\ufe0f Membre d&rsquo;un autre r\u00e9seau ? Envoyez un mail \u00e0 Camille Druant : camille.druant@oxfam.org. Merci de pr\u00e9ciser votre fonction \/ \u00e9tablissement \/ public cible.<br \/>\n<\/bloc><\/p>\n<p><bloc> Formateur.trice.s<\/p>\n<p>&#8211; Laetitia Messina (SCI) : <a href=\"\/en\/laetitia@scibelgium.be\/\">laetitia@scibelgium.be<\/a><br \/>\n&#8211; Camille Druant (Oxfam solidarit\u00e9) : <a href=\"\/en\/camille.druant@oxfam.org\/\">camille.druant@oxfam.org<\/a><br \/>\n&#8211; Dolores Fourneau (Entraide et Fraternit\u00e9) : <a href=\"\/en\/dolores.fourneau@entraide.be\/\">dolores.fourneau@entraide.be<\/a><br \/>\n&#8211; Julie Vandenhouten (Magasin du Monde Oxfam) : <a href=\"\/en\/julie.Vandenhouten@mdmoxfam.be\/\">julie.Vandenhouten@mdmoxfam.be<\/a><br \/>\n&#8211; Eric Petitjean (Quinoa) : <a href=\"\/en\/eric@quinoa.be\/\">eric@quinoa.be<\/a><br \/>\n&#8211; Fabienne Van Michel (Croix-Rouge) : <a href=\"\/en\/fabienne.vanmichel@croix-rouge.be\/\">fabienne.vanmichel@croix-rouge.be <\/a><br \/>\n&#8211; G\u00e9raldine Duquenne (Commission Justice et Paix) : <a href=\"\/en\/geraldine.duquenne@justicepaix.be\/\">geraldine.duquenne@justicepaix.be<\/a><br \/>\n&#8211; No\u00e9mie Gr\u00e9goire  (RCN Justice &#038; D\u00e9mocratie) : <a href=\"\/en\/noemie.gregoire@rcn-ong.be\/\">noemie.gregoire@rcn-ong.be<\/a><br \/>\n&#8211; Ariane Dewandre (Caritas International) : <a href=\"\/en\/a.dewandre@caritasint.be\/\">a.dewandre@caritasint.be<\/a><br \/>\n&#8211; Julian Lozano Raya (Iteco) : <a href=\"\/en\/julianlozano@iteco.be\/\">julianlozano@iteco.be<\/a><br \/>\n&#8211; Emmanuelle Krug (Oxfam Solidarit\u00e9) : <a href=\"\/en\/emma.krug@oxfam.org\/\">emma.krug@oxfam.org<\/a><br \/>\n<\/bloc><\/p>\n<div id='gallery-1' class='gallery galleryid-16866 gallery-columns-3 gallery-size-thumbnail'><figure class='gallery-item'>\n\t\t\t<div class='gallery-icon portrait'>\n\t\t\t\t<a href='https:\/\/www.justicepaix.be\/wp-content\/uploads\/2020\/06\/jpg_visuel_formation_ecms_inter_ong.jpg'><img decoding=\"async\" width=\"150\" height=\"150\" src=\"https:\/\/www.justicepaix.be\/wp-content\/uploads\/2020\/06\/jpg_visuel_formation_ecms_inter_ong-150x150.jpg\" class=\"attachment-thumbnail size-thumbnail\" alt=\"visual_formation_ecms_inter_ong.jpg\" \/><\/a>\n\t\t\t<\/div><\/figure><figure class='gallery-item'>\n\t\t\t<div class='gallery-icon portrait'>\n\t\t\t\t<a href='https:\/\/www.justicepaix.be\/wp-content\/uploads\/2020\/06\/jpg_visuel_formation_ecms_inter_ong-3.jpg'><img decoding=\"async\" width=\"150\" height=\"150\" src=\"https:\/\/www.justicepaix.be\/wp-content\/uploads\/2020\/06\/jpg_visuel_formation_ecms_inter_ong-3-150x150.jpg\" class=\"attachment-thumbnail size-thumbnail\" alt=\"visuel_formation_ecms_inter_ong-3.jpg\" \/><\/a>\n\t\t\t<\/div><\/figure><figure class='gallery-item'>\n\t\t\t<div class='gallery-icon landscape'>\n\t\t\t\t<a href='https:\/\/www.justicepaix.be\/wp-content\/uploads\/2020\/07\/jpg_pexels-photo-1266005.jpg'><img loading=\"lazy\" decoding=\"async\" width=\"150\" height=\"150\" src=\"https:\/\/www.justicepaix.be\/wp-content\/uploads\/2020\/07\/jpg_pexels-photo-1266005-150x150.jpg\" class=\"attachment-thumbnail size-thumbnail\" alt=\"pexels-photo-1266005.jpg\" \/><\/a>\n\t\t\t<\/div><\/figure>\n\t\t<\/div>","protected":false},"excerpt":{"rendered":"<p>L\u2019\u00e9ducation \u00e0 la citoyennet\u00e9 mondiale et \u00e0 la solidarit\u00e9 internationale : Des outils pour la faire vivre en classe. Une formation pour construire sa boite \u00e0 outils et avoir des rep\u00e8res th\u00e9oriques et ludiques en ECMS A travers cette formation, vous exp\u00e9rimenterez des outils de diff\u00e9rentes ONG pour ensuite les animer dans vos classes. Aucun [&hellip;]<\/p>\n","protected":false},"author":62,"featured_media":16865,"comment_status":"closed","ping_status":"open","sticky":false,"template":"","format":"standard","meta":{"_acf_changed":false,"_seopress_robots_primary_cat":"","_seopress_titles_title":"","_seopress_titles_desc":"","_seopress_robots_index":"","footnotes":""},"categories":[2696],"tags":[2814,2843,2840,2819],"class_list":["post-16866","post","type-post","status-publish","format-standard","has-post-thumbnail","hentry","category-actualites","tag-developpement-durable","tag-education-au-developpement","tag-education-permanente","tag-questions-sociales"],"acf":[],"_links":{"self":[{"href":"https:\/\/www.justicepaix.be\/en\/wp-json\/wp\/v2\/posts\/16866","targetHints":{"allow":["GET"]}}],"collection":[{"href":"https:\/\/www.justicepaix.be\/en\/wp-json\/wp\/v2\/posts"}],"about":[{"href":"https:\/\/www.justicepaix.be\/en\/wp-json\/wp\/v2\/types\/post"}],"author":[{"embeddable":true,"href":"https:\/\/www.justicepaix.be\/en\/wp-json\/wp\/v2\/users\/62"}],"replies":[{"embeddable":true,"href":"https:\/\/www.justicepaix.be\/en\/wp-json\/wp\/v2\/comments?post=16866"}],"version-history":[{"count":0,"href":"https:\/\/www.justicepaix.be\/en\/wp-json\/wp\/v2\/posts\/16866\/revisions"}],"wp:featuredmedia":[{"embeddable":true,"href":"https:\/\/www.justicepaix.be\/en\/wp-json\/wp\/v2\/media\/16865"}],"wp:attachment":[{"href":"https:\/\/www.justicepaix.be\/en\/wp-json\/wp\/v2\/media?parent=16866"}],"wp:term":[{"taxonomy":"category","embeddable":true,"href":"https:\/\/www.justicepaix.be\/en\/wp-json\/wp\/v2\/categories?post=16866"},{"taxonomy":"post_tag","embeddable":true,"href":"https:\/\/www.justicepaix.be\/en\/wp-json\/wp\/v2\/tags?post=16866"}],"curies":[{"name":"wp","href":"https:\/\/api.w.org\/{rel}","templated":true}]}}