{"id":16860,"date":"2020-06-15T11:47:18","date_gmt":"2020-06-15T11:47:18","guid":{"rendered":"https:\/\/demop.netbaz.be\/2021\/jp\/2020\/06\/15\/ra2019\/"},"modified":"2021-04-14T12:15:18","modified_gmt":"2021-04-14T12:15:18","slug":"ra2019","status":"publish","type":"post","link":"https:\/\/www.justicepaix.be\/en\/ra2019\/","title":{"rendered":"A look back at 2019!"},"content":{"rendered":"<p class=\"post_excerpt\">2019, encore une ann\u00e9e riche de projets enthousiasmants sur laquelle nous revenons dans ce rapport !<\/p>\n\n\n<!--more-->\n<img fetchpriority=\"high\" decoding=\"async\" class=\"aligncenter size-full wp-image-16859\" src=\"http:\/\/demop.netbaz.be\/2021\/jp\/wp-content\/uploads\/2020\/06\/jpg_2019_cjp_rapport_activites_cover.jpg\" alt=\"2019_cjp_rapport_activites_cover.jpg\" align=\"center\" width=\"1287\" height=\"424\" srcset=\"https:\/\/www.justicepaix.be\/wp-content\/uploads\/2020\/06\/jpg_2019_cjp_rapport_activites_cover.jpg 1287w, https:\/\/www.justicepaix.be\/wp-content\/uploads\/2020\/06\/jpg_2019_cjp_rapport_activites_cover-300x99.jpg 300w, https:\/\/www.justicepaix.be\/wp-content\/uploads\/2020\/06\/jpg_2019_cjp_rapport_activites_cover-1024x337.jpg 1024w, https:\/\/www.justicepaix.be\/wp-content\/uploads\/2020\/06\/jpg_2019_cjp_rapport_activites_cover-768x253.jpg 768w\" sizes=\"(max-width: 1287px) 100vw, 1287px\" \/>\n\nGr\u00e2ce \u00e0 votre engagement volontaire, vos dons, votre int\u00e9r\u00eat fid\u00e8le et votre participation \u00e0 nos \u00e9v\u00e9nements, ce rapport est aussi le v\u00f4tre.\n\nUne ann\u00e9e faite de d\u00e9fis, de remises en question mais aussi de belles r\u00e9alisations comme le Forum citoyen consacr\u00e9 \u00e0 la Coop\u00e9ration au d\u00e9veloppement, organis\u00e9 en novembre en partenariat avec les organisations Be-Pax et Magma. Cet \u00e9v\u00e8nement s\u2019inscrivait dans une r\u00e9flexion globale qui nous encourage \u00e0 questionner nos pratiques en tant qu\u2019ONG, notamment dans la perspective d\u2019une solidarit\u00e9 internationale plus inclusive.\n\nChaque ann\u00e9e qui passe est une opportunit\u00e9 nouvelle pour notre organisation de se remettre en question et d\u2019\u00e9voluer positivement.\n\nPlus de 1000 citoyen\u00b7n\u00b7es sensibilis\u00e9\u00b7e\u00b7s \u00e0 nos th\u00e9matiques, 110 enseignant\u00b7e\u00b7s form\u00e9\u00b7e\u00b7s, 92 responsables politiques touch\u00e9\u00b7e\u00b7s et 320 heures d\u2019animations r\u00e9alis\u00e9es \u00e0 Bruxelles et en Wallonie. Et derri\u00e8re ces chiffres, toujours plus de citoyen\u00b7ne\u00b7s, engag\u00e9\u00b7e\u00b7s avec nous dans la promotion d\u2019un monde de Paix et de justice !\n\nNous esp\u00e9rons que ces accomplissements, d\u00e9fis et histoires continueront de vous inspirer et vous inciterons \u00e0 continuer le chemin avec nous.\n\nDepuis plus de quatre d\u00e9cennies, nous avons tiss\u00e9 des liens avec une grande diversit\u00e9 de partenaires, de volontaires, d\u2019organisations et de communaut\u00e9s. Les d\u00e9fis qui menacent notre humanit\u00e9 ne manquent pas, qu\u2019il s\u2019agisse du changement climatique ou encore de la crise sanitaire qui vient de nous frapper. Nous sommes d\u00e9termin\u00e9\u00b7e\u00b7s \u00e0 les relever, avec vous, modestement certes mais avec conviction et d\u00e9termination. \n\nEn 2020, notre travail se poursuit, avec \u00e9nergie et enthousiasme et cela malgr\u00e9 la p\u00e9riode d\u2019incertitude que nous traversons. Ensemble, gardons le cap et restons fid\u00e8les \u00e0 nos engagements. Le chemin se fait en marchant, soyons ensemble le moteur d\u2019un monde nouveau !\n\n\nEngagez-vous \u00e0 nos c\u00f4t\u00e9s : \n&#8211; <a href=\"https:\/\/www.justicepaix.be\/en\/-Volontariat-\/\">Devenir volontaire<\/a>\nObjectifs, engament, groupes de volontaires,&#8230;  Devenez volontaire chez Justice et Paix.\n&#8211; <a href=\"https:\/\/www.justicepaix.be\/en\/Faire-un-don-1025\/\">Faire un don <\/a>\nVotre g\u00e9n\u00e9rosit\u00e9 est pr\u00e9cieuse, soutenez-nous de mani\u00e8re r\u00e9guli\u00e8re ou ponctuelle.\nPour tout don d\u2019au moins 40\u20ac, vous b\u00e9n\u00e9ficiez d\u2019une r\u00e9duction d\u2019imp\u00f4ts s\u2019\u00e9levant \u00e0 45% du montant vers\u00e9.\n<div id='gallery-1' class='gallery galleryid-16860 gallery-columns-3 gallery-size-thumbnail'><figure class='gallery-item'>\n\t\t\t<div class='gallery-icon landscape'>\n\t\t\t\t<a href='https:\/\/www.justicepaix.be\/wp-content\/uploads\/2020\/06\/jpg_2019_cjp_rapport_activites_cover-2.jpg'><img decoding=\"async\" width=\"150\" height=\"150\" src=\"https:\/\/www.justicepaix.be\/wp-content\/uploads\/2020\/06\/jpg_2019_cjp_rapport_activites_cover-2-150x150.jpg\" class=\"attachment-thumbnail size-thumbnail\" alt=\"2019_cjp_rapport_activites_cover-2.jpg\" \/><\/a>\n\t\t\t<\/div><\/figure><figure class='gallery-item'>\n\t\t\t<div class='gallery-icon landscape'>\n\t\t\t\t<a href='https:\/\/www.justicepaix.be\/wp-content\/uploads\/2020\/06\/jpg_2019_cjp_rapport_activites_cover.jpg'><img decoding=\"async\" width=\"150\" height=\"150\" src=\"https:\/\/www.justicepaix.be\/wp-content\/uploads\/2020\/06\/jpg_2019_cjp_rapport_activites_cover-150x150.jpg\" class=\"attachment-thumbnail size-thumbnail\" alt=\"2019_cjp_rapport_activites_cover.jpg\" \/><\/a>\n\t\t\t<\/div><\/figure>\n\t\t<\/div>\n\n<h2 class=\"wp-block-heading\">Attachments<\/h2>\n\n\n\n<div class=\"wp-block-file\"><a href=\"http:\/\/demop.netbaz.be\/2021\/jp\/wp-content\/uploads\/2020\/06\/pdf_2019_cjp_rapport_activites.pdf\">2019_cjp_rapport_activites.pdf<\/a><\/div>","protected":false},"excerpt":{"rendered":"<p>2019, encore une ann\u00e9e riche de projets enthousiasmants sur laquelle nous revenons dans ce rapport !<\/p>","protected":false},"author":62,"featured_media":16859,"comment_status":"closed","ping_status":"open","sticky":false,"template":"","format":"standard","meta":{"_acf_changed":false,"_seopress_robots_primary_cat":"","_seopress_titles_title":"","_seopress_titles_desc":"","_seopress_robots_index":"","footnotes":""},"categories":[2696],"tags":[],"class_list":["post-16860","post","type-post","status-publish","format-standard","has-post-thumbnail","hentry","category-actualites"],"acf":[],"_links":{"self":[{"href":"https:\/\/www.justicepaix.be\/en\/wp-json\/wp\/v2\/posts\/16860","targetHints":{"allow":["GET"]}}],"collection":[{"href":"https:\/\/www.justicepaix.be\/en\/wp-json\/wp\/v2\/posts"}],"about":[{"href":"https:\/\/www.justicepaix.be\/en\/wp-json\/wp\/v2\/types\/post"}],"author":[{"embeddable":true,"href":"https:\/\/www.justicepaix.be\/en\/wp-json\/wp\/v2\/users\/62"}],"replies":[{"embeddable":true,"href":"https:\/\/www.justicepaix.be\/en\/wp-json\/wp\/v2\/comments?post=16860"}],"version-history":[{"count":0,"href":"https:\/\/www.justicepaix.be\/en\/wp-json\/wp\/v2\/posts\/16860\/revisions"}],"wp:featuredmedia":[{"embeddable":true,"href":"https:\/\/www.justicepaix.be\/en\/wp-json\/wp\/v2\/media\/16859"}],"wp:attachment":[{"href":"https:\/\/www.justicepaix.be\/en\/wp-json\/wp\/v2\/media?parent=16860"}],"wp:term":[{"taxonomy":"category","embeddable":true,"href":"https:\/\/www.justicepaix.be\/en\/wp-json\/wp\/v2\/categories?post=16860"},{"taxonomy":"post_tag","embeddable":true,"href":"https:\/\/www.justicepaix.be\/en\/wp-json\/wp\/v2\/tags?post=16860"}],"curies":[{"name":"wp","href":"https:\/\/api.w.org\/{rel}","templated":true}]}}