{"id":16834,"date":"2020-05-19T17:15:57","date_gmt":"2020-05-19T17:15:57","guid":{"rendered":"https:\/\/demop.netbaz.be\/2021\/jp\/2020\/05\/19\/le-virus-ne-connait-pas-de-frontieres-heureusement-la-solidarite-non-plus\/"},"modified":"2021-07-06T14:09:07","modified_gmt":"2021-07-06T12:09:07","slug":"le-virus-ne-connait-pas-de-frontieres-heureusement-la-solidarite-non-plus","status":"publish","type":"post","link":"https:\/\/www.justicepaix.be\/en\/le-virus-ne-connait-pas-de-frontieres-heureusement-la-solidarite-non-plus\/","title":{"rendered":"The virus knows no borders, fortunately neither does solidarity."},"content":{"rendered":"<p class=\"post_excerpt\">Le coronavirus menace de porter un coup fatal \u00e0 des millions de personnes dans le monde, en particulier dans les pays du Sud, dans un contexte o\u00f9 les crises s\u2019accumulent. Nous ne pouvons pas laisser cela se produire. Des dizaines d\u2019organisations belges de solidarit\u00e9 internationale appellent \u00e0 des solutions durables et bas\u00e9es sur la coop\u00e9ration.<\/p>\n\n\n\n<div class=\"wp-block-image\"><figure class=\"aligncenter\"><img fetchpriority=\"high\" decoding=\"async\" width=\"820\" height=\"820\" src=\"http:\/\/demop.netbaz.be\/2021\/jp\/wp-content\/uploads\/2020\/05\/jpg_2020-05-visuels-coronavirus-together-against-corona-5-4bc14_1_.jpg\" alt=\"2020-05-visuals-coronavirus-together-against-corona-5-4bc14_1_.jpg\" class=\"wp-image-16833\" srcset=\"https:\/\/www.justicepaix.be\/wp-content\/uploads\/2020\/05\/jpg_2020-05-visuels-coronavirus-together-against-corona-5-4bc14_1_.jpg 820w, https:\/\/www.justicepaix.be\/wp-content\/uploads\/2020\/05\/jpg_2020-05-visuels-coronavirus-together-against-corona-5-4bc14_1_-300x300.jpg 300w, https:\/\/www.justicepaix.be\/wp-content\/uploads\/2020\/05\/jpg_2020-05-visuels-coronavirus-together-against-corona-5-4bc14_1_-150x150.jpg 150w, https:\/\/www.justicepaix.be\/wp-content\/uploads\/2020\/05\/jpg_2020-05-visuels-coronavirus-together-against-corona-5-4bc14_1_-768x768.jpg 768w\" sizes=\"(max-width: 820px) 100vw, 820px\" \/><\/figure><\/div>\n\n\n\n<!--more-->\n\n\n\n<p>L\u2019impact du virus expose douloureusement les <strong>in\u00e9galit\u00e9s<\/strong> d\u00e9j\u00e0 existantes. Des soins m\u00e9dicaux insuffisants ou inaccessibles, un manque de protection sociale et des communaut\u00e9s d\u00e9chir\u00e9es par les conflits. Selon leur lieu de r\u00e9sidence et leur situation \u00e9conomique, les gens se battent \u00e0 armes in\u00e9gales contre la plus grande crise sanitaire de l\u2019histoire r\u00e9cente.<\/p>\n\n\n\n<p>Rester chez soi et se laver r\u00e9guli\u00e8rement les mains n\u2019est pas une chose qui va de soi pour tout le monde. Trois milliards de personnes n\u2019ont pas acc\u00e8s \u00e0 l\u2019eau potable ou aux soins de sant\u00e9. Des millions vivent dans des bidonvilles surpeupl\u00e9s o\u00f9 la distanciation sociale est impossible. Dans les camps de r\u00e9fugi\u00e9s, des centaines de personnes se partagent chaque robinet. Les \u00e9coles ferment, les femmes et les enfants sont victimes d\u2019une violence domestique croissante. De nombreux r\u00e9gimes profitent de la situation actuelle pour limiter attaquer les libert\u00e9s individuelles, recourir \u00e0 la force de mani\u00e8re disproportionn\u00e9e, s\u2019en prendre aux minorit\u00e9s et \u00e0 toute personne qui s\u2019oppose \u00e0 leur politique.<\/p>\n\n\n\n<p>Que faites-vous lorsque vous tombez malade au Mali, qui ne dispose que de trois respirateurs pour un million d\u2019habitants ? Des millions de personnes perdent actuellement leur emploi, en particulier dans le secteur informel, sans filet de s\u00e9curit\u00e9 sur lequel s\u2019appuyer. Les cha\u00eenes de production alimentaire sont perturb\u00e9es. Cette crise risque donc de faire plonger des centaines de millions de personnes vuln\u00e9rables dans la pauvret\u00e9 et la faim. Les femmes, qui ont un acc\u00e8s plus r\u00e9duit aux emplois formels et \u00e0 la protection sociale, et qui prennent en charge une bonne partie des soins aux malades, sont particuli\u00e8rement impact\u00e9es par cette crise.<\/p>\n\n\n\n<p>Nous ne pouvons faire face \u00e0 ce type de crise mondiale avec succ\u00e8s qu\u2019avec une coop\u00e9ration et une solidarit\u00e9 internationale avec les plus vuln\u00e9rables. Dans la lutte contre ce virus, nous ne sommes pas plus forts que le maillon le plus faible. Partout dans le monde, des personnes et des organisations s\u2019engagent pour prot\u00e9ger chacune et chacun, pour garantir des conditions de vie et de travail structurellement d\u00e9centes aujourd\u2019hui et demain. Elles m\u00e9ritent notre soutien.<\/p>\n\n\n\n<p>L&rsquo;appel complet est \u00e0 lire sur le <a href=\"https:\/\/www.cncd.be\/appel-virus-frontieres-solidarite-corona\"> site du CNCD<\/a>. <div id='gallery-1' class='gallery galleryid-16834 gallery-columns-3 gallery-size-thumbnail'><figure class='gallery-item'>\n\t\t\t<div class='gallery-icon landscape'>\n\t\t\t\t<a href='https:\/\/www.justicepaix.be\/wp-content\/uploads\/2020\/05\/jpg_2020-05-visuels-coronavirus-together-against-corona-5-4bc14_1_.jpg'><img decoding=\"async\" width=\"150\" height=\"150\" src=\"https:\/\/www.justicepaix.be\/wp-content\/uploads\/2020\/05\/jpg_2020-05-visuels-coronavirus-together-against-corona-5-4bc14_1_-150x150.jpg\" class=\"attachment-thumbnail size-thumbnail\" alt=\"2020-05-visuals-coronavirus-together-against-corona-5-4bc14_1_.jpg\" srcset=\"https:\/\/www.justicepaix.be\/wp-content\/uploads\/2020\/05\/jpg_2020-05-visuels-coronavirus-together-against-corona-5-4bc14_1_-150x150.jpg 150w, https:\/\/www.justicepaix.be\/wp-content\/uploads\/2020\/05\/jpg_2020-05-visuels-coronavirus-together-against-corona-5-4bc14_1_-300x300.jpg 300w, https:\/\/www.justicepaix.be\/wp-content\/uploads\/2020\/05\/jpg_2020-05-visuels-coronavirus-together-against-corona-5-4bc14_1_-768x768.jpg 768w, https:\/\/www.justicepaix.be\/wp-content\/uploads\/2020\/05\/jpg_2020-05-visuels-coronavirus-together-against-corona-5-4bc14_1_.jpg 820w\" sizes=\"(max-width: 150px) 100vw, 150px\" \/><\/a>\n\t\t\t<\/div><\/figure><figure class='gallery-item'>\n\t\t\t<div class='gallery-icon landscape'>\n\t\t\t\t<a href='https:\/\/www.justicepaix.be\/wp-content\/uploads\/2020\/05\/jpg_2020-05-visuels-coronavirus-together-against-corona-5-4bc14_1_-2.jpg'><img decoding=\"async\" width=\"150\" height=\"150\" src=\"https:\/\/www.justicepaix.be\/wp-content\/uploads\/2020\/05\/jpg_2020-05-visuels-coronavirus-together-against-corona-5-4bc14_1_-2-150x150.jpg\" class=\"attachment-thumbnail size-thumbnail\" alt=\"2020-05-visuels-coronavirus-together-against-corona-5-4bc14_1_-2.jpg\" srcset=\"https:\/\/www.justicepaix.be\/wp-content\/uploads\/2020\/05\/jpg_2020-05-visuels-coronavirus-together-against-corona-5-4bc14_1_-2-150x150.jpg 150w, https:\/\/www.justicepaix.be\/wp-content\/uploads\/2020\/05\/jpg_2020-05-visuels-coronavirus-together-against-corona-5-4bc14_1_-2-300x300.jpg 300w, https:\/\/www.justicepaix.be\/wp-content\/uploads\/2020\/05\/jpg_2020-05-visuels-coronavirus-together-against-corona-5-4bc14_1_-2-768x768.jpg 768w, https:\/\/www.justicepaix.be\/wp-content\/uploads\/2020\/05\/jpg_2020-05-visuels-coronavirus-together-against-corona-5-4bc14_1_-2.jpg 820w\" sizes=\"(max-width: 150px) 100vw, 150px\" \/><\/a>\n\t\t\t<\/div><\/figure>\n\t\t<\/div>\n<\/p>","protected":false},"excerpt":{"rendered":"<p>Le coronavirus menace de porter un coup fatal \u00e0 des millions de personnes dans le monde, en particulier dans les pays du Sud, dans un contexte o\u00f9 les crises s\u2019accumulent. Nous ne pouvons pas laisser cela se produire. Des dizaines d\u2019organisations belges de solidarit\u00e9 internationale appellent \u00e0 des solutions durables et bas\u00e9es sur la coop\u00e9ration.<\/p>","protected":false},"author":62,"featured_media":16833,"comment_status":"closed","ping_status":"open","sticky":false,"template":"","format":"standard","meta":{"_acf_changed":false,"_seopress_robots_primary_cat":"","_seopress_titles_title":"","_seopress_titles_desc":"","_seopress_robots_index":"","footnotes":""},"categories":[2721],"tags":[2802,2824,2827,2838,2815,2819],"class_list":["post-16834","post","type-post","status-publish","format-standard","has-post-thumbnail","hentry","category-plaidoyer-politique","tag-bonne-gouvernance","tag-droits-humains","tag-paix-securite-defense","tag-pauvrete","tag-plaidoyer","tag-questions-sociales"],"acf":[],"_links":{"self":[{"href":"https:\/\/www.justicepaix.be\/en\/wp-json\/wp\/v2\/posts\/16834","targetHints":{"allow":["GET"]}}],"collection":[{"href":"https:\/\/www.justicepaix.be\/en\/wp-json\/wp\/v2\/posts"}],"about":[{"href":"https:\/\/www.justicepaix.be\/en\/wp-json\/wp\/v2\/types\/post"}],"author":[{"embeddable":true,"href":"https:\/\/www.justicepaix.be\/en\/wp-json\/wp\/v2\/users\/62"}],"replies":[{"embeddable":true,"href":"https:\/\/www.justicepaix.be\/en\/wp-json\/wp\/v2\/comments?post=16834"}],"version-history":[{"count":0,"href":"https:\/\/www.justicepaix.be\/en\/wp-json\/wp\/v2\/posts\/16834\/revisions"}],"wp:featuredmedia":[{"embeddable":true,"href":"https:\/\/www.justicepaix.be\/en\/wp-json\/wp\/v2\/media\/16833"}],"wp:attachment":[{"href":"https:\/\/www.justicepaix.be\/en\/wp-json\/wp\/v2\/media?parent=16834"}],"wp:term":[{"taxonomy":"category","embeddable":true,"href":"https:\/\/www.justicepaix.be\/en\/wp-json\/wp\/v2\/categories?post=16834"},{"taxonomy":"post_tag","embeddable":true,"href":"https:\/\/www.justicepaix.be\/en\/wp-json\/wp\/v2\/tags?post=16834"}],"curies":[{"name":"wp","href":"https:\/\/api.w.org\/{rel}","templated":true}]}}