{"id":16816,"date":"2020-05-13T09:54:31","date_gmt":"2020-05-13T09:54:31","guid":{"rendered":"https:\/\/demop.netbaz.be\/2021\/jp\/2020\/05\/13\/une-intervention-d-urgence-s-impose-aupres-des-communautes-d-exploitation\/"},"modified":"2021-04-14T12:15:09","modified_gmt":"2021-04-14T12:15:09","slug":"une-intervention-d-urgence-s-impose-aupres-des-communautes-d-exploitation","status":"publish","type":"post","link":"https:\/\/www.justicepaix.be\/en\/une-intervention-d-urgence-s-impose-aupres-des-communautes-d-exploitation\/","title":{"rendered":"Emergency intervention is required!"},"content":{"rendered":"<p class=\"post_excerpt\">Alors que la COVID-19 secoue la plan\u00e8te et affecte la sant\u00e9 et la vie de millions de personnes, la pand\u00e9mie a des effets \u00e9conomiques ravageurs sur les exploitantes et exploitants de mines artisanales et \u00e0 petite \u00e9chelle et sur leurs communaut\u00e9s. <\/p>\n\n\n<!--more-->\nDans le secteur minier, 83 % de la main-d&rsquo;\u0153uvre mondiale tire sa subsistance de ces mines. Cela repr\u00e9sente environ 40,5 millions de personnes. Ces personnes \u00e9taient vuln\u00e9rables avant la pand\u00e9mie de COVID-19 et le sont encore plus \u00e0 l\u2019heure actuelle.\n\nNous soussign\u00e9s, repr\u00e9sentant des organisations de la soci\u00e9t\u00e9 civile et associations communautaires de plusieurs coins du monde, promouvons l\u2019avancement des droits de la personne, l\u2019exercice de la diligence raisonnable dans des cha\u00eenes d\u2019approvisionnement responsables en minerais dans des zones touch\u00e9es par les conflits et \u00e0 haut risque, et la formalisation de l\u2019exploitation mini\u00e8re artisanale et \u00e0 petite \u00e9chelle.\n\nNous exhortons les gouvernements, les institutions financi\u00e8res, les organisations internationales, les acteurs du secteur priv\u00e9 et d\u2019autres parties concern\u00e9es \u00e0 agir imm\u00e9diatement et de mani\u00e8re concert\u00e9e pour soutenir les communaut\u00e9s mini\u00e8res artisanales et renforcer leur r\u00e9silience en cette p\u00e9riode de pand\u00e9mie de COVID-19. \n\nIl est \u00e9galement essentiel que nous prot\u00e9gions ce qui a \u00e9t\u00e9 durement acquis en mati\u00e8re de diligence raisonnable et des droits de la personne dans les cha\u00eenes d&rsquo;approvisionnement en minerais, conform\u00e9ment aux lignes directrices de l&rsquo;OCDE sur le devoir de diligence pour des cha\u00eenes d\u2019approvisionnement responsables en minerais. \n\n\u00c0 une \u00e9poque de risques accrus dans les cha\u00eenes d&rsquo;approvisionnement mondiales de minerais, la mise en \u0153uvre de la diligence raisonnable et le soutien aux initiatives sur le terrain et align\u00e9es sur l&rsquo;OCDE sont plus importants que jamais.\n\nL&rsquo;appel complet du groupe de la soci\u00e9t\u00e9 civile de l\u2019<strong>OECD<\/strong> est \u00e0 t\u00e9l\u00e9charger ci-dessous. <div id='gallery-1' class='gallery galleryid-16816 gallery-columns-3 gallery-size-thumbnail'><figure class='gallery-item'>\n\t\t\t<div class='gallery-icon landscape'>\n\t\t\t\t<a href='https:\/\/www.justicepaix.be\/wp-content\/uploads\/2020\/05\/jpg_photo_8-scaled.jpg'><img decoding=\"async\" width=\"150\" height=\"150\" src=\"https:\/\/www.justicepaix.be\/wp-content\/uploads\/2020\/05\/jpg_photo_8-150x150.jpg\" class=\"attachment-thumbnail size-thumbnail\" alt=\"photo_8.jpg\" \/><\/a>\n\t\t\t<\/div><\/figure><figure class='gallery-item'>\n\t\t\t<div class='gallery-icon landscape'>\n\t\t\t\t<a href='https:\/\/www.justicepaix.be\/wp-content\/uploads\/2020\/05\/jpg_photo_8-2-scaled.jpg'><img decoding=\"async\" width=\"150\" height=\"150\" src=\"https:\/\/www.justicepaix.be\/wp-content\/uploads\/2020\/05\/jpg_photo_8-2-150x150.jpg\" class=\"attachment-thumbnail size-thumbnail\" alt=\"photo_8-2.jpg\" \/><\/a>\n\t\t\t<\/div><\/figure><figure class='gallery-item'>\n\t\t\t<div class='gallery-icon landscape'>\n\t\t\t\t<a href='https:\/\/www.justicepaix.be\/wp-content\/uploads\/2020\/05\/jpg_photo_8-3-scaled.jpg'><img decoding=\"async\" width=\"150\" height=\"150\" src=\"https:\/\/www.justicepaix.be\/wp-content\/uploads\/2020\/05\/jpg_photo_8-3-150x150.jpg\" class=\"attachment-thumbnail size-thumbnail\" alt=\"photo_8-3.jpg\" \/><\/a>\n\t\t\t<\/div><\/figure>\n\t\t<\/div>\n\n<h2 class=\"wp-block-heading\">Attachments<\/h2>\n\n\n\n<div class=\"wp-block-file\"><a href=\"http:\/\/demop.netbaz.be\/2021\/jp\/wp-content\/uploads\/2020\/05\/pdf_civil_society_call_to_action_may_12_en.pdf\">civil_society_call_to_action_may_12_en.pdf<\/a><\/div>\n\n\n\n<div class=\"wp-block-file\"><a href=\"http:\/\/demop.netbaz.be\/2021\/jp\/wp-content\/uploads\/2020\/05\/pdf_sociedad_civil_llamado_a_la_accion_12_mayo_final.pdf\">sociedad_civil_llamado_a_la_accion_12_mayo_final.pdf<\/a><\/div>\n\n\n\n<div class=\"wp-block-file\"><a href=\"http:\/\/demop.netbaz.be\/2021\/jp\/wp-content\/uploads\/2020\/05\/pdf_societe_civile_appel_a_l_action_12_mai_fr_final.pdf\">societe_civile_appel_a_l_action_12_mai_fr_final.pdf<\/a><\/div>","protected":false},"excerpt":{"rendered":"<p>Alors que la COVID-19 secoue la plan\u00e8te et affecte la sant\u00e9 et la vie de millions de personnes, la pand\u00e9mie a des effets \u00e9conomiques ravageurs sur les exploitantes et exploitants de mines artisanales et \u00e0 petite \u00e9chelle et sur leurs communaut\u00e9s.<\/p>","protected":false},"author":62,"featured_media":16817,"comment_status":"closed","ping_status":"open","sticky":false,"template":"","format":"standard","meta":{"_acf_changed":false,"_seopress_robots_primary_cat":"","_seopress_titles_title":"","_seopress_titles_desc":"","_seopress_robots_index":"","footnotes":""},"categories":[2721],"tags":[2831,2802,2815,2811,2834],"class_list":["post-16816","post","type-post","status-publish","format-standard","has-post-thumbnail","hentry","category-plaidoyer-politique","tag-acteurs-economiques","tag-bonne-gouvernance","tag-plaidoyer","tag-ressources-naturelles","tag-union-europeenne"],"acf":[],"_links":{"self":[{"href":"https:\/\/www.justicepaix.be\/en\/wp-json\/wp\/v2\/posts\/16816","targetHints":{"allow":["GET"]}}],"collection":[{"href":"https:\/\/www.justicepaix.be\/en\/wp-json\/wp\/v2\/posts"}],"about":[{"href":"https:\/\/www.justicepaix.be\/en\/wp-json\/wp\/v2\/types\/post"}],"author":[{"embeddable":true,"href":"https:\/\/www.justicepaix.be\/en\/wp-json\/wp\/v2\/users\/62"}],"replies":[{"embeddable":true,"href":"https:\/\/www.justicepaix.be\/en\/wp-json\/wp\/v2\/comments?post=16816"}],"version-history":[{"count":0,"href":"https:\/\/www.justicepaix.be\/en\/wp-json\/wp\/v2\/posts\/16816\/revisions"}],"wp:featuredmedia":[{"embeddable":true,"href":"https:\/\/www.justicepaix.be\/en\/wp-json\/wp\/v2\/media\/16817"}],"wp:attachment":[{"href":"https:\/\/www.justicepaix.be\/en\/wp-json\/wp\/v2\/media?parent=16816"}],"wp:term":[{"taxonomy":"category","embeddable":true,"href":"https:\/\/www.justicepaix.be\/en\/wp-json\/wp\/v2\/categories?post=16816"},{"taxonomy":"post_tag","embeddable":true,"href":"https:\/\/www.justicepaix.be\/en\/wp-json\/wp\/v2\/tags?post=16816"}],"curies":[{"name":"wp","href":"https:\/\/api.w.org\/{rel}","templated":true}]}}