{"id":16801,"date":"2020-06-03T08:20:11","date_gmt":"2020-06-03T08:20:11","guid":{"rendered":"https:\/\/demop.netbaz.be\/2021\/jp\/2020\/06\/03\/mineraistransitionenergetique\/"},"modified":"2022-07-25T12:06:52","modified_gmt":"2022-07-25T10:06:52","slug":"mineraistransitionenergetique","status":"publish","type":"post","link":"https:\/\/www.justicepaix.be\/en\/mineraistransitionenergetique\/","title":{"rendered":"Minerals of the energy transition"},"content":{"rendered":"<p>Combattre la crise climatique exige d\u2019avoir une soci\u00e9t\u00e9 \u00e0 faible \u00e9mission de carbone d\u2019ici 2050. Ainsi et seulement ainsi limiterons-nous le r\u00e9chauffement climatique \u00e0 un maximum de 1,5 \u00b0C. Le changement drastique requis pour r\u00e9pondre \u00e0 ce d\u00e9fi comprend plusieurs aspects, tels que le d\u00e9ploiement des \u00e9nergies renouvelables et une nouvelle approche de la mobilit\u00e9.<\/p>\n\n\n\n<!--more-->\n\n\n\n<figure class=\"wp-block-image aligncenter size-large is-resized\"><a href=\"https:\/\/www.justicepaix.be\/wp-content\/uploads\/2020\/06\/png_rapport_lesminerais-2.png\"><img fetchpriority=\"high\" decoding=\"async\" src=\"https:\/\/www.justicepaix.be\/wp-content\/uploads\/2020\/06\/png_rapport_lesminerais-2.png\" alt=\"rapport_lesminerais-2.png\" class=\"wp-image-16800\" width=\"241\" height=\"343\"\/><\/a><figcaption>Dossier \u00e9labor\u00e9 avec le RBRN-BNNR \u00e0 t\u00e9l\u00e9charger ci-dessous<\/figcaption><\/figure>\n\n\n\n<p>Aujourd&rsquo;hui, au moins <strong>23 minerais<\/strong> sont essentiels \u00e0 la production, de plus en plus intensive, des <strong>panneaux solaires<\/strong>, of the <strong>\u00e9oliennes<\/strong> et des <strong>voitures \u00e9lectriques<\/strong>, ainsi qu&rsquo;au stockage de l&rsquo;\u00e9nergie. Il s&rsquo;agit notamment de l&rsquo;aluminium, du fer, du cobalt, du cuivre, du lithium, du plomb, du nickel, de l&rsquo;\u00e9tain, des terres rares, de l&rsquo;argent et du zinc. Ainsi, la <strong>transition \u00e9nerg\u00e9tique<\/strong> menace de provoquer une v\u00e9ritable ru\u00e9e vers ces mati\u00e8res premi\u00e8res.<\/p>\n\n\n\n<p>L&rsquo;<strong>exploitation mini\u00e8re <\/strong> n\u00e9cessaire \u00e0 cette fin s&rsquo;accompagne souvent de cons\u00e9quences \u00e9cologiques et humaines d\u00e9sastreuses. Selon le \u00ab Business and Human Rights Resource Centre \u00bb, les 37 plus grandes entreprises de cobalt, de cuivre, de lithium, de mangan\u00e8se, de nickel et de zinc ont \u00e9t\u00e9 impliqu\u00e9es dans 167 cas d\u2019atteintes aux droits humains au cours des derni\u00e8res ann\u00e9es. De plus, on trouve la plupart des r\u00e9serves de ces mati\u00e8res premi\u00e8res en dehors de l&rsquo;Europe, dans des pays fragiles. Par cons\u00e9quent, elles peuvent repr\u00e9senter des sources plus grandes de d\u00e9stabilisation, de conflits et de violences. Puisque les mati\u00e8res premi\u00e8res sont principalement extraites dans le Sud, les in\u00e9galit\u00e9s risquent de cro\u00eetre dans le monde, ce qui va \u00e0 l&rsquo;oppos\u00e9 de l&rsquo;id\u00e9e de <strong>justice climatique<\/strong>.<\/p>\n\n\n\n<p>Dans ce dossier, nous examinons ce que cela signifie pour la Belgique. Sur la base d&rsquo;une \u00e9tude r\u00e9alis\u00e9e par <strong>VITO<\/strong> And <strong>Profundo<\/strong>, nous examinerons les <strong>risques <\/strong> and the <strong>solutions<\/strong> possibles en fonction de diff\u00e9rents sc\u00e9narios vers une \u00e9nergie 100 % renouvelable et un nouveau paradigme de mobilit\u00e9 \u00e0 l&rsquo;horizon 2050.<\/p>\n\n\n\n<p>Si nous constatons, dans tous les sc\u00e9narios, une augmentation de la demande en minerais \u00e9nerg\u00e9tiques, <strong>les choix politiques<\/strong> And <strong>technologiques<\/strong> auront leur importance. Les politiques men\u00e9es devraient orienter la soci\u00e9t\u00e9 vers une moindre consommation d&rsquo;\u00e9nergie et de mat\u00e9riaux par une utilisation maximale des strat\u00e9gies circulaires dans tous les secteurs. La recherche et la conception des produits devraient \u00e9galement \u00eatre guid\u00e9es par la politique, de sorte que le potentiel de recyclage des mati\u00e8res premi\u00e8res soit consid\u00e9rablement accru.<\/p>\n\n\n\n<p>Le rapport complet en fran\u00e7ais est \u00e0 t\u00e9l\u00e9charger ci-dessous.<\/p>\n\n\n\n<div data-wp-interactive=\"core\/file\" class=\"wp-block-file\"><object data-wp-bind--hidden=\"!state.hasPdfPreview\" hidden class=\"wp-block-file__embed\" data=\"https:\/\/www.justicepaix.be\/wp-content\/uploads\/2022\/07\/JP-FRDosMineraisEnergetiques-0620-HQprint.pdf\" type=\"application\/pdf\" style=\"width:100%;height:600px\" aria-label=\"Embed of Contenu embarqu\u00e9 JP-FRDosMineraisEnergetiques-0620-HQprint..\"><\/object><a id=\"wp-block-file--media-6553cb97-fcb9-4969-b1a0-c13d141fabbf\" href=\"https:\/\/www.justicepaix.be\/wp-content\/uploads\/2022\/07\/JP-FRDosMineraisEnergetiques-0620-HQprint.pdf\">JP-FRDosMineraisEnergetiques-0620-HQprint<\/a><a href=\"https:\/\/www.justicepaix.be\/wp-content\/uploads\/2022\/07\/JP-FRDosMineraisEnergetiques-0620-HQprint.pdf\" class=\"wp-block-file__button\" download aria-describedby=\"wp-block-file--media-6553cb97-fcb9-4969-b1a0-c13d141fabbf\">Download<\/a><\/div>\n\n\n\n<p>En collaboration avec :<\/p>\n\n\n\n<p>&#8211; <a href=\"https:\/\/www.11.be\/fr\/\">11.11.11<\/a><br>&#8211; <a href=\"https:\/\/www.broederlijkdelen.be\/nl\">Broederlijk Delen<\/a><br>&#8211; <a href=\"https:\/\/catapa.be\/en\/\">CATAPA<\/a><br>&#8211; <a href=\"https:\/\/www.bondbeterleefmilieu.be\/\">Bond Beter Leefmilieu<\/a><br>&#8211; <a href=\"https:\/\/www.fairfin.be\/fr\/home\">Fairfin<\/a><br>&#8211; <a href=\"https:\/\/www.profundo.nl\/\">Profundo<\/a><br>&#8211; <a href=\"https:\/\/vito.be\/en\">VITO<\/a><\/p>\n\n\n\n<figure class=\"wp-block-gallery has-nested-images columns-3 is-cropped wp-block-gallery-1 is-layout-flex wp-block-gallery-is-layout-flex\"><\/figure>\n\n\n\n<h2 class=\"wp-block-heading\"><\/h2>\n\n\n\n<div class=\"wp-block-file\"><\/div>","protected":false},"excerpt":{"rendered":"<p>Combattre la crise climatique exige d\u2019avoir une soci\u00e9t\u00e9 \u00e0 faible \u00e9mission de carbone d\u2019ici 2050. Ainsi et seulement ainsi limiterons-nous le r\u00e9chauffement climatique \u00e0 un maximum de 1,5 \u00b0C. Le changement drastique requis pour r\u00e9pondre \u00e0 ce d\u00e9fi comprend plusieurs aspects, tels que le d\u00e9ploiement des \u00e9nergies renouvelables et une nouvelle approche de la mobilit\u00e9.<\/p>","protected":false},"author":62,"featured_media":16800,"comment_status":"closed","ping_status":"open","sticky":false,"template":"","format":"standard","meta":{"_acf_changed":false,"_seopress_robots_primary_cat":"2721","_seopress_titles_title":"","_seopress_titles_desc":"","_seopress_robots_index":"","footnotes":""},"categories":[2719,2721],"tags":[2831,2821,2805,2815,2819,2811,2834],"class_list":["post-16801","post","type-post","status-publish","format-standard","has-post-thumbnail","hentry","category-nos-publications","category-plaidoyer-politique","tag-acteurs-economiques","tag-economie","tag-geopolitique","tag-plaidoyer","tag-questions-sociales","tag-ressources-naturelles","tag-union-europeenne"],"acf":[],"_links":{"self":[{"href":"https:\/\/www.justicepaix.be\/en\/wp-json\/wp\/v2\/posts\/16801","targetHints":{"allow":["GET"]}}],"collection":[{"href":"https:\/\/www.justicepaix.be\/en\/wp-json\/wp\/v2\/posts"}],"about":[{"href":"https:\/\/www.justicepaix.be\/en\/wp-json\/wp\/v2\/types\/post"}],"author":[{"embeddable":true,"href":"https:\/\/www.justicepaix.be\/en\/wp-json\/wp\/v2\/users\/62"}],"replies":[{"embeddable":true,"href":"https:\/\/www.justicepaix.be\/en\/wp-json\/wp\/v2\/comments?post=16801"}],"version-history":[{"count":0,"href":"https:\/\/www.justicepaix.be\/en\/wp-json\/wp\/v2\/posts\/16801\/revisions"}],"wp:featuredmedia":[{"embeddable":true,"href":"https:\/\/www.justicepaix.be\/en\/wp-json\/wp\/v2\/media\/16800"}],"wp:attachment":[{"href":"https:\/\/www.justicepaix.be\/en\/wp-json\/wp\/v2\/media?parent=16801"}],"wp:term":[{"taxonomy":"category","embeddable":true,"href":"https:\/\/www.justicepaix.be\/en\/wp-json\/wp\/v2\/categories?post=16801"},{"taxonomy":"post_tag","embeddable":true,"href":"https:\/\/www.justicepaix.be\/en\/wp-json\/wp\/v2\/tags?post=16801"}],"curies":[{"name":"wp","href":"https:\/\/api.w.org\/{rel}","templated":true}]}}