{"id":16713,"date":"2020-03-05T11:51:00","date_gmt":"2020-03-05T11:51:00","guid":{"rendered":"https:\/\/demop.netbaz.be\/2021\/jp\/2020\/03\/05\/rencontre-pour-un-conseil-de-securite-citoyen-en-matiere-d-eau\/"},"modified":"2021-04-14T12:13:21","modified_gmt":"2021-04-14T12:13:21","slug":"rencontre-pour-un-conseil-de-securite-citoyen-en-matiere-d-eau","status":"publish","type":"post","link":"https:\/\/www.justicepaix.be\/en\/rencontre-pour-un-conseil-de-securite-citoyen-en-matiere-d-eau\/","title":{"rendered":"!! CANCELED !! Meeting: for a Citizen Water Safety Council"},"content":{"rendered":"<p><img fetchpriority=\"high\" decoding=\"async\" class=\"aligncenter size-full wp-image-16712\" src=\"http:\/\/demop.netbaz.be\/2021\/jp\/wp-content\/uploads\/2020\/03\/jpg_water-in-hand.jpg\" alt=\"water-in-hand.jpg\" align=\"center\" width=\"925\" height=\"617\" srcset=\"https:\/\/www.justicepaix.be\/wp-content\/uploads\/2020\/03\/jpg_water-in-hand.jpg 925w, https:\/\/www.justicepaix.be\/wp-content\/uploads\/2020\/03\/jpg_water-in-hand-300x200.jpg 300w, https:\/\/www.justicepaix.be\/wp-content\/uploads\/2020\/03\/jpg_water-in-hand-768x512.jpg 768w\" sizes=\"(max-width: 925px) 100vw, 925px\" \/><\/p>\n<p>Comme nous, vous partagez le constat de l\u2019\u00e9tat d\u2019urgence dans lequel notre plan\u00e8te, la biosph\u00e8re et l\u2019humanit\u00e9 se trouvent aujourd\u2019hui. Non content d\u2019avoir exploit\u00e9 \u00e0 outrance les  ressources naturelles et asservis les populations locales, le syst\u00e8me thermo-industriel et financier mondialis\u00e9 provoque aujourd\u2019hui la sixi\u00e8me extinction massive et des changements climatiques qui menacent jusqu\u2019\u00e0 la vie sur Terre. Les sonnettes d\u2019alarmes des scientifiques sont chaque jour plus fortes.<\/p>\n<p>Nous,  Habitants de la Terre nous mobilisons afin de n\u2019\u00eatre ni davantage victimes ni complices par le silence ou l\u2019inaction.<\/p>\n<p>Pour faire bouger les lignes et organiser notre \u00e9cor\u00e9silience et notre r\u00e9sistance \u00e0 ces m\u00e9canismes d\u2019oppression et de destruction, nous vous proposons de nous regrouper et de nous mobiliser.<\/p>\n<p>Pour fonder ce nouveau Conseil citoyen, nous pensons que vous avez un r\u00f4le important \u00e0 jouer. Nous vous invitons donc \u00e0 nous rejoindre pour le cocr\u00e9er et en d\u00e9finir le p\u00e9rim\u00e8tre d\u2019actions pour le mettre en mouvement. La fen\u00eatre m\u00e9diatique est ouverte !<\/p>\n<p><visible> Practical information<\/p>\n<p><strong>Free<\/strong> + lunch offert.<br \/>\n<strong>Place<\/strong> : La V\u00e9nerie \u2013 Les \u00e9curies (3 place Gilson, \u00e0 1170 Watermael-Boitsfort)<br \/>\nPour vous inscrire, envoyez un mail \u00e0 <a href=\"\/en\/agathe.smyth@justicepaix.be\/\">Agatha Smyth<\/a>.<\/p>\n<p><em>Afin d&rsquo;\u00e9viter le gaspillage alimentaire, les <strong>registrations<\/strong> sont <strong>obligatoires<\/strong>. Merci de votre compr\u00e9hension.  <\/em> <\/p>\n<p><\/visible><\/p>\n<div id='gallery-1' class='gallery galleryid-16713 gallery-columns-3 gallery-size-thumbnail'><figure class='gallery-item'>\n\t\t\t<div class='gallery-icon landscape'>\n\t\t\t\t<a href='https:\/\/www.justicepaix.be\/wp-content\/uploads\/2020\/03\/jpg_water-in-hand.jpg'><img decoding=\"async\" width=\"150\" height=\"150\" src=\"https:\/\/www.justicepaix.be\/wp-content\/uploads\/2020\/03\/jpg_water-in-hand-150x150.jpg\" class=\"attachment-thumbnail size-thumbnail\" alt=\"water-in-hand.jpg\" \/><\/a>\n\t\t\t<\/div><\/figure><figure class='gallery-item'>\n\t\t\t<div class='gallery-icon landscape'>\n\t\t\t\t<a href='https:\/\/www.justicepaix.be\/wp-content\/uploads\/2020\/03\/jpg_water-in-hand-2.jpg'><img decoding=\"async\" width=\"150\" height=\"150\" src=\"https:\/\/www.justicepaix.be\/wp-content\/uploads\/2020\/03\/jpg_water-in-hand-2-150x150.jpg\" class=\"attachment-thumbnail size-thumbnail\" alt=\"water-in-hand-2.jpg\" \/><\/a>\n\t\t\t<\/div><\/figure><figure class='gallery-item'>\n\t\t\t<div class='gallery-icon landscape'>\n\t\t\t\t<a href='https:\/\/www.justicepaix.be\/wp-content\/uploads\/2020\/03\/jpg_water-in-hand-3.jpg'><img loading=\"lazy\" decoding=\"async\" width=\"150\" height=\"150\" src=\"https:\/\/www.justicepaix.be\/wp-content\/uploads\/2020\/03\/jpg_water-in-hand-3-150x150.jpg\" class=\"attachment-thumbnail size-thumbnail\" alt=\"water-in-hand-3.jpg\" \/><\/a>\n\t\t\t<\/div><\/figure>\n\t\t<\/div>","protected":false},"excerpt":{"rendered":"<p>Comme nous, vous partagez le constat de l\u2019\u00e9tat d\u2019urgence dans lequel notre plan\u00e8te, la biosph\u00e8re et l\u2019humanit\u00e9 se trouvent aujourd\u2019hui. Non content d\u2019avoir exploit\u00e9 \u00e0 outrance les ressources naturelles et asservis les populations locales, le syst\u00e8me thermo-industriel et financier mondialis\u00e9 provoque aujourd\u2019hui la sixi\u00e8me extinction massive et des changements climatiques qui menacent jusqu\u2019\u00e0 la vie [&hellip;]<\/p>\n","protected":false},"author":62,"featured_media":16712,"comment_status":"closed","ping_status":"open","sticky":false,"template":"","format":"standard","meta":{"_acf_changed":false,"_seopress_robots_primary_cat":"","_seopress_titles_title":"","_seopress_titles_desc":"","_seopress_robots_index":"","footnotes":""},"categories":[2696],"tags":[],"class_list":["post-16713","post","type-post","status-publish","format-standard","has-post-thumbnail","hentry","category-actualites"],"acf":[],"_links":{"self":[{"href":"https:\/\/www.justicepaix.be\/en\/wp-json\/wp\/v2\/posts\/16713","targetHints":{"allow":["GET"]}}],"collection":[{"href":"https:\/\/www.justicepaix.be\/en\/wp-json\/wp\/v2\/posts"}],"about":[{"href":"https:\/\/www.justicepaix.be\/en\/wp-json\/wp\/v2\/types\/post"}],"author":[{"embeddable":true,"href":"https:\/\/www.justicepaix.be\/en\/wp-json\/wp\/v2\/users\/62"}],"replies":[{"embeddable":true,"href":"https:\/\/www.justicepaix.be\/en\/wp-json\/wp\/v2\/comments?post=16713"}],"version-history":[{"count":0,"href":"https:\/\/www.justicepaix.be\/en\/wp-json\/wp\/v2\/posts\/16713\/revisions"}],"wp:featuredmedia":[{"embeddable":true,"href":"https:\/\/www.justicepaix.be\/en\/wp-json\/wp\/v2\/media\/16712"}],"wp:attachment":[{"href":"https:\/\/www.justicepaix.be\/en\/wp-json\/wp\/v2\/media?parent=16713"}],"wp:term":[{"taxonomy":"category","embeddable":true,"href":"https:\/\/www.justicepaix.be\/en\/wp-json\/wp\/v2\/categories?post=16713"},{"taxonomy":"post_tag","embeddable":true,"href":"https:\/\/www.justicepaix.be\/en\/wp-json\/wp\/v2\/tags?post=16713"}],"curies":[{"name":"wp","href":"https:\/\/api.w.org\/{rel}","templated":true}]}}