{"id":16710,"date":"2020-03-04T16:47:48","date_gmt":"2020-03-04T16:47:48","guid":{"rendered":"https:\/\/demop.netbaz.be\/2021\/jp\/2020\/03\/04\/cycle-de-formations\/"},"modified":"2021-04-14T12:13:21","modified_gmt":"2021-04-14T12:13:21","slug":"cycle-de-formations","status":"publish","type":"post","link":"https:\/\/www.justicepaix.be\/en\/cycle-de-formations\/","title":{"rendered":"Citizen training cycle"},"content":{"rendered":"<p><img fetchpriority=\"high\" decoding=\"async\" class=\"aligncenter size-full wp-image-16709\" src=\"http:\/\/demop.netbaz.be\/2021\/jp\/wp-content\/uploads\/2020\/03\/png_cycle_de_formations_3_.png\" alt=\"cycle_de_formations_3_.png\" align=\"center\" width=\"1080\" height=\"1080\" srcset=\"https:\/\/www.justicepaix.be\/wp-content\/uploads\/2020\/03\/png_cycle_de_formations_3_.png 1080w, https:\/\/www.justicepaix.be\/wp-content\/uploads\/2020\/03\/png_cycle_de_formations_3_-300x300.png 300w, https:\/\/www.justicepaix.be\/wp-content\/uploads\/2020\/03\/png_cycle_de_formations_3_-1024x1024.png 1024w, https:\/\/www.justicepaix.be\/wp-content\/uploads\/2020\/03\/png_cycle_de_formations_3_-150x150.png 150w, https:\/\/www.justicepaix.be\/wp-content\/uploads\/2020\/03\/png_cycle_de_formations_3_-768x768.png 768w\" sizes=\"(max-width: 1080px) 100vw, 1080px\" \/><\/p>\n<p>Le samedi <strong>14 mars 2020 &#8211; De 9h \u00e0 16h30<\/strong> : Ressources naturelles et conflits<br \/>\n<strong>Place<\/strong> : Chauss\u00e9e Saint-Pierre, 208 \u00e0 1040 Bruxelles.<br \/>\n<em>This training traces the journey of precious minerals such as gold or coltan from the mine to\u2026 our mobile phone, notably reviewing the many actors involved in this globalized process.<\/em><\/p>\n<p>Le samedi <strong>4 avril 2020 &#8211; De 9h \u00e0 16h30<\/strong> : Comprendre les conflis internationaux<br \/>\n<strong>Place<\/strong> : Bruxelles, \u00e0 d\u00e9terminer.<br \/>\n<em>Cette formation vise \u00e0 transmettre des cl\u00e9s de lecture pour d\u00e9crypter les conflits et confronter diff\u00e9rents points de vue \u00e0 leur \u00e9gard.<br \/>\n<\/em><\/p>\n<p>Le samedi <strong>6 juin 2020 &#8211; De 9h \u00e0 16h30<\/strong> : Migrations et conflits : le cas de la RD Congo<br \/>\n<strong>Place<\/strong> : Bruxelles, \u00e0 d\u00e9terminer.<br \/>\n<em>\u00c0 partir de cartes, t\u00e9moignages et faits d\u2019actualit\u00e9, cette formation aborde le ph\u00e9nom\u00e8ne migratoire dans sa globalit\u00e9 et sa complexit\u00e9<\/em><\/p>\n<p>Le samedi <strong>27 juin 2020 &#8211; De 9h \u00e0 16h30<\/strong> : Mobilisations et engagements<br \/>\n<strong>Place<\/strong> : Bruxelles, \u00e0 d\u00e9terminer.<br \/>\n<em>La formation permet de mieux comprendre la convergence des luttes et les enjeux actuels de l\u2019engagement. Elle se concentre sur les citoyen\u00b7ne\u00b7s comme des acteur\u00b7trice\u00b7s \u00e0 part enti\u00e8re de la vie politique et \u00e9conomique en leur attribuant un r\u00f4le central.<\/em><\/p>\n<p>Prix du cycle : 45\u20ac<\/p>\n<p>Il est \u00e9galement possible de s&rsquo;inscrire \u00e0 une seule journ\u00e9e de formation (12\u20ac).<br \/>\nNous vous invitons \u00e0 utiliser le m\u00eame formulaire d&rsquo;inscription mais de pr\u00e9ciser par mail \u00e0 <a href=\"\/en\/anneclaire.willocx@justicepaix.be\/\">Anne-Claire Willocx<\/a>, la journ\u00e9e \u00e0 laquelle vous souhaitez vous inscrire.  <\/p>\n<p><visible>Registrations<\/p>\n<p><iframe width=\"100%\" height=\"1950\" src=\"https:\/\/crm-cjp.be\/spip.php?page=inscription_public&#038;id_operation=231\"><\/iframe><\/p>\n<p><\/visible><br \/>\n<div id='gallery-1' class='gallery galleryid-16710 gallery-columns-3 gallery-size-thumbnail'><figure class='gallery-item'>\n\t\t\t<div class='gallery-icon landscape'>\n\t\t\t\t<a href='https:\/\/www.justicepaix.be\/wp-content\/uploads\/2020\/03\/png_cycle_de_formations_3_.png'><img decoding=\"async\" width=\"150\" height=\"150\" src=\"https:\/\/www.justicepaix.be\/wp-content\/uploads\/2020\/03\/png_cycle_de_formations_3_-150x150.png\" class=\"attachment-thumbnail size-thumbnail\" alt=\"cycle_de_formations_3_.png\" srcset=\"https:\/\/www.justicepaix.be\/wp-content\/uploads\/2020\/03\/png_cycle_de_formations_3_-150x150.png 150w, https:\/\/www.justicepaix.be\/wp-content\/uploads\/2020\/03\/png_cycle_de_formations_3_-300x300.png 300w, https:\/\/www.justicepaix.be\/wp-content\/uploads\/2020\/03\/png_cycle_de_formations_3_-1024x1024.png 1024w, https:\/\/www.justicepaix.be\/wp-content\/uploads\/2020\/03\/png_cycle_de_formations_3_-768x768.png 768w, https:\/\/www.justicepaix.be\/wp-content\/uploads\/2020\/03\/png_cycle_de_formations_3_.png 1080w\" sizes=\"(max-width: 150px) 100vw, 150px\" \/><\/a>\n\t\t\t<\/div><\/figure>\n\t\t<\/div>\n<\/p>","protected":false},"excerpt":{"rendered":"<p>Le samedi 14 mars 2020 &#8211; De 9h \u00e0 16h30 : Ressources naturelles et conflits Lieu : Chauss\u00e9e Saint-Pierre, 208 \u00e0 1040 Bruxelles. Cette formation retrace le parcours de pr\u00e9cieux minerais comme l\u2019or ou le coltan depuis la mine jusqu\u2019\u00e0\u2026 notre GSM, en passant notamment en revue les nombreux acteurs impliqu\u00e9s dans ce processus mondialis\u00e9. [&hellip;]<\/p>\n","protected":false},"author":62,"featured_media":16709,"comment_status":"closed","ping_status":"open","sticky":false,"template":"","format":"standard","meta":{"_acf_changed":false,"_seopress_robots_primary_cat":"","_seopress_titles_title":"","_seopress_titles_desc":"","_seopress_robots_index":"","footnotes":""},"categories":[2696],"tags":[2800],"class_list":["post-16710","post","type-post","status-publish","format-standard","has-post-thumbnail","hentry","category-actualites","tag-formation"],"acf":[],"_links":{"self":[{"href":"https:\/\/www.justicepaix.be\/en\/wp-json\/wp\/v2\/posts\/16710","targetHints":{"allow":["GET"]}}],"collection":[{"href":"https:\/\/www.justicepaix.be\/en\/wp-json\/wp\/v2\/posts"}],"about":[{"href":"https:\/\/www.justicepaix.be\/en\/wp-json\/wp\/v2\/types\/post"}],"author":[{"embeddable":true,"href":"https:\/\/www.justicepaix.be\/en\/wp-json\/wp\/v2\/users\/62"}],"replies":[{"embeddable":true,"href":"https:\/\/www.justicepaix.be\/en\/wp-json\/wp\/v2\/comments?post=16710"}],"version-history":[{"count":0,"href":"https:\/\/www.justicepaix.be\/en\/wp-json\/wp\/v2\/posts\/16710\/revisions"}],"wp:featuredmedia":[{"embeddable":true,"href":"https:\/\/www.justicepaix.be\/en\/wp-json\/wp\/v2\/media\/16709"}],"wp:attachment":[{"href":"https:\/\/www.justicepaix.be\/en\/wp-json\/wp\/v2\/media?parent=16710"}],"wp:term":[{"taxonomy":"category","embeddable":true,"href":"https:\/\/www.justicepaix.be\/en\/wp-json\/wp\/v2\/categories?post=16710"},{"taxonomy":"post_tag","embeddable":true,"href":"https:\/\/www.justicepaix.be\/en\/wp-json\/wp\/v2\/tags?post=16710"}],"curies":[{"name":"wp","href":"https:\/\/api.w.org\/{rel}","templated":true}]}}