{"id":16706,"date":"2020-03-04T15:51:42","date_gmt":"2020-03-04T15:51:42","guid":{"rendered":"https:\/\/demop.netbaz.be\/2021\/jp\/2020\/03\/04\/non-vos-diamants-ne-sont-toujours-pas-ethiques\/"},"modified":"2021-04-14T12:13:15","modified_gmt":"2021-04-14T12:13:15","slug":"non-vos-diamants-ne-sont-toujours-pas-ethiques","status":"publish","type":"post","link":"https:\/\/www.justicepaix.be\/en\/non-vos-diamants-ne-sont-toujours-pas-ethiques\/","title":{"rendered":"No, your diamonds are still unethical"},"content":{"rendered":"<p>Comme chaque ann\u00e9e, l\u2019Assembl\u00e9e G\u00e9n\u00e9rale des Nations Unies a adopt\u00e9 hier une r\u00e9solution renouvelant le mandat du Processus Kimberley (PK) pour la 17\u00e8me fois. Pourtant, ce syst\u00e8me de certification de diamants cr\u00e9\u00e9 en 2003 a plus d\u2019une fois montr\u00e9 ses limites et son incapacit\u00e9 \u00e0 se r\u00e9former afin d\u2019endiguer r\u00e9ellement les \u00ab diamants de conflits \u00bb. Le dernier cycle de r\u00e9vision et de r\u00e9forme, qui s\u2019est cl\u00f4tur\u00e9 en novembre 2019 \u00e0 New Dehli sans la moindre avanc\u00e9e, remet d\u2019ailleurs en cause l\u2019utilit\u00e9 m\u00eame d\u2019un tel processus .<\/p>\n<p>Une opinion \u00e0 lire <strong><a href=\"https:\/\/www.lalibre.be\/debats\/opinions\/non-vos-diamants-ne-sont-toujours-pas-ethiques-5e5e751cd8ad5830ae872e6d?fbclid=IwAR2ZS3sQLlD7vTL27tBmEvVDcVrn2y6Js6i7Li0Dua4DwoF70Fgy7bcpFHk\">here<\/a><\/strong>. <div id='gallery-1' class='gallery galleryid-16706 gallery-columns-3 gallery-size-thumbnail'><figure class='gallery-item'>\n\t\t\t<div class='gallery-icon landscape'>\n\t\t\t\t<a href='https:\/\/www.justicepaix.be\/wp-content\/uploads\/2020\/03\/jpg_amethyst-2186843_960_720.jpg'><img decoding=\"async\" width=\"150\" height=\"150\" src=\"https:\/\/www.justicepaix.be\/wp-content\/uploads\/2020\/03\/jpg_amethyst-2186843_960_720-150x150.jpg\" class=\"attachment-thumbnail size-thumbnail\" alt=\"amethyst-2186843_960_720.jpg\" \/><\/a>\n\t\t\t<\/div><\/figure>\n\t\t<\/div>\n<\/p>","protected":false},"excerpt":{"rendered":"<p>Comme chaque ann\u00e9e, l\u2019Assembl\u00e9e G\u00e9n\u00e9rale des Nations Unies a adopt\u00e9 hier une r\u00e9solution renouvelant le mandat du Processus Kimberley (PK) pour la 17\u00e8me fois. Pourtant, ce syst\u00e8me de certification de diamants cr\u00e9\u00e9 en 2003 a plus d\u2019une fois montr\u00e9 ses limites et son incapacit\u00e9 \u00e0 se r\u00e9former afin d\u2019endiguer r\u00e9ellement les \u00ab diamants de conflits [&hellip;]<\/p>\n","protected":false},"author":62,"featured_media":16707,"comment_status":"closed","ping_status":"open","sticky":false,"template":"","format":"standard","meta":{"_acf_changed":false,"_seopress_robots_primary_cat":"","_seopress_titles_title":"","_seopress_titles_desc":"","_seopress_robots_index":"","footnotes":""},"categories":[2846,2686],"tags":[],"class_list":["post-16706","post","type-post","status-publish","format-standard","has-post-thumbnail","hentry","category-dans-les-medias","category-pre-2015"],"acf":[],"_links":{"self":[{"href":"https:\/\/www.justicepaix.be\/en\/wp-json\/wp\/v2\/posts\/16706","targetHints":{"allow":["GET"]}}],"collection":[{"href":"https:\/\/www.justicepaix.be\/en\/wp-json\/wp\/v2\/posts"}],"about":[{"href":"https:\/\/www.justicepaix.be\/en\/wp-json\/wp\/v2\/types\/post"}],"author":[{"embeddable":true,"href":"https:\/\/www.justicepaix.be\/en\/wp-json\/wp\/v2\/users\/62"}],"replies":[{"embeddable":true,"href":"https:\/\/www.justicepaix.be\/en\/wp-json\/wp\/v2\/comments?post=16706"}],"version-history":[{"count":0,"href":"https:\/\/www.justicepaix.be\/en\/wp-json\/wp\/v2\/posts\/16706\/revisions"}],"wp:featuredmedia":[{"embeddable":true,"href":"https:\/\/www.justicepaix.be\/en\/wp-json\/wp\/v2\/media\/16707"}],"wp:attachment":[{"href":"https:\/\/www.justicepaix.be\/en\/wp-json\/wp\/v2\/media?parent=16706"}],"wp:term":[{"taxonomy":"category","embeddable":true,"href":"https:\/\/www.justicepaix.be\/en\/wp-json\/wp\/v2\/categories?post=16706"},{"taxonomy":"post_tag","embeddable":true,"href":"https:\/\/www.justicepaix.be\/en\/wp-json\/wp\/v2\/tags?post=16706"}],"curies":[{"name":"wp","href":"https:\/\/api.w.org\/{rel}","templated":true}]}}