{"id":16667,"date":"2020-02-05T09:38:09","date_gmt":"2020-02-05T09:38:09","guid":{"rendered":"https:\/\/demop.netbaz.be\/2021\/jp\/2020\/02\/05\/lunch-rencontre-de-partenaires\/"},"modified":"2021-04-14T12:12:55","modified_gmt":"2021-04-14T12:12:55","slug":"lunch-rencontre-de-partenaires","status":"publish","type":"post","link":"https:\/\/www.justicepaix.be\/en\/lunch-rencontre-de-partenaires\/","title":{"rendered":"Lunch &#8211; Rencontre de partenaires"},"content":{"rendered":"<p><img fetchpriority=\"high\" decoding=\"async\" class=\"aligncenter size-full wp-image-16666\" src=\"http:\/\/demop.netbaz.be\/2021\/jp\/wp-content\/uploads\/2020\/02\/jpg_20171122_154646-scaled.jpg\" alt=\"20171122_154646.jpg\" align=\"center\" width=\"2560\" height=\"1440\" srcset=\"https:\/\/www.justicepaix.be\/wp-content\/uploads\/2020\/02\/jpg_20171122_154646-scaled.jpg 2560w, https:\/\/www.justicepaix.be\/wp-content\/uploads\/2020\/02\/jpg_20171122_154646-300x169.jpg 300w, https:\/\/www.justicepaix.be\/wp-content\/uploads\/2020\/02\/jpg_20171122_154646-1024x576.jpg 1024w, https:\/\/www.justicepaix.be\/wp-content\/uploads\/2020\/02\/jpg_20171122_154646-768x432.jpg 768w, https:\/\/www.justicepaix.be\/wp-content\/uploads\/2020\/02\/jpg_20171122_154646-1536x864.jpg 1536w, https:\/\/www.justicepaix.be\/wp-content\/uploads\/2020\/02\/jpg_20171122_154646-2048x1152.jpg 2048w\" sizes=\"(max-width: 2560px) 100vw, 2560px\" \/><\/p>\n<p>Plusieurs partenaires de la CIDSE (Coop\u00e9ration Internationale pour le D\u00e9veloppement et la Solidarit\u00e9) seront pr\u00e9sents \u00e0 Bruxelles le <strong>13 f\u00e9vrier<\/strong> prochain.<br \/>\nNous vous proposons de venir les rencontrer autour d&rsquo;un lunch de <strong>12h \u00e0 14h<\/strong>. Ils nous parleront de justice climatique en Am\u00e9rique latine et en Afrique. Un temps d&rsquo;\u00e9changes sera pr\u00e9vu.  <\/p>\n<p><strong>Or ?<\/strong> Chez Justice et Paix, chauss\u00e9e Saint-Pierre 208 \u00e0 1040 Bruxelles. <\/p>\n<p><strong>Trusha Reddy<\/strong> is here <strong>coordinatrice r\u00e9gionale de l&rsquo;\u00e9nergie et de la justice climatique \u00e0 l&rsquo;Alliance africaine de <a href=\"https:\/\/womin.org.za\/who-we-are\/what-is-womin.html\">WoMin<\/a><\/strong>. Elle a plus de 15 ans d&rsquo;exp\u00e9rience dans le domaine de la justice \u00e9nerg\u00e9tique et climatique, tant au sein qu&rsquo;aux c\u00f4t\u00e9s des organisations de la soci\u00e9t\u00e9 civile. Elle est comp\u00e9tente en mati\u00e8re de d\u00e9veloppement de campagnes et de strat\u00e9gies, de recherche et d&rsquo;analyse, de gestion de projets et de programmes, de gestion de subventions et de collecte de fonds. Elle a \u00e9galement de l\u2019exp\u00e9rience dans la d\u00e9fense des droits des femmes du Sud et des questions f\u00e9ministes mondiales. <\/p>\n<p><strong>Cesar Padilla<\/strong> est le <strong>coordinateur de l&rsquo;Observatoire des conflits miniers d&rsquo;Am\u00e9rique latine<\/strong> (<a href=\"https:\/\/www.ocmal.org\/\">OCMAL<\/a>). Il se consacre \u00e0 l&rsquo;\u00e9tude des conflits environnementaux li\u00e9s \u00e0 l&rsquo;exploitation mini\u00e8re en Am\u00e9rique latine. Il a particip\u00e9 \u00e0 des publications sur les effets sociaux et environnementaux de l&rsquo;exploitation mini\u00e8re en Am\u00e9rique latine et a r\u00e9dig\u00e9 de nombreux articles et contributions \u00e0 diverses enqu\u00eates sur les conflits miniers dans la r\u00e9gion de l&rsquo;Am\u00e9rique latine.<\/p>\n<p><visible>Registrations <\/p>\n<p><iframe width=\"100%\" height=\"1950\" src=\"https:\/\/crm-cjp.be\/spip.php?page=inscription_public&#038;id_operation=228\"><\/iframe><br \/>\n<\/visible><\/p>\n<div id='gallery-1' class='gallery galleryid-16667 gallery-columns-3 gallery-size-thumbnail'><figure class='gallery-item'>\n\t\t\t<div class='gallery-icon landscape'>\n\t\t\t\t<a href='https:\/\/www.justicepaix.be\/wp-content\/uploads\/2020\/02\/jpg_mine_sierra_leone-2.jpg'><img decoding=\"async\" width=\"150\" height=\"150\" src=\"https:\/\/www.justicepaix.be\/wp-content\/uploads\/2020\/02\/jpg_mine_sierra_leone-2-150x150.jpg\" class=\"attachment-thumbnail size-thumbnail\" alt=\"mine_sierra_leone-2.jpg\" \/><\/a>\n\t\t\t<\/div><\/figure><figure class='gallery-item'>\n\t\t\t<div class='gallery-icon landscape'>\n\t\t\t\t<a href='https:\/\/www.justicepaix.be\/wp-content\/uploads\/2020\/02\/jpg_20171122_154646-scaled.jpg'><img decoding=\"async\" width=\"150\" height=\"150\" src=\"https:\/\/www.justicepaix.be\/wp-content\/uploads\/2020\/02\/jpg_20171122_154646-150x150.jpg\" class=\"attachment-thumbnail size-thumbnail\" alt=\"20171122_154646.jpg\" \/><\/a>\n\t\t\t<\/div><\/figure><figure class='gallery-item'>\n\t\t\t<div class='gallery-icon landscape'>\n\t\t\t\t<a href='https:\/\/www.justicepaix.be\/wp-content\/uploads\/2020\/02\/jpg_20171122_154646-2-scaled.jpg'><img loading=\"lazy\" decoding=\"async\" width=\"150\" height=\"150\" src=\"https:\/\/www.justicepaix.be\/wp-content\/uploads\/2020\/02\/jpg_20171122_154646-2-150x150.jpg\" class=\"attachment-thumbnail size-thumbnail\" alt=\"20171122_154646-2.jpg\" \/><\/a>\n\t\t\t<\/div><\/figure>\n\t\t<\/div>","protected":false},"excerpt":{"rendered":"<p>Plusieurs partenaires de la CIDSE (Coop\u00e9ration Internationale pour le D\u00e9veloppement et la Solidarit\u00e9) seront pr\u00e9sents \u00e0 Bruxelles le 13 f\u00e9vrier prochain. Nous vous proposons de venir les rencontrer autour d&rsquo;un lunch de 12h \u00e0 14h. Ils nous parleront de justice climatique en Am\u00e9rique latine et en Afrique. Un temps d&rsquo;\u00e9changes sera pr\u00e9vu. O\u00f9 ? Chez [&hellip;]<\/p>\n","protected":false},"author":62,"featured_media":16666,"comment_status":"closed","ping_status":"open","sticky":false,"template":"","format":"standard","meta":{"_acf_changed":false,"_seopress_robots_primary_cat":"","_seopress_titles_title":"","_seopress_titles_desc":"","_seopress_robots_index":"","footnotes":""},"categories":[2696],"tags":[],"class_list":["post-16667","post","type-post","status-publish","format-standard","has-post-thumbnail","hentry","category-actualites"],"acf":[],"_links":{"self":[{"href":"https:\/\/www.justicepaix.be\/en\/wp-json\/wp\/v2\/posts\/16667","targetHints":{"allow":["GET"]}}],"collection":[{"href":"https:\/\/www.justicepaix.be\/en\/wp-json\/wp\/v2\/posts"}],"about":[{"href":"https:\/\/www.justicepaix.be\/en\/wp-json\/wp\/v2\/types\/post"}],"author":[{"embeddable":true,"href":"https:\/\/www.justicepaix.be\/en\/wp-json\/wp\/v2\/users\/62"}],"replies":[{"embeddable":true,"href":"https:\/\/www.justicepaix.be\/en\/wp-json\/wp\/v2\/comments?post=16667"}],"version-history":[{"count":0,"href":"https:\/\/www.justicepaix.be\/en\/wp-json\/wp\/v2\/posts\/16667\/revisions"}],"wp:featuredmedia":[{"embeddable":true,"href":"https:\/\/www.justicepaix.be\/en\/wp-json\/wp\/v2\/media\/16666"}],"wp:attachment":[{"href":"https:\/\/www.justicepaix.be\/en\/wp-json\/wp\/v2\/media?parent=16667"}],"wp:term":[{"taxonomy":"category","embeddable":true,"href":"https:\/\/www.justicepaix.be\/en\/wp-json\/wp\/v2\/categories?post=16667"},{"taxonomy":"post_tag","embeddable":true,"href":"https:\/\/www.justicepaix.be\/en\/wp-json\/wp\/v2\/tags?post=16667"}],"curies":[{"name":"wp","href":"https:\/\/api.w.org\/{rel}","templated":true}]}}