{"id":16658,"date":"2020-01-24T10:22:07","date_gmt":"2020-01-24T10:22:07","guid":{"rendered":"https:\/\/demop.netbaz.be\/2021\/jp\/2020\/01\/24\/the-eu-regulation-on-responsible-mineral-supply-and-its-accompanying-measures\/"},"modified":"2021-04-14T12:12:53","modified_gmt":"2021-04-14T12:12:53","slug":"the-eu-regulation-on-responsible-mineral-supply-and-its-accompanying-measures","status":"publish","type":"post","link":"https:\/\/www.justicepaix.be\/en\/the-eu-regulation-on-responsible-mineral-supply-and-its-accompanying-measures\/","title":{"rendered":"The EU Regulation on responsible mineral supply and its accompanying measures: views from civil society from producing countries"},"content":{"rendered":"<img fetchpriority=\"high\" decoding=\"async\" class=\"alignleft size-full wp-image-16657\" src=\"http:\/\/demop.netbaz.be\/2021\/jp\/wp-content\/uploads\/2020\/01\/png_report.png\" alt=\"report.png\" align=\"left\" width=\"625\" height=\"875\" srcset=\"https:\/\/www.justicepaix.be\/wp-content\/uploads\/2020\/01\/png_report.png 625w, https:\/\/www.justicepaix.be\/wp-content\/uploads\/2020\/01\/png_report-214x300.png 214w\" sizes=\"(max-width: 625px) 100vw, 625px\" \/>\nThe EU Regulation on responsible mineral supply and its accompanying measures: views from civil society from producing countries.\nPicture: Frederic Triest\nDecember 2019\nWORKSHOP REPORT\n\nLes 29 et 30 avril 2019, 5 organisations europ\u00e9ennes de la soci\u00e9t\u00e9 civile (dont EurAc) ont organis\u00e9 l&rsquo;atelier \u00ab\u00a0The EU Regulation on responsible mineral supply and its accompanying measures: views from civil society from producing countries\u00a0\u00bb.\n\nL&rsquo;objectif \u00e9tait de r\u00e9unir les acteurs de la soci\u00e9t\u00e9 civile des pays miniers, tels que la RDC et la Colombie, ainsi que de l&rsquo;UE, pour discuter de l&rsquo;\u00e9tat de la mise en \u0153uvre du r\u00e8glement. Les participant\u00b7e\u00b7s ont discut\u00e9 des risques, des opportunit\u00e9s et des d\u00e9fis li\u00e9s au r\u00e8glement et \u00e0 ses mesures d&rsquo;accompagnement pour les communaut\u00e9s et les mineurs dans leurs pays respectifs. \n\nLe principal r\u00e9sultat de l&rsquo;atelier a \u00e9t\u00e9 l&rsquo;\u00e9laboration de recommandations aux d\u00e9cideurs\u00b7euses politiques de l&rsquo;UE, r\u00e9dig\u00e9es conjointement avec les organisations de la soci\u00e9t\u00e9 civile des pays producteurs de minerais et des pays europ\u00e9ens. \n\nL&rsquo;\u00e9v\u00e9nement a permis d&rsquo;atteindre cet objectif gr\u00e2ce \u00e0 un d\u00e9bat critique auquel ont particip\u00e9 des repr\u00e9sentant\u00b7e\u00b7s des pays producteurs et importateurs. Le pr\u00e9sent document (en anglais) donne un aper\u00e7u des principaux arguments, pr\u00e9occupations et solutions discut\u00e9s et \u00e9labor\u00e9s au cours des deux jours d&rsquo;atelier. (Eurac)\n\nLe rapport complet en anglais est disponible <a href=\"https:\/\/www.eurac-network.org\/sites\/default\/files\/2019_eurac_report_workshopresponsiblemineralsourcing_vf.pdf\"> here.<\/a>\n\n<div id='gallery-1' class='gallery galleryid-16658 gallery-columns-3 gallery-size-thumbnail'><figure class='gallery-item'>\n\t\t\t<div class='gallery-icon portrait'>\n\t\t\t\t<a href='https:\/\/www.justicepaix.be\/wp-content\/uploads\/2020\/01\/png_report.png'><img decoding=\"async\" width=\"150\" height=\"150\" src=\"https:\/\/www.justicepaix.be\/wp-content\/uploads\/2020\/01\/png_report-150x150.png\" class=\"attachment-thumbnail size-thumbnail\" alt=\"report.png\" \/><\/a>\n\t\t\t<\/div><\/figure><figure class='gallery-item'>\n\t\t\t<div class='gallery-icon portrait'>\n\t\t\t\t<a href='https:\/\/www.justicepaix.be\/wp-content\/uploads\/2020\/01\/png_report-2.png'><img decoding=\"async\" width=\"150\" height=\"150\" src=\"https:\/\/www.justicepaix.be\/wp-content\/uploads\/2020\/01\/png_report-2-150x150.png\" class=\"attachment-thumbnail size-thumbnail\" alt=\"report-2.png\" \/><\/a>\n\t\t\t<\/div><\/figure>\n\t\t<\/div>\n\n<h2 class=\"wp-block-heading\">Attachments<\/h2>\n\n\n\n<div class=\"wp-block-file\"><a href=\"http:\/\/demop.netbaz.be\/2021\/jp\/wp-content\/uploads\/2020\/01\/pdf_2019_eurac_report_workshopresponsiblemineralsourcing_v2.pdf\">2019_eurac_report_workshopresponsiblemineralsourcing_v2.pdf<\/a><\/div>","protected":false},"excerpt":{"rendered":"<p>The EU Regulation on responsible mineral supply and its accompanying measures: views from civil society from producing countries. Picture: Frederic Triest December 2019 WORKSHOP REPORT Les 29 et 30 avril 2019, 5 organisations europ\u00e9ennes de la soci\u00e9t\u00e9 civile (dont EurAc) ont organis\u00e9 l&rsquo;atelier \u00ab\u00a0The EU Regulation on responsible mineral supply and its accompanying measures: views [&hellip;]<\/p>\n","protected":false},"author":62,"featured_media":16657,"comment_status":"closed","ping_status":"open","sticky":false,"template":"","format":"standard","meta":{"_acf_changed":false,"_seopress_robots_primary_cat":"","_seopress_titles_title":"","_seopress_titles_desc":"","_seopress_robots_index":"","footnotes":""},"categories":[2721],"tags":[],"class_list":["post-16658","post","type-post","status-publish","format-standard","has-post-thumbnail","hentry","category-plaidoyer-politique"],"acf":[],"_links":{"self":[{"href":"https:\/\/www.justicepaix.be\/en\/wp-json\/wp\/v2\/posts\/16658","targetHints":{"allow":["GET"]}}],"collection":[{"href":"https:\/\/www.justicepaix.be\/en\/wp-json\/wp\/v2\/posts"}],"about":[{"href":"https:\/\/www.justicepaix.be\/en\/wp-json\/wp\/v2\/types\/post"}],"author":[{"embeddable":true,"href":"https:\/\/www.justicepaix.be\/en\/wp-json\/wp\/v2\/users\/62"}],"replies":[{"embeddable":true,"href":"https:\/\/www.justicepaix.be\/en\/wp-json\/wp\/v2\/comments?post=16658"}],"version-history":[{"count":0,"href":"https:\/\/www.justicepaix.be\/en\/wp-json\/wp\/v2\/posts\/16658\/revisions"}],"wp:featuredmedia":[{"embeddable":true,"href":"https:\/\/www.justicepaix.be\/en\/wp-json\/wp\/v2\/media\/16657"}],"wp:attachment":[{"href":"https:\/\/www.justicepaix.be\/en\/wp-json\/wp\/v2\/media?parent=16658"}],"wp:term":[{"taxonomy":"category","embeddable":true,"href":"https:\/\/www.justicepaix.be\/en\/wp-json\/wp\/v2\/categories?post=16658"},{"taxonomy":"post_tag","embeddable":true,"href":"https:\/\/www.justicepaix.be\/en\/wp-json\/wp\/v2\/tags?post=16658"}],"curies":[{"name":"wp","href":"https:\/\/api.w.org\/{rel}","templated":true}]}}