{"id":16647,"date":"2020-01-08T14:59:37","date_gmt":"2020-01-08T14:59:37","guid":{"rendered":"https:\/\/demop.netbaz.be\/2021\/jp\/2020\/01\/08\/javier-jahncke-est-le-secretaire-general-de-la\/"},"modified":"2022-08-10T09:32:25","modified_gmt":"2022-08-10T07:32:25","slug":"javier-jahncke-is-the-general-secretary-of-the","status":"publish","type":"post","link":"https:\/\/www.justicepaix.be\/en\/javier-jahncke-est-le-secretaire-general-de-la\/","title":{"rendered":"Javier Jahncke, Secretary General of Red Muqui"},"content":{"rendered":"<p>Javier Jahncke is the Secretary General of Red Muqui, a network of organizations<br>Peruvians who accompany peoples and communities affected by extraction<br>mining.<\/p>\n\n\n\n<p><br>Red Muqui&#039;s work focuses in particular on social consequences,<br>environmental and cultural effects produced by mining activities in Peru. Red Muqui defends the individual and collective rights of these peoples and contributes to strengthening their capacities to build a development model based on sustainability and Good Living (Buen Vivir).<\/p>\n\n\n\n<!--more-->\n\n\n\n<p>From a political advocacy point of view, the organization calls for institutional reforms that can lead to public policies based on respect for social and environmental norms and standards.<\/p>\n\n\n\n<p>What are the challenges faced by your organization, your country and Latin America in general?<\/p>\n\n\n\n<p><iframe src=\"https:\/\/www.youtube.com\/embed\/xd7mAmIxuLA\" width=\"560\" height=\"315\" frameborder=\"0\" allowfullscreen=\"allowfullscreen\"><\/iframe><\/p>\n\n\n\n<p>In April 2018, during a film debate which took place at the Maison de l&#039;Am\u00e9rique Latine, Javier Jahncke presented the documentary &quot;Historias de agua&quot; which shows the repercussions of pollution generated by mining activity on the health of people and the environment. The documentary makes us follow the journey of the water, from its source through different cities in Peru, in order to show us the faces of the people affected by the consumption of this polluted water, in a context of climate change. Those responsible clearly emerge: both the government, private actors and groups of influence at the political level.<\/p>\n\n\n\n<p>Could you explain to us what change brought about one of your projects in particular?<\/p>\n\n\n\n<p><iframe src=\"https:\/\/www.youtube.com\/embed\/1EqWUHonkiQ\" width=\"560\" height=\"315\" frameborder=\"0\" allowfullscreen=\"allowfullscreen\"><\/iframe><\/p>\n\n\n\n<p>According to Javier, in order for the world to continue to exist, we must look back, look at what we have lost and open ourselves to dialogue with ancestral peoples. If globalization is important in many aspects, people&#039;s thinking and way of living must not become globalized. By listening and understanding why these communities have chosen different lifestyles, it will be possible to find alternatives to the way we live and consume, and to bring about change built from below. According to Javier, we must learn to live to serve the world in which we live.<\/p>\n\n\n\n<p>What is your advice for citizens who want to do something to change the world today?<\/p>\n\n\n\n<p><iframe src=\"https:\/\/www.youtube.com\/embed\/NbwuIgQv2W8\" width=\"560\" height=\"315\" frameborder=\"0\" allowfullscreen=\"allowfullscreen\"><\/iframe><\/p>\n\n\n\n<p>\u201cI believe that the most important thing is to do something in the space that everyone<br>possesses. That is to say, managing to change the mentality in the space around us: in college, at school, at university. \u00bb<\/p>\n\n\n\n<figure class=\"wp-block-gallery has-nested-images columns-3 is-cropped wp-block-gallery-1 is-layout-flex wp-block-gallery-is-layout-flex\">\n<figure class=\"wp-block-image size-large\"><a href=\"https:\/\/www.justicepaix.be\/wp-content\/uploads\/2020\/01\/png_javier.png\"><img fetchpriority=\"high\" decoding=\"async\" width=\"761\" height=\"573\" data-id=\"16648\" src=\"https:\/\/www.justicepaix.be\/wp-content\/uploads\/2020\/01\/png_javier.png\" alt=\"javier.png\" class=\"wp-image-16648\" srcset=\"https:\/\/www.justicepaix.be\/wp-content\/uploads\/2020\/01\/png_javier.png 761w, https:\/\/www.justicepaix.be\/wp-content\/uploads\/2020\/01\/png_javier-300x226.png 300w\" sizes=\"(max-width: 761px) 100vw, 761px\" \/><\/a><\/figure>\n\n\n\n<figure class=\"wp-block-image size-large\"><a href=\"https:\/\/www.justicepaix.be\/wp-content\/uploads\/2020\/01\/png_javier-2.png\"><img decoding=\"async\" width=\"761\" height=\"573\" data-id=\"16649\" src=\"https:\/\/www.justicepaix.be\/wp-content\/uploads\/2020\/01\/png_javier-2.png\" alt=\"javier-2.png\" class=\"wp-image-16649\" srcset=\"https:\/\/www.justicepaix.be\/wp-content\/uploads\/2020\/01\/png_javier-2.png 761w, https:\/\/www.justicepaix.be\/wp-content\/uploads\/2020\/01\/png_javier-2-300x226.png 300w\" sizes=\"(max-width: 761px) 100vw, 761px\" \/><\/a><\/figure>\n<\/figure>","protected":false},"excerpt":{"rendered":"<p>Javier Jahncke est le Secr\u00e9taire G\u00e9n\u00e9ral de la Red Muqui, un r\u00e9seau d\u2019organisationsp\u00e9ruviennes qui accompagnent les peuples et communaut\u00e9s affect\u00e9s par l\u2019extractionmini\u00e8re. Le travail de la Red Muqui se focalise en particulier sur les cons\u00e9quences sociales,environnementales et culturelles produites par les activit\u00e9s mini\u00e8res au P\u00e9rou. La Red Muqui d\u00e9fend les droits individuels et collectifs de [&hellip;]<\/p>\n","protected":false},"author":62,"featured_media":16648,"comment_status":"closed","ping_status":"open","sticky":false,"template":"","format":"standard","meta":{"_acf_changed":false,"_seopress_robots_primary_cat":"2769","_seopress_titles_title":"","_seopress_titles_desc":"","_seopress_robots_index":"","footnotes":""},"categories":[2769],"tags":[2818],"class_list":["post-16647","post","type-post","status-publish","format-standard","has-post-thumbnail","hentry","category-alternatives-en-amerique-latine","tag-perou"],"acf":[],"_links":{"self":[{"href":"https:\/\/www.justicepaix.be\/en\/wp-json\/wp\/v2\/posts\/16647","targetHints":{"allow":["GET"]}}],"collection":[{"href":"https:\/\/www.justicepaix.be\/en\/wp-json\/wp\/v2\/posts"}],"about":[{"href":"https:\/\/www.justicepaix.be\/en\/wp-json\/wp\/v2\/types\/post"}],"author":[{"embeddable":true,"href":"https:\/\/www.justicepaix.be\/en\/wp-json\/wp\/v2\/users\/62"}],"replies":[{"embeddable":true,"href":"https:\/\/www.justicepaix.be\/en\/wp-json\/wp\/v2\/comments?post=16647"}],"version-history":[{"count":0,"href":"https:\/\/www.justicepaix.be\/en\/wp-json\/wp\/v2\/posts\/16647\/revisions"}],"wp:featuredmedia":[{"embeddable":true,"href":"https:\/\/www.justicepaix.be\/en\/wp-json\/wp\/v2\/media\/16648"}],"wp:attachment":[{"href":"https:\/\/www.justicepaix.be\/en\/wp-json\/wp\/v2\/media?parent=16647"}],"wp:term":[{"taxonomy":"category","embeddable":true,"href":"https:\/\/www.justicepaix.be\/en\/wp-json\/wp\/v2\/categories?post=16647"},{"taxonomy":"post_tag","embeddable":true,"href":"https:\/\/www.justicepaix.be\/en\/wp-json\/wp\/v2\/tags?post=16647"}],"curies":[{"name":"wp","href":"https:\/\/api.w.org\/{rel}","templated":true}]}}