{"id":16421,"date":"2019-10-11T11:14:16","date_gmt":"2019-10-11T11:14:16","guid":{"rendered":"https:\/\/demop.netbaz.be\/2021\/jp\/2019\/10\/11\/animation-de-la-mine-a-mon-gsm\/"},"modified":"2021-04-14T12:09:18","modified_gmt":"2021-04-14T12:09:18","slug":"animation-de-la-mine-a-mon-gsm","status":"publish","type":"post","link":"https:\/\/www.justicepaix.be\/en\/animation-de-la-mine-a-mon-gsm\/","title":{"rendered":"Animation &amp; debate \u201cFrom the mine to my mobile phone\u201d"},"content":{"rendered":"<p class=\"post_excerpt\">Dans le cadre  du mois de la solidarit\u00e9 de la commune d\u2019Etterbeek. <\/p>\n<p><!--more--><br \/>\n<img fetchpriority=\"high\" decoding=\"async\" class=\"aligncenter size-full wp-image-16420\" src=\"http:\/\/demop.netbaz.be\/2021\/jp\/wp-content\/uploads\/2019\/10\/jpg_06.11_-_anim_mine_gsm_5-3-scaled.jpg\" alt=\"06.11_-_anim_mine_gsm_5-3.jpg\" align=\"center\" width=\"2560\" height=\"1543\" srcset=\"https:\/\/www.justicepaix.be\/wp-content\/uploads\/2019\/10\/jpg_06.11_-_anim_mine_gsm_5-3-scaled.jpg 2560w, https:\/\/www.justicepaix.be\/wp-content\/uploads\/2019\/10\/jpg_06.11_-_anim_mine_gsm_5-3-300x181.jpg 300w, https:\/\/www.justicepaix.be\/wp-content\/uploads\/2019\/10\/jpg_06.11_-_anim_mine_gsm_5-3-1024x617.jpg 1024w, https:\/\/www.justicepaix.be\/wp-content\/uploads\/2019\/10\/jpg_06.11_-_anim_mine_gsm_5-3-768x463.jpg 768w, https:\/\/www.justicepaix.be\/wp-content\/uploads\/2019\/10\/jpg_06.11_-_anim_mine_gsm_5-3-1536x926.jpg 1536w, https:\/\/www.justicepaix.be\/wp-content\/uploads\/2019\/10\/jpg_06.11_-_anim_mine_gsm_5-3-2048x1234.jpg 2048w\" sizes=\"(max-width: 2560px) 100vw, 2560px\" \/><\/p>\n<p>Pays extr\u00eamement riche en ressources naturelles, la RD Congo fait partie des pays les plus pauvres de la plan\u00e8te. Nombreux sont les acteurs qui convoitent les ressources du pays et qui participent aux violences dont les premi\u00e8res victimes sont les populations locales. En tant que consommateur, nous avons un r\u00f4le \u00e0 jouer ! Notre GSM repr\u00e9sente un enjeu bien plus important qu\u2019on ne l\u2019imagine ! <\/p>\n<p>Les d\u00e9bats partiront d&rsquo;une vid\u00e9o r\u00e9alis\u00e9e dans le cadre de la campagne <a href=\"https:\/\/www.justicepaix.be\/en\/derrierelecran\/\">\u00ab\u00a0Derri\u00e8re l&rsquo;\u00e9cran\u00a0\u00bb<\/a>. <\/p>\n<p><strong>Practical information<br \/>\n<\/strong><\/p>\n<p><strong>Free<\/strong><br \/>\nHoraire : 18H30 \u2013 20H30<br \/>\nLieu : Chauss\u00e9e Saint Pierre, 208 1040 Bruxelles<br \/>\nPersonne de contact : Clara Debeve, clara.debeve@justicepaix.be ou 08 896 95 00<\/p>\n<p><visible>Registrations <\/p>\n<p><iframe width=\"100%\" height=\"1950\" src=\"https:\/\/crm-cjp.be\/spip.php?page=inscription_public&#038;id_operation=217\"><\/iframe><\/p>\n<p><\/visible><\/p>\n<div id='gallery-1' class='gallery galleryid-16421 gallery-columns-3 gallery-size-thumbnail'><figure class='gallery-item'>\n\t\t\t<div class='gallery-icon landscape'>\n\t\t\t\t<a href='https:\/\/www.justicepaix.be\/wp-content\/uploads\/2019\/10\/jpg_06.11_-_anim_mine_gsm_5-scaled.jpg'><img decoding=\"async\" width=\"150\" height=\"150\" src=\"https:\/\/www.justicepaix.be\/wp-content\/uploads\/2019\/10\/jpg_06.11_-_anim_mine_gsm_5-150x150.jpg\" class=\"attachment-thumbnail size-thumbnail\" alt=\"06.11_-_anim_mine_gsm_5.jpg\" \/><\/a>\n\t\t\t<\/div><\/figure><figure class='gallery-item'>\n\t\t\t<div class='gallery-icon landscape'>\n\t\t\t\t<a href='https:\/\/www.justicepaix.be\/wp-content\/uploads\/2019\/10\/jpg_06.11_-_anim_mine_gsm_5-3-scaled.jpg'><img decoding=\"async\" width=\"150\" height=\"150\" src=\"https:\/\/www.justicepaix.be\/wp-content\/uploads\/2019\/10\/jpg_06.11_-_anim_mine_gsm_5-3-150x150.jpg\" class=\"attachment-thumbnail size-thumbnail\" alt=\"06.11_-_anim_mine_gsm_5-3.jpg\" \/><\/a>\n\t\t\t<\/div><\/figure>\n\t\t<\/div>","protected":false},"excerpt":{"rendered":"<p>Dans le cadre du mois de la solidarit\u00e9 de la commune d\u2019Etterbeek.<\/p>","protected":false},"author":62,"featured_media":16420,"comment_status":"closed","ping_status":"open","sticky":false,"template":"","format":"standard","meta":{"_acf_changed":false,"_seopress_robots_primary_cat":"","_seopress_titles_title":"","_seopress_titles_desc":"","_seopress_robots_index":"","footnotes":""},"categories":[2696],"tags":[],"class_list":["post-16421","post","type-post","status-publish","format-standard","has-post-thumbnail","hentry","category-actualites"],"acf":[],"_links":{"self":[{"href":"https:\/\/www.justicepaix.be\/en\/wp-json\/wp\/v2\/posts\/16421","targetHints":{"allow":["GET"]}}],"collection":[{"href":"https:\/\/www.justicepaix.be\/en\/wp-json\/wp\/v2\/posts"}],"about":[{"href":"https:\/\/www.justicepaix.be\/en\/wp-json\/wp\/v2\/types\/post"}],"author":[{"embeddable":true,"href":"https:\/\/www.justicepaix.be\/en\/wp-json\/wp\/v2\/users\/62"}],"replies":[{"embeddable":true,"href":"https:\/\/www.justicepaix.be\/en\/wp-json\/wp\/v2\/comments?post=16421"}],"version-history":[{"count":0,"href":"https:\/\/www.justicepaix.be\/en\/wp-json\/wp\/v2\/posts\/16421\/revisions"}],"wp:featuredmedia":[{"embeddable":true,"href":"https:\/\/www.justicepaix.be\/en\/wp-json\/wp\/v2\/media\/16420"}],"wp:attachment":[{"href":"https:\/\/www.justicepaix.be\/en\/wp-json\/wp\/v2\/media?parent=16421"}],"wp:term":[{"taxonomy":"category","embeddable":true,"href":"https:\/\/www.justicepaix.be\/en\/wp-json\/wp\/v2\/categories?post=16421"},{"taxonomy":"post_tag","embeddable":true,"href":"https:\/\/www.justicepaix.be\/en\/wp-json\/wp\/v2\/tags?post=16421"}],"curies":[{"name":"wp","href":"https:\/\/api.w.org\/{rel}","templated":true}]}}