{"id":16405,"date":"2019-10-10T12:25:55","date_gmt":"2019-10-10T12:25:55","guid":{"rendered":"https:\/\/demop.netbaz.be\/2021\/jp\/2019\/10\/10\/pourquoi-migre-t-on-ou-vont-ces-personnes\/"},"modified":"2021-04-14T12:09:10","modified_gmt":"2021-04-14T12:09:10","slug":"pourquoi-migre-t-on-ou-vont-ces-personnes","status":"publish","type":"post","link":"https:\/\/www.justicepaix.be\/en\/pourquoi-migre-t-on-ou-vont-ces-personnes\/","title":{"rendered":"Citizen training: Migrations and conflicts: from DR Congo to Belgium"},"content":{"rendered":"<p class=\"post_excerpt\">Why do we migrate? Where do these people go when they leave their village, their home? What are their routes? These questions will be the starting point for training from Caritas International and Justice and Peace aimed at grasping the complexity of the migratory phenomenon to better visualize and understand a reality which is part of History and challenges us on a daily basis.<\/p>\n<p><!--more--><br \/>\n<img fetchpriority=\"high\" decoding=\"async\" class=\"aligncenter size-full wp-image-16403\" src=\"http:\/\/demop.netbaz.be\/2021\/jp\/wp-content\/uploads\/2019\/10\/jpg_dsc00166-scaled.jpg\" alt=\"dsc00166.jpg\" align=\"center\" width=\"2560\" height=\"1707\" srcset=\"https:\/\/www.justicepaix.be\/wp-content\/uploads\/2019\/10\/jpg_dsc00166-scaled.jpg 2560w, https:\/\/www.justicepaix.be\/wp-content\/uploads\/2019\/10\/jpg_dsc00166-300x200.jpg 300w, https:\/\/www.justicepaix.be\/wp-content\/uploads\/2019\/10\/jpg_dsc00166-1024x683.jpg 1024w, https:\/\/www.justicepaix.be\/wp-content\/uploads\/2019\/10\/jpg_dsc00166-768x512.jpg 768w, https:\/\/www.justicepaix.be\/wp-content\/uploads\/2019\/10\/jpg_dsc00166-1536x1024.jpg 1536w, https:\/\/www.justicepaix.be\/wp-content\/uploads\/2019\/10\/jpg_dsc00166-2048x1365.jpg 2048w\" sizes=\"(max-width: 2560px) 100vw, 2560px\" \/><\/p>\n<p>Using maps, testimonies and current events, this training addresses the migration phenomenon in its entirety and complexity. Then, she delves deeper into a specific case: the journey of a refugee from the DR Congo, a country prey to armed conflicts for decades, to Belgium as a welcoming land for refugees.<\/p>\n<p>By alternating between presentations and participatory workshops, this training will provide informed content, varied educational tools as well as relevant reading grids to address the issue of migration.<\/p>\n<p><bloc> The training is organized into 3 modules:<\/p>\n<p>Module 1: Global look at migrations (maps, figures, migration routes, etc.).<\/p>\n<p>Module 2: Analyzes of the multiple causes of migration and the deterioration of local living environments.<\/p>\n<p>Module 3: Case study: the journey of a refugee from DR Congo in Belgium. Focus on the exploitation of natural resources as a cause of migration and the situation regarding the reception of refugees and asylum seekers in Belgium.<\/p>\n<p>A conclusion will address political and civic avenues to respond to migration issues. It will also enable collective reflection and suggest educational avenues to inform and raise awareness among young people about this issue.<br \/>\n<\/bloc><\/p>\n<p><bloc> For who <\/p>\n<p>This training is intended for teaching staff and those in charge of activities who wish to develop the issue of migration with students or young people, but also for citizens eager for serious information on this subject.<br \/>\n<\/bloc><\/p>\n<p><bloc> Useful information <\/p>\n<p>Date : mercredi 20 novembre 2019, de 9h \u00e0 16h30.<br \/>\nLocation: Caritas Belgium \u2013 Rue de la Charit\u00e9 43, 1210 Brussels<br \/>\nPrix : 15 \u20ac (informations sur les modalit\u00e9s de paiement au moment de l\u2019inscription).<br \/>\n10\u20ac : pour les personnes \u00e9tudiantes, retrait\u00e9es et sans emploi.<\/p>\n<p>Contacts:<\/p>\n<p>For Caritas International, Ga\u00eblle David: g.david@caritasint.be or 02\/229 36 21.<br \/>\nPour Justice et Paix, Anne-Claire Willocx : anneclaire.willocx@justicepaix.be ou 02\/896 95 16.<br \/>\nWith the support of Belgian Development Cooperation \u2013 DGD<\/p>\n<p><img decoding=\"async\" class=\"aligncenter size-full wp-image-16404\" src=\"http:\/\/demop.netbaz.be\/2021\/jp\/wp-content\/uploads\/2019\/10\/png_cbd_logo_fr_cmyk-2-2.png\" alt=\"cbd_logo_fr_cmyk-2-2.png\" align=\"center\" width=\"500\" height=\"115\" srcset=\"https:\/\/www.justicepaix.be\/wp-content\/uploads\/2019\/10\/png_cbd_logo_fr_cmyk-2-2.png 500w, https:\/\/www.justicepaix.be\/wp-content\/uploads\/2019\/10\/png_cbd_logo_fr_cmyk-2-2-300x69.png 300w\" sizes=\"(max-width: 500px) 100vw, 500px\" \/><\/p>\n<p><\/bloc><\/p>\n<p><bloc> Registrations<\/p>\n<p><iframe width=\"100%\" height=\"1950\" src=\"https:\/\/crm-cjp.be\/spip.php?page=inscription_public&#038;id_operation=216\"><\/iframe><\/p>\n<p><\/bloc><br \/>\n<div id='gallery-1' class='gallery galleryid-16405 gallery-columns-3 gallery-size-thumbnail'><figure class='gallery-item'>\n\t\t\t<div class='gallery-icon landscape'>\n\t\t\t\t<a href='https:\/\/www.justicepaix.be\/wp-content\/uploads\/2019\/02\/jpg_migration.jpg'><img decoding=\"async\" width=\"150\" height=\"150\" src=\"https:\/\/www.justicepaix.be\/wp-content\/uploads\/2019\/02\/jpg_migration-150x150.jpg\" class=\"attachment-thumbnail size-thumbnail\" alt=\"migration.jpg\" \/><\/a>\n\t\t\t<\/div><\/figure><figure class='gallery-item'>\n\t\t\t<div class='gallery-icon landscape'>\n\t\t\t\t<a href='https:\/\/www.justicepaix.be\/wp-content\/uploads\/2019\/10\/png_cbd_logo_fr_cmyk-2-2.png'><img loading=\"lazy\" decoding=\"async\" width=\"150\" height=\"115\" src=\"https:\/\/www.justicepaix.be\/wp-content\/uploads\/2019\/10\/png_cbd_logo_fr_cmyk-2-2-150x115.png\" class=\"attachment-thumbnail size-thumbnail\" alt=\"cbd_logo_fr_cmyk-2-2.png\" \/><\/a>\n\t\t\t<\/div><\/figure><figure class='gallery-item'>\n\t\t\t<div class='gallery-icon landscape'>\n\t\t\t\t<a href='https:\/\/www.justicepaix.be\/wp-content\/uploads\/2019\/10\/jpg_dsc00166-scaled.jpg'><img loading=\"lazy\" decoding=\"async\" width=\"150\" height=\"150\" src=\"https:\/\/www.justicepaix.be\/wp-content\/uploads\/2019\/10\/jpg_dsc00166-150x150.jpg\" class=\"attachment-thumbnail size-thumbnail\" alt=\"dsc00166.jpg\" \/><\/a>\n\t\t\t<\/div><\/figure><figure class='gallery-item'>\n\t\t\t<div class='gallery-icon landscape'>\n\t\t\t\t<a href='https:\/\/www.justicepaix.be\/wp-content\/uploads\/2019\/10\/jpg_dsc00166-2-scaled.jpg'><img loading=\"lazy\" decoding=\"async\" width=\"150\" height=\"150\" src=\"https:\/\/www.justicepaix.be\/wp-content\/uploads\/2019\/10\/jpg_dsc00166-2-150x150.jpg\" class=\"attachment-thumbnail size-thumbnail\" alt=\"dsc00166-2.jpg\" \/><\/a>\n\t\t\t<\/div><\/figure><figure class='gallery-item'>\n\t\t\t<div class='gallery-icon landscape'>\n\t\t\t\t<a href='https:\/\/www.justicepaix.be\/wp-content\/uploads\/2019\/10\/jpg_dsc00166-3-scaled.jpg'><img loading=\"lazy\" decoding=\"async\" width=\"150\" height=\"150\" src=\"https:\/\/www.justicepaix.be\/wp-content\/uploads\/2019\/10\/jpg_dsc00166-3-150x150.jpg\" class=\"attachment-thumbnail size-thumbnail\" alt=\"dsc00166-3.jpg\" \/><\/a>\n\t\t\t<\/div><\/figure>\n\t\t<\/div>\n<\/p>","protected":false},"excerpt":{"rendered":"<p>Pourquoi migre-t-on ? O\u00f9 vont ces personnes qui quittent leur village, leur maison ? Quelles sont leurs routes ? Ces questions seront le point de d\u00e9part d\u2019une formation de Caritas International et Justice et Paix visant \u00e0 se saisir de la complexit\u00e9 du ph\u00e9nom\u00e8ne migratoire pour mieux visualiser et comprendre une r\u00e9alit\u00e9 qui fait partie [&hellip;]<\/p>\n","protected":false},"author":62,"featured_media":16403,"comment_status":"closed","ping_status":"open","sticky":false,"template":"","format":"standard","meta":{"_acf_changed":false,"_seopress_robots_primary_cat":"","_seopress_titles_title":"","_seopress_titles_desc":"","_seopress_robots_index":"","footnotes":""},"categories":[2696],"tags":[],"class_list":["post-16405","post","type-post","status-publish","format-standard","has-post-thumbnail","hentry","category-actualites"],"acf":[],"_links":{"self":[{"href":"https:\/\/www.justicepaix.be\/en\/wp-json\/wp\/v2\/posts\/16405","targetHints":{"allow":["GET"]}}],"collection":[{"href":"https:\/\/www.justicepaix.be\/en\/wp-json\/wp\/v2\/posts"}],"about":[{"href":"https:\/\/www.justicepaix.be\/en\/wp-json\/wp\/v2\/types\/post"}],"author":[{"embeddable":true,"href":"https:\/\/www.justicepaix.be\/en\/wp-json\/wp\/v2\/users\/62"}],"replies":[{"embeddable":true,"href":"https:\/\/www.justicepaix.be\/en\/wp-json\/wp\/v2\/comments?post=16405"}],"version-history":[{"count":0,"href":"https:\/\/www.justicepaix.be\/en\/wp-json\/wp\/v2\/posts\/16405\/revisions"}],"wp:featuredmedia":[{"embeddable":true,"href":"https:\/\/www.justicepaix.be\/en\/wp-json\/wp\/v2\/media\/16403"}],"wp:attachment":[{"href":"https:\/\/www.justicepaix.be\/en\/wp-json\/wp\/v2\/media?parent=16405"}],"wp:term":[{"taxonomy":"category","embeddable":true,"href":"https:\/\/www.justicepaix.be\/en\/wp-json\/wp\/v2\/categories?post=16405"},{"taxonomy":"post_tag","embeddable":true,"href":"https:\/\/www.justicepaix.be\/en\/wp-json\/wp\/v2\/tags?post=16405"}],"curies":[{"name":"wp","href":"https:\/\/api.w.org\/{rel}","templated":true}]}}