{"id":16305,"date":"2019-07-08T11:02:20","date_gmt":"2019-07-08T11:02:20","guid":{"rendered":"https:\/\/demop.netbaz.be\/2021\/jp\/2019\/07\/08\/commerce-des-diamants-de-sang-la-responsabilite-de-la-belgique-a-nouveau-1637\/"},"modified":"2021-04-14T12:05:08","modified_gmt":"2021-04-14T12:05:08","slug":"trade-in-blood-diamonds-the-responsibility-of-belgium-again-1637","status":"publish","type":"post","link":"https:\/\/www.justicepaix.be\/en\/commerce-des-diamants-de-sang-la-responsabilite-de-la-belgique-a-nouveau-1637\/","title":{"rendered":"Trade in \u201cblood diamonds\u201d: Belgium\u2019s responsibility highlighted again"},"content":{"rendered":"<p class=\"post_excerpt\">Justice and Peace once again highlighted Belgium&#039;s responsibility in the trade in \u201cblood diamonds\u201d on Thursday. As a new meeting of the Kimberley Process approaches, an international certification mechanism aimed at curbing this trade, the Belgian NGO is publishing a new report denouncing all the limits of this mechanism supposed to put an end to \u201cconflict diamonds\u201d.<\/p>\n\n\n<!--more-->\n<img fetchpriority=\"high\" decoding=\"async\" class=\"aligncenter size-full wp-image-16304\" src=\"http:\/\/demop.netbaz.be\/2021\/jp\/wp-content\/uploads\/2019\/07\/jpg_diamonds-4040800_960_720-2.jpg\" alt=\"diamonds-4040800_960_720-2.jpg\" align=\"center\" width=\"960\" height=\"640\" \/>\n\nHAS <strong>read<\/strong> on the site of<a href=\"https:\/\/www.lavenir.net\/cnt\/dmf20190613_01347017\/commerce-des-diamants-de-sang-la-responsabilite-de-la-belgique-a-nouveau-pointee\"> the future<\/a><div id='gallery-1' class='gallery galleryid-16305 gallery-columns-3 gallery-size-thumbnail'><figure class='gallery-item'>\n\t\t\t<div class='gallery-icon landscape'>\n\t\t\t\t<a href='https:\/\/www.justicepaix.be\/wp-content\/uploads\/2019\/12\/jpg_diamonds-4040800_960_720.jpg'><img decoding=\"async\" width=\"150\" height=\"150\" src=\"https:\/\/www.justicepaix.be\/wp-content\/uploads\/2019\/12\/jpg_diamonds-4040800_960_720-150x150.jpg\" class=\"attachment-thumbnail size-thumbnail\" alt=\"diamonds-4040800_960_720.jpg\" \/><\/a>\n\t\t\t<\/div><\/figure><figure class='gallery-item'>\n\t\t\t<div class='gallery-icon landscape'>\n\t\t\t\t<a href='https:\/\/www.justicepaix.be\/wp-content\/uploads\/2019\/07\/jpg_diamonds-4040800_960_720-2.jpg'><img decoding=\"async\" width=\"150\" height=\"150\" src=\"https:\/\/www.justicepaix.be\/wp-content\/uploads\/2019\/07\/jpg_diamonds-4040800_960_720-2-150x150.jpg\" class=\"attachment-thumbnail size-thumbnail\" alt=\"diamonds-4040800_960_720-2.jpg\" \/><\/a>\n\t\t\t<\/div><\/figure>\n\t\t<\/div>\n\n<h2 class=\"wp-block-heading\">Attachments<\/h2>\n\n\n\n<div class=\"wp-block-file\"><a href=\"http:\/\/demop.netbaz.be\/2021\/jp\/wp-content\/uploads\/2019\/07\/pdf_2019-06-14_l_avenir.net_commerce_des___la_responsabilite_de_la_belgique_a_nouveau_pointee.pdf\">2019-06-14_l_avenir.net_commerce_des___la_responsabilite_de_la_belgique_a_nouveau_pointee.pdf<\/a><\/div>","protected":false},"excerpt":{"rendered":"<p>Justice et Paix a \u00e0 nouveau point\u00e9 jeudi la responsabilit\u00e9 de la Belgique dans le commerce des \u00abdiamants de sang\u00bb. \u00c0 l\u2019approche d\u2019une nouvelle r\u00e9union du Processus de Kimberley, un m\u00e9canisme de certification international visant \u00e0 endiguer ce commerce, l\u2019ONG belge publie un nouveau rapport d\u00e9non\u00e7ant toutes les limites de ce m\u00e9canisme cens\u00e9 mettre fin [&hellip;]<\/p>\n","protected":false},"author":62,"featured_media":16304,"comment_status":"closed","ping_status":"open","sticky":false,"template":"","format":"standard","meta":{"_acf_changed":false,"_seopress_robots_primary_cat":"","_seopress_titles_title":"","_seopress_titles_desc":"","_seopress_robots_index":"","footnotes":""},"categories":[2686],"tags":[],"class_list":["post-16305","post","type-post","status-publish","format-standard","has-post-thumbnail","hentry","category-pre-2015"],"acf":[],"_links":{"self":[{"href":"https:\/\/www.justicepaix.be\/en\/wp-json\/wp\/v2\/posts\/16305","targetHints":{"allow":["GET"]}}],"collection":[{"href":"https:\/\/www.justicepaix.be\/en\/wp-json\/wp\/v2\/posts"}],"about":[{"href":"https:\/\/www.justicepaix.be\/en\/wp-json\/wp\/v2\/types\/post"}],"author":[{"embeddable":true,"href":"https:\/\/www.justicepaix.be\/en\/wp-json\/wp\/v2\/users\/62"}],"replies":[{"embeddable":true,"href":"https:\/\/www.justicepaix.be\/en\/wp-json\/wp\/v2\/comments?post=16305"}],"version-history":[{"count":0,"href":"https:\/\/www.justicepaix.be\/en\/wp-json\/wp\/v2\/posts\/16305\/revisions"}],"wp:featuredmedia":[{"embeddable":true,"href":"https:\/\/www.justicepaix.be\/en\/wp-json\/wp\/v2\/media\/16304"}],"wp:attachment":[{"href":"https:\/\/www.justicepaix.be\/en\/wp-json\/wp\/v2\/media?parent=16305"}],"wp:term":[{"taxonomy":"category","embeddable":true,"href":"https:\/\/www.justicepaix.be\/en\/wp-json\/wp\/v2\/categories?post=16305"},{"taxonomy":"post_tag","embeddable":true,"href":"https:\/\/www.justicepaix.be\/en\/wp-json\/wp\/v2\/tags?post=16305"}],"curies":[{"name":"wp","href":"https:\/\/api.w.org\/{rel}","templated":true}]}}