{"id":16295,"date":"2019-07-08T10:53:33","date_gmt":"2019-07-08T10:53:33","guid":{"rendered":"https:\/\/demop.netbaz.be\/2021\/jp\/2019\/07\/08\/diamants-le-processus-de-kimberley\/"},"modified":"2021-04-14T12:05:07","modified_gmt":"2021-04-14T12:05:07","slug":"diamants-le-processus-de-kimberley","status":"publish","type":"post","link":"https:\/\/www.justicepaix.be\/en\/diamants-le-processus-de-kimberley\/","title":{"rendered":"Diamonds \u2013 the Kimberley Process"},"content":{"rendered":"<p class=\"post_excerpt\">Le processus de Kimberley a \u00e9t\u00e9 cr\u00e9e il y a 17 ans pour r\u00e9guler le commerce des diamants, mais son efficacit\u00e9 semble un peu ternie. On en parle avec Agathe Smyth, responsable plaidoyer de la Commission Justice et Paix.<\/p>\n<p><!--more--><br \/>\n<img fetchpriority=\"high\" decoding=\"async\" class=\"aligncenter size-full wp-image-16294\" src=\"http:\/\/demop.netbaz.be\/2021\/jp\/wp-content\/uploads\/2019\/07\/jpg_diamond-2272699_960_720.jpg\" alt=\"diamond-2272699_960_720.jpg\" align=\"center\" width=\"960\" height=\"640\" srcset=\"https:\/\/www.justicepaix.be\/wp-content\/uploads\/2019\/07\/jpg_diamond-2272699_960_720.jpg 960w, https:\/\/www.justicepaix.be\/wp-content\/uploads\/2019\/07\/jpg_diamond-2272699_960_720-300x200.jpg 300w, https:\/\/www.justicepaix.be\/wp-content\/uploads\/2019\/07\/jpg_diamond-2272699_960_720-768x512.jpg 768w\" sizes=\"(max-width: 960px) 100vw, 960px\" \/><\/p>\n<p>Listen on the website <a href=\"https:\/\/rcf.fr\/actualite\/social\/diamants-le-processus-de-kimberley\">RCF<\/a> . <\/p>\n<div id='gallery-1' class='gallery galleryid-16295 gallery-columns-3 gallery-size-thumbnail'><figure class='gallery-item'>\n\t\t\t<div class='gallery-icon landscape'>\n\t\t\t\t<a href='https:\/\/www.justicepaix.be\/wp-content\/uploads\/2019\/07\/jpg_diamond-2272699_960_720.jpg'><img decoding=\"async\" width=\"150\" height=\"150\" src=\"https:\/\/www.justicepaix.be\/wp-content\/uploads\/2019\/07\/jpg_diamond-2272699_960_720-150x150.jpg\" class=\"attachment-thumbnail size-thumbnail\" alt=\"diamond-2272699_960_720.jpg\" \/><\/a>\n\t\t\t<\/div><\/figure><figure class='gallery-item'>\n\t\t\t<div class='gallery-icon landscape'>\n\t\t\t\t<a href='https:\/\/www.justicepaix.be\/wp-content\/uploads\/2019\/07\/jpg_diamond-2272699_960_720-2.jpg'><img decoding=\"async\" width=\"150\" height=\"150\" src=\"https:\/\/www.justicepaix.be\/wp-content\/uploads\/2019\/07\/jpg_diamond-2272699_960_720-2-150x150.jpg\" class=\"attachment-thumbnail size-thumbnail\" alt=\"diamond-2272699_960_720-2.jpg\" \/><\/a>\n\t\t\t<\/div><\/figure>\n\t\t<\/div>","protected":false},"excerpt":{"rendered":"<p>Le processus de Kimberley a \u00e9t\u00e9 cr\u00e9e il y a 17 ans pour r\u00e9guler le commerce des diamants, mais son efficacit\u00e9 semble un peu ternie. On en parle avec Agathe Smyth, responsable plaidoyer de la Commission Justice et Paix.<\/p>","protected":false},"author":62,"featured_media":16294,"comment_status":"closed","ping_status":"open","sticky":false,"template":"","format":"standard","meta":{"_acf_changed":false,"_seopress_robots_primary_cat":"","_seopress_titles_title":"","_seopress_titles_desc":"","_seopress_robots_index":"","footnotes":""},"categories":[2686],"tags":[],"class_list":["post-16295","post","type-post","status-publish","format-standard","has-post-thumbnail","hentry","category-pre-2015"],"acf":[],"_links":{"self":[{"href":"https:\/\/www.justicepaix.be\/en\/wp-json\/wp\/v2\/posts\/16295","targetHints":{"allow":["GET"]}}],"collection":[{"href":"https:\/\/www.justicepaix.be\/en\/wp-json\/wp\/v2\/posts"}],"about":[{"href":"https:\/\/www.justicepaix.be\/en\/wp-json\/wp\/v2\/types\/post"}],"author":[{"embeddable":true,"href":"https:\/\/www.justicepaix.be\/en\/wp-json\/wp\/v2\/users\/62"}],"replies":[{"embeddable":true,"href":"https:\/\/www.justicepaix.be\/en\/wp-json\/wp\/v2\/comments?post=16295"}],"version-history":[{"count":0,"href":"https:\/\/www.justicepaix.be\/en\/wp-json\/wp\/v2\/posts\/16295\/revisions"}],"wp:featuredmedia":[{"embeddable":true,"href":"https:\/\/www.justicepaix.be\/en\/wp-json\/wp\/v2\/media\/16294"}],"wp:attachment":[{"href":"https:\/\/www.justicepaix.be\/en\/wp-json\/wp\/v2\/media?parent=16295"}],"wp:term":[{"taxonomy":"category","embeddable":true,"href":"https:\/\/www.justicepaix.be\/en\/wp-json\/wp\/v2\/categories?post=16295"},{"taxonomy":"post_tag","embeddable":true,"href":"https:\/\/www.justicepaix.be\/en\/wp-json\/wp\/v2\/tags?post=16295"}],"curies":[{"name":"wp","href":"https:\/\/api.w.org\/{rel}","templated":true}]}}