{"id":16291,"date":"2019-07-08T10:50:10","date_gmt":"2019-07-08T10:50:10","guid":{"rendered":"https:\/\/demop.netbaz.be\/2021\/jp\/2019\/07\/08\/bonne-gouvernance-des-ressources-naturelles-tous-a-y-gagner\/"},"modified":"2021-04-14T12:05:07","modified_gmt":"2021-04-14T12:05:07","slug":"good-governance-of-natural-resources-everyone-benefits","status":"publish","type":"post","link":"https:\/\/www.justicepaix.be\/en\/bonne-gouvernance-des-ressources-naturelles-tous-a-y-gagner\/","title":{"rendered":"Good governance of natural resources: everyone wins!"},"content":{"rendered":"<p class=\"post_excerpt\">\nHow did a country&#039;s blessing in terms of rare and precious natural resources become a curse for its people? How does global consumption impact local communities? And what are the alternatives to a model that shows its limits a little more every day?<br \/>\nTo answer these big questions of our time, we are heading to Central Africa, and more particularly to Congo, in the presence of Agathe Smyth from Justice &amp; Peace and Henri Muyiha from the Episcopal Commission for Natural Resources (CERN). ) in DR Congo.\n<\/p>\n<p><!--more--><br \/>\n<img fetchpriority=\"high\" decoding=\"async\" class=\"aligncenter size-full wp-image-16290\" src=\"http:\/\/demop.netbaz.be\/2021\/jp\/wp-content\/uploads\/2019\/07\/jpg_455875454_9873fdb46b_b.jpg\" alt=\"455875454_9873fdb46b_b.jpg\" align=\"center\" width=\"1023\" height=\"707\" srcset=\"https:\/\/www.justicepaix.be\/wp-content\/uploads\/2019\/07\/jpg_455875454_9873fdb46b_b.jpg 1023w, https:\/\/www.justicepaix.be\/wp-content\/uploads\/2019\/07\/jpg_455875454_9873fdb46b_b-300x207.jpg 300w, https:\/\/www.justicepaix.be\/wp-content\/uploads\/2019\/07\/jpg_455875454_9873fdb46b_b-768x531.jpg 768w\" sizes=\"(max-width: 1023px) 100vw, 1023px\" \/><br \/>\nListen on the website <a href=\"https:\/\/rcf.fr\/actualite\/social\/bonne-gouvernance-des-ressources-naturelles-tous-y-gagner\">RCF <\/a><br \/>\n<iframe src=\"https:\/\/rcf.fr\/embed\/2062146\" frameborder=\"0\" width=\"100%\" height=\"220\" ><\/iframe><div id='gallery-1' class='gallery galleryid-16291 gallery-columns-3 gallery-size-thumbnail'><figure class='gallery-item'>\n\t\t\t<div class='gallery-icon landscape'>\n\t\t\t\t<a href='https:\/\/www.justicepaix.be\/wp-content\/uploads\/2019\/07\/jpg_455875454_9873fdb46b_b.jpg'><img decoding=\"async\" width=\"150\" height=\"150\" src=\"https:\/\/www.justicepaix.be\/wp-content\/uploads\/2019\/07\/jpg_455875454_9873fdb46b_b-150x150.jpg\" class=\"attachment-thumbnail size-thumbnail\" alt=\"455875454_9873fdb46b_b.jpg\" \/><\/a>\n\t\t\t<\/div><\/figure><figure class='gallery-item'>\n\t\t\t<div class='gallery-icon landscape'>\n\t\t\t\t<a href='https:\/\/www.justicepaix.be\/wp-content\/uploads\/2019\/07\/jpg_455875454_9873fdb46b_b-2.jpg'><img decoding=\"async\" width=\"150\" height=\"150\" src=\"https:\/\/www.justicepaix.be\/wp-content\/uploads\/2019\/07\/jpg_455875454_9873fdb46b_b-2-150x150.jpg\" class=\"attachment-thumbnail size-thumbnail\" alt=\"455875454_9873fdb46b_b-2.jpg\" \/><\/a>\n\t\t\t<\/div><\/figure>\n\t\t<\/div>\n<\/p>","protected":false},"excerpt":{"rendered":"<p>Comment la b\u00e9n\u00e9diction d\u2019un pays en termes de ressources naturelles, rares et pr\u00e9cieuses est devenue une mal\u00e9diction pour sa population ? Comment la consommation mondiale impacte des communaut\u00e9s locales ? Et quelles sont les alternatives \u00e0 un mod\u00e8le qui montre chaque jour un peu plus ses limites ? Pour r\u00e9pondre \u00e0 ces grandes questions de [&hellip;]<\/p>\n","protected":false},"author":62,"featured_media":16290,"comment_status":"closed","ping_status":"open","sticky":false,"template":"","format":"standard","meta":{"_acf_changed":false,"_seopress_robots_primary_cat":"","_seopress_titles_title":"","_seopress_titles_desc":"","_seopress_robots_index":"","footnotes":""},"categories":[2686],"tags":[],"class_list":["post-16291","post","type-post","status-publish","format-standard","has-post-thumbnail","hentry","category-pre-2015"],"acf":[],"_links":{"self":[{"href":"https:\/\/www.justicepaix.be\/en\/wp-json\/wp\/v2\/posts\/16291","targetHints":{"allow":["GET"]}}],"collection":[{"href":"https:\/\/www.justicepaix.be\/en\/wp-json\/wp\/v2\/posts"}],"about":[{"href":"https:\/\/www.justicepaix.be\/en\/wp-json\/wp\/v2\/types\/post"}],"author":[{"embeddable":true,"href":"https:\/\/www.justicepaix.be\/en\/wp-json\/wp\/v2\/users\/62"}],"replies":[{"embeddable":true,"href":"https:\/\/www.justicepaix.be\/en\/wp-json\/wp\/v2\/comments?post=16291"}],"version-history":[{"count":0,"href":"https:\/\/www.justicepaix.be\/en\/wp-json\/wp\/v2\/posts\/16291\/revisions"}],"wp:featuredmedia":[{"embeddable":true,"href":"https:\/\/www.justicepaix.be\/en\/wp-json\/wp\/v2\/media\/16290"}],"wp:attachment":[{"href":"https:\/\/www.justicepaix.be\/en\/wp-json\/wp\/v2\/media?parent=16291"}],"wp:term":[{"taxonomy":"category","embeddable":true,"href":"https:\/\/www.justicepaix.be\/en\/wp-json\/wp\/v2\/categories?post=16291"},{"taxonomy":"post_tag","embeddable":true,"href":"https:\/\/www.justicepaix.be\/en\/wp-json\/wp\/v2\/tags?post=16291"}],"curies":[{"name":"wp","href":"https:\/\/api.w.org\/{rel}","templated":true}]}}