{"id":16285,"date":"2019-07-08T10:44:37","date_gmt":"2019-07-08T10:44:37","guid":{"rendered":"https:\/\/demop.netbaz.be\/2021\/jp\/2019\/07\/08\/1-refugie-sur-2-est-une-femme\/"},"modified":"2021-04-14T12:05:07","modified_gmt":"2021-04-14T12:05:07","slug":"1-in-2-refugees-is-a-woman","status":"publish","type":"post","link":"https:\/\/www.justicepaix.be\/en\/1-refugie-sur-2-est-une-femme\/","title":{"rendered":"1 in 2 refugees is a woman"},"content":{"rendered":"<p class=\"post_excerpt\">On the sidelines of International Women&#039;s Rights Day, Caritas shares the words of women whose voices are too little heard: refugee women. At the microphone of your RCF, testimony from Lydie, a Congolese refugee mother, and collaborators from Caritas and Justice &amp; Peace. To paint with them a portrait of the female face of forced migration.<br \/>\nTo extend the broadcast, Caritas International invites you to visit its website www.caritasinternational.be.<\/p>\n<p><!--more--><br \/>\n<img fetchpriority=\"high\" decoding=\"async\" class=\"aligncenter size-full wp-image-16284\" src=\"http:\/\/demop.netbaz.be\/2021\/jp\/wp-content\/uploads\/2019\/07\/jpg_jakob-owens-496354-unsplash-2-scaled.jpg\" alt=\"jakob-owens-496354-unsplash-2.jpg\" align=\"center\" width=\"2560\" height=\"1707\" srcset=\"https:\/\/www.justicepaix.be\/wp-content\/uploads\/2019\/07\/jpg_jakob-owens-496354-unsplash-2-scaled.jpg 2560w, https:\/\/www.justicepaix.be\/wp-content\/uploads\/2019\/07\/jpg_jakob-owens-496354-unsplash-2-300x200.jpg 300w, https:\/\/www.justicepaix.be\/wp-content\/uploads\/2019\/07\/jpg_jakob-owens-496354-unsplash-2-1024x683.jpg 1024w, https:\/\/www.justicepaix.be\/wp-content\/uploads\/2019\/07\/jpg_jakob-owens-496354-unsplash-2-768x512.jpg 768w, https:\/\/www.justicepaix.be\/wp-content\/uploads\/2019\/07\/jpg_jakob-owens-496354-unsplash-2-1536x1024.jpg 1536w, https:\/\/www.justicepaix.be\/wp-content\/uploads\/2019\/07\/jpg_jakob-owens-496354-unsplash-2-2048x1365.jpg 2048w\" sizes=\"(max-width: 2560px) 100vw, 2560px\" \/><br \/>\nListen on the website<a href=\"https:\/\/rcf.fr\/actualite\/social\/1-refugie-sur-2-est-une-femme\"> RCF<\/a> <iframe src=\"https:\/\/rcf.fr\/embed\/2039759\" frameborder=\"0\" width=\"100%\" height=\"220\" ><\/iframe><div id='gallery-1' class='gallery galleryid-16285 gallery-columns-3 gallery-size-thumbnail'><figure class='gallery-item'>\n\t\t\t<div class='gallery-icon landscape'>\n\t\t\t\t<a href='https:\/\/www.justicepaix.be\/wp-content\/uploads\/2019\/07\/jpg_sari-fayomie-679985-unsplash-scaled.jpg'><img decoding=\"async\" width=\"150\" height=\"150\" src=\"https:\/\/www.justicepaix.be\/wp-content\/uploads\/2019\/07\/jpg_sari-fayomie-679985-unsplash-150x150.jpg\" class=\"attachment-thumbnail size-thumbnail\" alt=\"sari-fayomie-679985-unsplash.jpg\" \/><\/a>\n\t\t\t<\/div><\/figure><figure class='gallery-item'>\n\t\t\t<div class='gallery-icon landscape'>\n\t\t\t\t<a href='https:\/\/www.justicepaix.be\/wp-content\/uploads\/2019\/07\/jpg_jakob-owens-496354-unsplash-scaled.jpg'><img decoding=\"async\" width=\"150\" height=\"150\" src=\"https:\/\/www.justicepaix.be\/wp-content\/uploads\/2019\/07\/jpg_jakob-owens-496354-unsplash-150x150.jpg\" class=\"attachment-thumbnail size-thumbnail\" alt=\"jakob-owens-496354-unsplash.jpg\" \/><\/a>\n\t\t\t<\/div><\/figure><figure class='gallery-item'>\n\t\t\t<div class='gallery-icon landscape'>\n\t\t\t\t<a href='https:\/\/www.justicepaix.be\/wp-content\/uploads\/2019\/07\/jpg_jakob-owens-496354-unsplash-2-scaled.jpg'><img loading=\"lazy\" decoding=\"async\" width=\"150\" height=\"150\" src=\"https:\/\/www.justicepaix.be\/wp-content\/uploads\/2019\/07\/jpg_jakob-owens-496354-unsplash-2-150x150.jpg\" class=\"attachment-thumbnail size-thumbnail\" alt=\"jakob-owens-496354-unsplash-2.jpg\" \/><\/a>\n\t\t\t<\/div><\/figure>\n\t\t<\/div>\n<\/p>","protected":false},"excerpt":{"rendered":"<p>En marge de la journ\u00e9e internationale des droits des femmes, Caritas partage la parole de femmes dont la voix est trop peu entendue : les femmes r\u00e9fugi\u00e9es. Au micro de votre RCF, t\u00e9moignage de Lydie, maman congolaise r\u00e9fugi\u00e9e, et de collaboratrices de Caritas et Justice &#038; Paix. Pour dresser avec elles le portrait du visage [&hellip;]<\/p>\n","protected":false},"author":62,"featured_media":16284,"comment_status":"closed","ping_status":"open","sticky":false,"template":"","format":"standard","meta":{"_acf_changed":false,"_seopress_robots_primary_cat":"","_seopress_titles_title":"","_seopress_titles_desc":"","_seopress_robots_index":"","footnotes":""},"categories":[2686],"tags":[],"class_list":["post-16285","post","type-post","status-publish","format-standard","has-post-thumbnail","hentry","category-pre-2015"],"acf":[],"_links":{"self":[{"href":"https:\/\/www.justicepaix.be\/en\/wp-json\/wp\/v2\/posts\/16285","targetHints":{"allow":["GET"]}}],"collection":[{"href":"https:\/\/www.justicepaix.be\/en\/wp-json\/wp\/v2\/posts"}],"about":[{"href":"https:\/\/www.justicepaix.be\/en\/wp-json\/wp\/v2\/types\/post"}],"author":[{"embeddable":true,"href":"https:\/\/www.justicepaix.be\/en\/wp-json\/wp\/v2\/users\/62"}],"replies":[{"embeddable":true,"href":"https:\/\/www.justicepaix.be\/en\/wp-json\/wp\/v2\/comments?post=16285"}],"version-history":[{"count":0,"href":"https:\/\/www.justicepaix.be\/en\/wp-json\/wp\/v2\/posts\/16285\/revisions"}],"wp:featuredmedia":[{"embeddable":true,"href":"https:\/\/www.justicepaix.be\/en\/wp-json\/wp\/v2\/media\/16284"}],"wp:attachment":[{"href":"https:\/\/www.justicepaix.be\/en\/wp-json\/wp\/v2\/media?parent=16285"}],"wp:term":[{"taxonomy":"category","embeddable":true,"href":"https:\/\/www.justicepaix.be\/en\/wp-json\/wp\/v2\/categories?post=16285"},{"taxonomy":"post_tag","embeddable":true,"href":"https:\/\/www.justicepaix.be\/en\/wp-json\/wp\/v2\/tags?post=16285"}],"curies":[{"name":"wp","href":"https:\/\/api.w.org\/{rel}","templated":true}]}}