{"id":16273,"date":"2019-07-08T10:32:37","date_gmt":"2019-07-08T10:32:37","guid":{"rendered":"https:\/\/demop.netbaz.be\/2021\/jp\/2019\/07\/08\/jamais-l-eglise-congolaise-n-a-revele-le-nom-du-gagnant-de-la-presidentielle\/"},"modified":"2021-04-14T12:04:38","modified_gmt":"2021-04-14T12:04:38","slug":"jamais-l-eglise-congolaise-n-a-revele-le-nom-du-gagnant-de-la-presidentielle","status":"publish","type":"post","link":"https:\/\/www.justicepaix.be\/en\/jamais-l-eglise-congolaise-n-a-revele-le-nom-du-gagnant-de-la-presidentielle\/","title":{"rendered":"The Congolese Church has never revealed the name of the winner of the presidential election"},"content":{"rendered":"<p class=\"post_excerpt\">La tension est \u00e0 son comble en RDC en l\u2019absence du verdict des \u00e9lections. La confusion entretenue sur le fait que l\u2019\u00c9glise aurait r\u00e9v\u00e9l\u00e9 le nom du gagnant ce qu\u2019elle d\u00e9ment aggrave la situation.<\/p>\n\n\n<!--more-->\n<img fetchpriority=\"high\" decoding=\"async\" class=\"aligncenter size-full wp-image-16272\" src=\"http:\/\/demop.netbaz.be\/2021\/jp\/wp-content\/uploads\/2019\/07\/jpg_view.jpg\" alt=\"view.jpg\" align=\"center\" width=\"1024\" height=\"576\" srcset=\"https:\/\/www.justicepaix.be\/wp-content\/uploads\/2019\/07\/jpg_view.jpg 1024w, https:\/\/www.justicepaix.be\/wp-content\/uploads\/2019\/07\/jpg_view-300x169.jpg 300w, https:\/\/www.justicepaix.be\/wp-content\/uploads\/2019\/07\/jpg_view-768x432.jpg 768w\" sizes=\"(max-width: 1024px) 100vw, 1024px\" \/>\nA lire sur le site de l&rsquo;<a href=\"https:\/\/www.lecho.be\/economie-politique\/international\/afrique\/jamais-l-eglise-congolaise-n-a-revele-le-nom-du-gagnant-de-la-presidentielle\/10084839.html\">ECHO<\/a><div id='gallery-1' class='gallery galleryid-16273 gallery-columns-3 gallery-size-thumbnail'><figure class='gallery-item'>\n\t\t\t<div class='gallery-icon landscape'>\n\t\t\t\t<a href='https:\/\/www.justicepaix.be\/wp-content\/uploads\/2019\/07\/jpg_view.jpg'><img decoding=\"async\" width=\"150\" height=\"150\" src=\"https:\/\/www.justicepaix.be\/wp-content\/uploads\/2019\/07\/jpg_view-150x150.jpg\" class=\"attachment-thumbnail size-thumbnail\" alt=\"view.jpg\" \/><\/a>\n\t\t\t<\/div><\/figure><figure class='gallery-item'>\n\t\t\t<div class='gallery-icon landscape'>\n\t\t\t\t<a href='https:\/\/www.justicepaix.be\/wp-content\/uploads\/2019\/07\/jpg_view-2.jpg'><img decoding=\"async\" width=\"150\" height=\"150\" src=\"https:\/\/www.justicepaix.be\/wp-content\/uploads\/2019\/07\/jpg_view-2-150x150.jpg\" class=\"attachment-thumbnail size-thumbnail\" alt=\"view-2.jpg\" \/><\/a>\n\t\t\t<\/div><\/figure>\n\t\t<\/div>\n\n<h2 class=\"wp-block-heading\">Attachments<\/h2>\n\n\n\n<div class=\"wp-block-file\"><a href=\"http:\/\/demop.netbaz.be\/2021\/jp\/wp-content\/uploads\/2019\/07\/pdf__jamais_l_eglise_congolaise_n_a_revele_le_nom_du_gagnant_de_la_presidentielle____l_echo.pdf\">_jamais_l_eglise_congolaise_n_a_revele_le_nom_du_gagnant_de_la_presidentielle____l_echo.pdf<\/a><\/div>","protected":false},"excerpt":{"rendered":"<p>La tension est \u00e0 son comble en RDC en l\u2019absence du verdict des \u00e9lections. La confusion entretenue sur le fait que l\u2019\u00c9glise aurait r\u00e9v\u00e9l\u00e9 le nom du gagnant ce qu\u2019elle d\u00e9ment aggrave la situation.<\/p>","protected":false},"author":62,"featured_media":16272,"comment_status":"closed","ping_status":"open","sticky":false,"template":"","format":"standard","meta":{"_acf_changed":false,"_seopress_robots_primary_cat":"","_seopress_titles_title":"","_seopress_titles_desc":"","_seopress_robots_index":"","footnotes":""},"categories":[2686],"tags":[],"class_list":["post-16273","post","type-post","status-publish","format-standard","has-post-thumbnail","hentry","category-pre-2015"],"acf":[],"_links":{"self":[{"href":"https:\/\/www.justicepaix.be\/en\/wp-json\/wp\/v2\/posts\/16273","targetHints":{"allow":["GET"]}}],"collection":[{"href":"https:\/\/www.justicepaix.be\/en\/wp-json\/wp\/v2\/posts"}],"about":[{"href":"https:\/\/www.justicepaix.be\/en\/wp-json\/wp\/v2\/types\/post"}],"author":[{"embeddable":true,"href":"https:\/\/www.justicepaix.be\/en\/wp-json\/wp\/v2\/users\/62"}],"replies":[{"embeddable":true,"href":"https:\/\/www.justicepaix.be\/en\/wp-json\/wp\/v2\/comments?post=16273"}],"version-history":[{"count":0,"href":"https:\/\/www.justicepaix.be\/en\/wp-json\/wp\/v2\/posts\/16273\/revisions"}],"wp:featuredmedia":[{"embeddable":true,"href":"https:\/\/www.justicepaix.be\/en\/wp-json\/wp\/v2\/media\/16272"}],"wp:attachment":[{"href":"https:\/\/www.justicepaix.be\/en\/wp-json\/wp\/v2\/media?parent=16273"}],"wp:term":[{"taxonomy":"category","embeddable":true,"href":"https:\/\/www.justicepaix.be\/en\/wp-json\/wp\/v2\/categories?post=16273"},{"taxonomy":"post_tag","embeddable":true,"href":"https:\/\/www.justicepaix.be\/en\/wp-json\/wp\/v2\/tags?post=16273"}],"curies":[{"name":"wp","href":"https:\/\/api.w.org\/{rel}","templated":true}]}}