{"id":16228,"date":"2019-05-07T19:05:29","date_gmt":"2019-05-07T19:05:29","guid":{"rendered":"https:\/\/demop.netbaz.be\/2021\/jp\/2019\/05\/07\/mouvements-citoyens-euroscepticisme-quelle-sera-l-europe-de-demain\/"},"modified":"2021-04-14T12:04:11","modified_gmt":"2021-04-14T12:04:11","slug":"mouvements-citoyens-euroscepticisme-quelle-sera-l-europe-de-demain","status":"publish","type":"post","link":"https:\/\/www.justicepaix.be\/en\/mouvements-citoyens-euroscepticisme-quelle-sera-l-europe-de-demain\/","title":{"rendered":"Citizen movements, Euroscepticism\u2026 what will the Europe of tomorrow be?"},"content":{"rendered":"<p class=\"post_excerpt\">Le Brexit fait \u00e9norm\u00e9ment parler de lui depuis deux ans. Au-del\u00e0 d&rsquo;un vote anti-immigration, il est davantage le signe d&rsquo;une population \u00e9cras\u00e9e sous le poids de l&rsquo;aust\u00e9rit\u00e9. Ces in\u00e9galit\u00e9s sociales ne sont pas le propre des Britanniques, comme l&rsquo;indique le mouvement des Gilets jaunes en France, par exemple. L&rsquo;Europe parvient-elle \u00e0 saisir ce profond mal-\u00eatre ? Comment g\u00e8re-t-elle ce fonds de col\u00e8re qui profite aux partis populistes ?<\/p>\n\n\n<!--more-->\n<img fetchpriority=\"high\" decoding=\"async\" class=\"aligncenter size-full wp-image-16227\" src=\"http:\/\/demop.netbaz.be\/2021\/jp\/wp-content\/uploads\/2019\/05\/jpg_yellow-vests-3854259_960_720-2.jpg\" alt=\"yellow-vests-3854259_960_720-2.jpg\" align=\"center\" width=\"960\" height=\"640\" srcset=\"https:\/\/www.justicepaix.be\/wp-content\/uploads\/2019\/05\/jpg_yellow-vests-3854259_960_720-2.jpg 960w, https:\/\/www.justicepaix.be\/wp-content\/uploads\/2019\/05\/jpg_yellow-vests-3854259_960_720-2-300x200.jpg 300w, https:\/\/www.justicepaix.be\/wp-content\/uploads\/2019\/05\/jpg_yellow-vests-3854259_960_720-2-768x512.jpg 768w\" sizes=\"(max-width: 960px) 100vw, 960px\" \/>\n\nCarte blanche to read on the website <a href=\"https:\/\/www.levif.be\/actualite\/europe\/mouvements-citoyens-euroscepticisme-quelle-sera-l-europe-de-demain\/article-opinion-1132639.html\">Lively<\/a><div id='gallery-1' class='gallery galleryid-16228 gallery-columns-3 gallery-size-thumbnail'><figure class='gallery-item'>\n\t\t\t<div class='gallery-icon landscape'>\n\t\t\t\t<a href='https:\/\/www.justicepaix.be\/wp-content\/uploads\/2019\/05\/jpg_bandiera-blu-dell-unione-europea-ue-del-brexit-75222328.jpg'><img decoding=\"async\" width=\"150\" height=\"150\" src=\"https:\/\/www.justicepaix.be\/wp-content\/uploads\/2019\/05\/jpg_bandiera-blu-dell-unione-europea-ue-del-brexit-75222328-150x150.jpg\" class=\"attachment-thumbnail size-thumbnail\" alt=\"bandiera-blu-dell-unione-europea-ue-del-brexit-75222328.jpg\" \/><\/a>\n\t\t\t<\/div><\/figure><figure class='gallery-item'>\n\t\t\t<div class='gallery-icon landscape'>\n\t\t\t\t<a href='https:\/\/www.justicepaix.be\/wp-content\/uploads\/2019\/05\/jpg_yellow-vests-3854259_960_720.jpg'><img decoding=\"async\" width=\"150\" height=\"150\" src=\"https:\/\/www.justicepaix.be\/wp-content\/uploads\/2019\/05\/jpg_yellow-vests-3854259_960_720-150x150.jpg\" class=\"attachment-thumbnail size-thumbnail\" alt=\"yellow-vests-3854259_960_720.jpg\" \/><\/a>\n\t\t\t<\/div><\/figure><figure class='gallery-item'>\n\t\t\t<div class='gallery-icon landscape'>\n\t\t\t\t<a href='https:\/\/www.justicepaix.be\/wp-content\/uploads\/2019\/05\/jpg_yellow-vests-3854259_960_720-2.jpg'><img loading=\"lazy\" decoding=\"async\" width=\"150\" height=\"150\" src=\"https:\/\/www.justicepaix.be\/wp-content\/uploads\/2019\/05\/jpg_yellow-vests-3854259_960_720-2-150x150.jpg\" class=\"attachment-thumbnail size-thumbnail\" alt=\"yellow-vests-3854259_960_720-2.jpg\" \/><\/a>\n\t\t\t<\/div><\/figure>\n\t\t<\/div>\n\n<h2 class=\"wp-block-heading\">Attachments<\/h2>\n\n\n\n<div class=\"wp-block-file\"><a href=\"http:\/\/demop.netbaz.be\/2021\/jp\/wp-content\/uploads\/2019\/05\/pdf_mouvements_citoyens_euroscepticisme._quelle_sera_l_europe_de_demain___-_europe_-_levif.pdf\">mouvements_citoyens_euroscepticisme._quelle_sera_l_europe_de_demain___-_europe_-_levif.pdf<\/a><\/div>","protected":false},"excerpt":{"rendered":"<p>Le Brexit fait \u00e9norm\u00e9ment parler de lui depuis deux ans. Au-del\u00e0 d&rsquo;un vote anti-immigration, il est davantage le signe d&rsquo;une population \u00e9cras\u00e9e sous le poids de l&rsquo;aust\u00e9rit\u00e9. Ces in\u00e9galit\u00e9s sociales ne sont pas le propre des Britanniques, comme l&rsquo;indique le mouvement des Gilets jaunes en France, par exemple. L&rsquo;Europe parvient-elle \u00e0 saisir ce profond mal-\u00eatre [&hellip;]<\/p>\n","protected":false},"author":62,"featured_media":16227,"comment_status":"closed","ping_status":"open","sticky":false,"template":"","format":"standard","meta":{"_acf_changed":false,"_seopress_robots_primary_cat":"","_seopress_titles_title":"","_seopress_titles_desc":"","_seopress_robots_index":"","footnotes":""},"categories":[2686],"tags":[],"class_list":["post-16228","post","type-post","status-publish","format-standard","has-post-thumbnail","hentry","category-pre-2015"],"acf":[],"_links":{"self":[{"href":"https:\/\/www.justicepaix.be\/en\/wp-json\/wp\/v2\/posts\/16228","targetHints":{"allow":["GET"]}}],"collection":[{"href":"https:\/\/www.justicepaix.be\/en\/wp-json\/wp\/v2\/posts"}],"about":[{"href":"https:\/\/www.justicepaix.be\/en\/wp-json\/wp\/v2\/types\/post"}],"author":[{"embeddable":true,"href":"https:\/\/www.justicepaix.be\/en\/wp-json\/wp\/v2\/users\/62"}],"replies":[{"embeddable":true,"href":"https:\/\/www.justicepaix.be\/en\/wp-json\/wp\/v2\/comments?post=16228"}],"version-history":[{"count":0,"href":"https:\/\/www.justicepaix.be\/en\/wp-json\/wp\/v2\/posts\/16228\/revisions"}],"wp:featuredmedia":[{"embeddable":true,"href":"https:\/\/www.justicepaix.be\/en\/wp-json\/wp\/v2\/media\/16227"}],"wp:attachment":[{"href":"https:\/\/www.justicepaix.be\/en\/wp-json\/wp\/v2\/media?parent=16228"}],"wp:term":[{"taxonomy":"category","embeddable":true,"href":"https:\/\/www.justicepaix.be\/en\/wp-json\/wp\/v2\/categories?post=16228"},{"taxonomy":"post_tag","embeddable":true,"href":"https:\/\/www.justicepaix.be\/en\/wp-json\/wp\/v2\/tags?post=16228"}],"curies":[{"name":"wp","href":"https:\/\/api.w.org\/{rel}","templated":true}]}}