{"id":16221,"date":"2019-05-07T18:55:27","date_gmt":"2019-05-07T18:55:27","guid":{"rendered":"https:\/\/demop.netbaz.be\/2021\/jp\/2019\/05\/07\/comment-preparer-un-nouvel-avenir-a-l-europe-voici-nos-pistes\/"},"modified":"2021-04-14T12:04:10","modified_gmt":"2021-04-14T12:04:10","slug":"how-to-prepare-a-new-future-in-europe-here-are-our-ideas","status":"publish","type":"post","link":"https:\/\/www.justicepaix.be\/en\/comment-preparer-un-nouvel-avenir-a-l-europe-voici-nos-pistes\/","title":{"rendered":"How to prepare a new future for Europe? Here are our leads"},"content":{"rendered":"<p class=\"post_excerpt\">A text by Timur Ulu\u00e7, Secretary General for the Justice and Peace Commission and its working group on economic and social issues. Let us rediscover the meaning of the \u201cfounding fathers\u201d: solidarity, reconciliation, recognizing others and respecting them. On the eve of the European elections, it is essential to maintain a critical outlook, but also to continue to marvel at everything that Europe has brought us since the end of the Second World War: first of all, the hard-won peace , based on the principles of action which guided the approach of the \u201cfounding fathers\u201d: reconciliation, dignity and human rights, concerted action and mutual recognition of peoples in their singularity. Then, thanks to principles which were embodied in new concerted modes of planning, organization and coordination, both economic and financial as well as political and social. After centuries of war, we were going to create new forms of living together. Europe, a collection of multiple heritages, thus became a formidable space for evolution and progress.<\/p>\n\n\n<!--more-->\n<img fetchpriority=\"high\" decoding=\"async\" class=\"aligncenter size-full wp-image-16220\" src=\"http:\/\/demop.netbaz.be\/2021\/jp\/wp-content\/uploads\/2019\/05\/jpg_autreche_-_drapeau_europe__cropped_-scaled.jpg\" alt=\"otherche_-_drapeau_europe__cropped_.jpg\" align=\"center\" width=\"2560\" height=\"1860\" srcset=\"https:\/\/www.justicepaix.be\/wp-content\/uploads\/2019\/05\/jpg_autreche_-_drapeau_europe__cropped_-scaled.jpg 2560w, https:\/\/www.justicepaix.be\/wp-content\/uploads\/2019\/05\/jpg_autreche_-_drapeau_europe__cropped_-300x218.jpg 300w, https:\/\/www.justicepaix.be\/wp-content\/uploads\/2019\/05\/jpg_autreche_-_drapeau_europe__cropped_-1024x744.jpg 1024w, https:\/\/www.justicepaix.be\/wp-content\/uploads\/2019\/05\/jpg_autreche_-_drapeau_europe__cropped_-768x558.jpg 768w, https:\/\/www.justicepaix.be\/wp-content\/uploads\/2019\/05\/jpg_autreche_-_drapeau_europe__cropped_-1536x1116.jpg 1536w, https:\/\/www.justicepaix.be\/wp-content\/uploads\/2019\/05\/jpg_autreche_-_drapeau_europe__cropped_-2048x1488.jpg 2048w\" sizes=\"(max-width: 2560px) 100vw, 2560px\" \/>\n\nAn opinion to read on the website <a href=\"https:\/\/www.lalibre.be\/debats\/opinions\/comment-preparer-un-nouvel-avenir-a-l-europe-voici-nos-pistes-5cc73924d8ad586a5ad6e7b0\">The Free<\/a><div id='gallery-1' class='gallery galleryid-16221 gallery-columns-3 gallery-size-thumbnail'><figure class='gallery-item'>\n\t\t\t<div class='gallery-icon landscape'>\n\t\t\t\t<a href='https:\/\/www.justicepaix.be\/wp-content\/uploads\/2019\/05\/jpg_autreche_-_drapeau_europe__cropped_-scaled.jpg'><img decoding=\"async\" width=\"150\" height=\"150\" src=\"https:\/\/www.justicepaix.be\/wp-content\/uploads\/2019\/05\/jpg_autreche_-_drapeau_europe__cropped_-150x150.jpg\" class=\"attachment-thumbnail size-thumbnail\" alt=\"otherche_-_drapeau_europe__cropped_.jpg\" \/><\/a>\n\t\t\t<\/div><\/figure><figure class='gallery-item'>\n\t\t\t<div class='gallery-icon landscape'>\n\t\t\t\t<a href='https:\/\/www.justicepaix.be\/wp-content\/uploads\/2019\/05\/jpg_autreche_-_drapeau_europe__cropped_-2-scaled.jpg'><img decoding=\"async\" width=\"150\" height=\"150\" src=\"https:\/\/www.justicepaix.be\/wp-content\/uploads\/2019\/05\/jpg_autreche_-_drapeau_europe__cropped_-2-150x150.jpg\" class=\"attachment-thumbnail size-thumbnail\" alt=\"otherche_-_drapeau_europe__cropped_-2.jpg\" \/><\/a>\n\t\t\t<\/div><\/figure>\n\t\t<\/div>\n\n<h2 class=\"wp-block-heading\">Attachments<\/h2>\n\n\n\n<div class=\"wp-block-file\"><a href=\"http:\/\/demop.netbaz.be\/2021\/jp\/wp-content\/uploads\/2019\/05\/pdf_comment_preparer_un_nouvel_avenir_a_l_europe___voici_nos_pistes_-_la_libre.pdf\">comment_preparer_un_nouvel_future_a_l_europe___voici_nos_pistes_-_la_libre.pdf<\/a><\/div>","protected":false},"excerpt":{"rendered":"<p>Un texte de Timur Ulu\u00e7, secr\u00e9taire g\u00e9n\u00e9ral pour la commission justice et Paix et son groupe de travail sur les enjeux \u00e9conomiques et sociaux. Retrouvons le sens des \u00ab\u00a0p\u00e8res fondateurs\u00a0\u00bb : la solidarit\u00e9, la r\u00e9conciliation, reconna\u00eetre l\u2019autre et le respecter. \u00c0 la veille des \u00e9lections europ\u00e9ennes, il est primordial de conserver un regard critique, mais [&hellip;]<\/p>\n","protected":false},"author":62,"featured_media":16220,"comment_status":"closed","ping_status":"open","sticky":false,"template":"","format":"standard","meta":{"_acf_changed":false,"_seopress_robots_primary_cat":"","_seopress_titles_title":"","_seopress_titles_desc":"","_seopress_robots_index":"","footnotes":""},"categories":[2686],"tags":[],"class_list":["post-16221","post","type-post","status-publish","format-standard","has-post-thumbnail","hentry","category-pre-2015"],"acf":[],"_links":{"self":[{"href":"https:\/\/www.justicepaix.be\/en\/wp-json\/wp\/v2\/posts\/16221","targetHints":{"allow":["GET"]}}],"collection":[{"href":"https:\/\/www.justicepaix.be\/en\/wp-json\/wp\/v2\/posts"}],"about":[{"href":"https:\/\/www.justicepaix.be\/en\/wp-json\/wp\/v2\/types\/post"}],"author":[{"embeddable":true,"href":"https:\/\/www.justicepaix.be\/en\/wp-json\/wp\/v2\/users\/62"}],"replies":[{"embeddable":true,"href":"https:\/\/www.justicepaix.be\/en\/wp-json\/wp\/v2\/comments?post=16221"}],"version-history":[{"count":0,"href":"https:\/\/www.justicepaix.be\/en\/wp-json\/wp\/v2\/posts\/16221\/revisions"}],"wp:featuredmedia":[{"embeddable":true,"href":"https:\/\/www.justicepaix.be\/en\/wp-json\/wp\/v2\/media\/16220"}],"wp:attachment":[{"href":"https:\/\/www.justicepaix.be\/en\/wp-json\/wp\/v2\/media?parent=16221"}],"wp:term":[{"taxonomy":"category","embeddable":true,"href":"https:\/\/www.justicepaix.be\/en\/wp-json\/wp\/v2\/categories?post=16221"},{"taxonomy":"post_tag","embeddable":true,"href":"https:\/\/www.justicepaix.be\/en\/wp-json\/wp\/v2\/tags?post=16221"}],"curies":[{"name":"wp","href":"https:\/\/api.w.org\/{rel}","templated":true}]}}