{"id":16211,"date":"2019-05-07T18:11:27","date_gmt":"2019-05-07T18:11:27","guid":{"rendered":"https:\/\/demop.netbaz.be\/2021\/jp\/2019\/05\/07\/tracabilite-des-minerais-en-rdc-des-efforts-a-faire-selon-la-societe-civile\/"},"modified":"2021-04-14T12:04:05","modified_gmt":"2021-04-14T12:04:05","slug":"tracabilite-des-minerais-en-rdc-des-efforts-a-faire-selon-la-societe-civile","status":"publish","type":"post","link":"https:\/\/www.justicepaix.be\/en\/tracabilite-des-minerais-en-rdc-des-efforts-a-faire-selon-la-societe-civile\/","title":{"rendered":"Traceability of minerals in the DRC: efforts to be made, according to civil society"},"content":{"rendered":"<p class=\"post_excerpt\">Le 13e Forum sur les cha\u00eenes d&rsquo;approvisionnement responsables en min\u00e9raux se termine ce vendredi \u00e0 Paris. Un \u00e9v\u00e9nement qui se tient chaque ann\u00e9e au si\u00e8ge de l&rsquo;OCDE et qui regroupe tous les acteurs du secteur, entreprises, gouvernements et soci\u00e9t\u00e9 civile, pour tenter d&rsquo;assurer la tra\u00e7abilit\u00e9 des minerais. Chaque ann\u00e9e, la R\u00e9publique d\u00e9mocratique du Congo fait l&rsquo;objet d&rsquo;une attention particuli\u00e8re. Mais 13 ans apr\u00e8s, pour la soci\u00e9t\u00e9 civile congolaise, les recommandations issues de ce forum restent trop souvent lettre morte.<\/p>\n<p><!--more--><br \/>\n<img fetchpriority=\"high\" decoding=\"async\" class=\"aligncenter size-full wp-image-16210\" src=\"http:\/\/demop.netbaz.be\/2021\/jp\/wp-content\/uploads\/2019\/05\/jpg_58384224_2350621545172223_34540620915671040_n.jpg\" alt=\"58384224_2350621545172223_34540620915671040_n.jpg\" align=\"center\" width=\"816\" height=\"459\" srcset=\"https:\/\/www.justicepaix.be\/wp-content\/uploads\/2019\/05\/jpg_58384224_2350621545172223_34540620915671040_n.jpg 816w, https:\/\/www.justicepaix.be\/wp-content\/uploads\/2019\/05\/jpg_58384224_2350621545172223_34540620915671040_n-300x169.jpg 300w, https:\/\/www.justicepaix.be\/wp-content\/uploads\/2019\/05\/jpg_58384224_2350621545172223_34540620915671040_n-768x432.jpg 768w\" sizes=\"(max-width: 816px) 100vw, 816px\" \/><\/p>\n<p><strong>\u00abIl y a eu une petite avanc\u00e9e, mais il faut voir l\u2019engagement des \u00c9tats et des entreprises.\u00bb<\/strong><\/p>\n<p>Henri Muhiya, secr\u00e9taire ex\u00e9cutif de la commission \u00e9piscopale pour les ressources naturelles en RDC 26-04-2019 &#8211; Par Sonia Rolley\/<\/p>\n<p>Interview \u00e0 \u00e9couter sur <a href=\"http:\/\/www.rfi.fr\/afrique\/20190426-tracabilite-minerais-rdc-efforts-faire-societe-civile\">RFI <\/a><div id='gallery-1' class='gallery galleryid-16211 gallery-columns-3 gallery-size-thumbnail'><figure class='gallery-item'>\n\t\t\t<div class='gallery-icon landscape'>\n\t\t\t\t<a href='https:\/\/www.justicepaix.be\/wp-content\/uploads\/2019\/05\/jpg_58384224_2350621545172223_34540620915671040_n.jpg'><img decoding=\"async\" width=\"150\" height=\"150\" src=\"https:\/\/www.justicepaix.be\/wp-content\/uploads\/2019\/05\/jpg_58384224_2350621545172223_34540620915671040_n-150x150.jpg\" class=\"attachment-thumbnail size-thumbnail\" alt=\"58384224_2350621545172223_34540620915671040_n.jpg\" \/><\/a>\n\t\t\t<\/div><\/figure><figure class='gallery-item'>\n\t\t\t<div class='gallery-icon landscape'>\n\t\t\t\t<a href='https:\/\/www.justicepaix.be\/wp-content\/uploads\/2019\/05\/jpg_58384224_2350621545172223_34540620915671040_n-2.jpg'><img decoding=\"async\" width=\"150\" height=\"150\" src=\"https:\/\/www.justicepaix.be\/wp-content\/uploads\/2019\/05\/jpg_58384224_2350621545172223_34540620915671040_n-2-150x150.jpg\" class=\"attachment-thumbnail size-thumbnail\" alt=\"58384224_2350621545172223_34540620915671040_n-2.jpg\" \/><\/a>\n\t\t\t<\/div><\/figure>\n\t\t<\/div>\n<\/p>","protected":false},"excerpt":{"rendered":"<p>Le 13e Forum sur les cha\u00eenes d&rsquo;approvisionnement responsables en min\u00e9raux se termine ce vendredi \u00e0 Paris. Un \u00e9v\u00e9nement qui se tient chaque ann\u00e9e au si\u00e8ge de l&rsquo;OCDE et qui regroupe tous les acteurs du secteur, entreprises, gouvernements et soci\u00e9t\u00e9 civile, pour tenter d&rsquo;assurer la tra\u00e7abilit\u00e9 des minerais. Chaque ann\u00e9e, la R\u00e9publique d\u00e9mocratique du Congo fait [&hellip;]<\/p>\n","protected":false},"author":62,"featured_media":16210,"comment_status":"closed","ping_status":"open","sticky":false,"template":"","format":"standard","meta":{"_acf_changed":false,"_seopress_robots_primary_cat":"","_seopress_titles_title":"","_seopress_titles_desc":"","_seopress_robots_index":"","footnotes":""},"categories":[2686],"tags":[],"class_list":["post-16211","post","type-post","status-publish","format-standard","has-post-thumbnail","hentry","category-pre-2015"],"acf":[],"_links":{"self":[{"href":"https:\/\/www.justicepaix.be\/en\/wp-json\/wp\/v2\/posts\/16211","targetHints":{"allow":["GET"]}}],"collection":[{"href":"https:\/\/www.justicepaix.be\/en\/wp-json\/wp\/v2\/posts"}],"about":[{"href":"https:\/\/www.justicepaix.be\/en\/wp-json\/wp\/v2\/types\/post"}],"author":[{"embeddable":true,"href":"https:\/\/www.justicepaix.be\/en\/wp-json\/wp\/v2\/users\/62"}],"replies":[{"embeddable":true,"href":"https:\/\/www.justicepaix.be\/en\/wp-json\/wp\/v2\/comments?post=16211"}],"version-history":[{"count":0,"href":"https:\/\/www.justicepaix.be\/en\/wp-json\/wp\/v2\/posts\/16211\/revisions"}],"wp:featuredmedia":[{"embeddable":true,"href":"https:\/\/www.justicepaix.be\/en\/wp-json\/wp\/v2\/media\/16210"}],"wp:attachment":[{"href":"https:\/\/www.justicepaix.be\/en\/wp-json\/wp\/v2\/media?parent=16211"}],"wp:term":[{"taxonomy":"category","embeddable":true,"href":"https:\/\/www.justicepaix.be\/en\/wp-json\/wp\/v2\/categories?post=16211"},{"taxonomy":"post_tag","embeddable":true,"href":"https:\/\/www.justicepaix.be\/en\/wp-json\/wp\/v2\/tags?post=16211"}],"curies":[{"name":"wp","href":"https:\/\/api.w.org\/{rel}","templated":true}]}}