{"id":16205,"date":"2019-05-07T17:56:13","date_gmt":"2019-05-07T17:56:13","guid":{"rendered":"https:\/\/demop.netbaz.be\/2021\/jp\/2019\/05\/07\/regularisation-de-sejour-la-violence-d-une-non-politique\/"},"modified":"2021-04-14T12:04:05","modified_gmt":"2021-04-14T12:04:05","slug":"regularization-of-stay-the-violence-of-a-non-policy","status":"publish","type":"post","link":"https:\/\/www.justicepaix.be\/en\/regularisation-de-sejour-la-violence-d-une-non-politique\/","title":{"rendered":"Regularization of residence: the violence of a non-policy"},"content":{"rendered":"<p class=\"post_excerpt\">Living undocumented means being excluded from most rights. It is living in a situation of constant social precariousness. It means having to accept any working conditions for any salary. It&#039;s putting your life on hold, without being able to settle down, project yourself, be part of society. It&#039;s living without living, being there without being there. It is living in fear of encountering the police, even when you have not committed any offense, and even when you yourself are the victim of abuse. It is to be the subject of incredible violence. However, we cannot build a just society on the basis of violence, exclusion and precariousness. A radically different vision of migration, based on equality and rights, is therefore essential.<\/p>\n\n\n<!--more-->\n<img fetchpriority=\"high\" decoding=\"async\" class=\"aligncenter size-full wp-image-16204\" src=\"http:\/\/demop.netbaz.be\/2021\/jp\/wp-content\/uploads\/2019\/05\/jpg_boat-998966_1920.jpg\" alt=\"boat-998966_1920.jpg\" align=\"center\" width=\"1920\" height=\"1280\" srcset=\"https:\/\/www.justicepaix.be\/wp-content\/uploads\/2019\/05\/jpg_boat-998966_1920.jpg 1920w, https:\/\/www.justicepaix.be\/wp-content\/uploads\/2019\/05\/jpg_boat-998966_1920-300x200.jpg 300w, https:\/\/www.justicepaix.be\/wp-content\/uploads\/2019\/05\/jpg_boat-998966_1920-1024x683.jpg 1024w, https:\/\/www.justicepaix.be\/wp-content\/uploads\/2019\/05\/jpg_boat-998966_1920-768x512.jpg 768w, https:\/\/www.justicepaix.be\/wp-content\/uploads\/2019\/05\/jpg_boat-998966_1920-1536x1024.jpg 1536w\" sizes=\"(max-width: 1920px) 100vw, 1920px\" \/>\n\nCarte blanche to read on the website <a href=\"https:\/\/www.levif.be\/actualite\/belgique\/regularisation-de-sejour-la-violence-d-une-non-politique\/article-opinion-1127833.html\">Lively <\/a>.<div id='gallery-1' class='gallery galleryid-16205 gallery-columns-3 gallery-size-thumbnail'><figure class='gallery-item'>\n\t\t\t<div class='gallery-icon landscape'>\n\t\t\t\t<a href='https:\/\/www.justicepaix.be\/wp-content\/uploads\/2019\/05\/jpg_boat-998966_1920.jpg'><img decoding=\"async\" width=\"150\" height=\"150\" src=\"https:\/\/www.justicepaix.be\/wp-content\/uploads\/2019\/05\/jpg_boat-998966_1920-150x150.jpg\" class=\"attachment-thumbnail size-thumbnail\" alt=\"boat-998966_1920.jpg\" \/><\/a>\n\t\t\t<\/div><\/figure><figure class='gallery-item'>\n\t\t\t<div class='gallery-icon landscape'>\n\t\t\t\t<a href='https:\/\/www.justicepaix.be\/wp-content\/uploads\/2019\/05\/jpg_boat-998966_1920-2.jpg'><img decoding=\"async\" width=\"150\" height=\"150\" src=\"https:\/\/www.justicepaix.be\/wp-content\/uploads\/2019\/05\/jpg_boat-998966_1920-2-150x150.jpg\" class=\"attachment-thumbnail size-thumbnail\" alt=\"boat-998966_1920-2.jpg\" \/><\/a>\n\t\t\t<\/div><\/figure>\n\t\t<\/div>\n\n<h2 class=\"wp-block-heading\">Attachments<\/h2>\n\n\n\n<div class=\"wp-block-file\"><a href=\"http:\/\/demop.netbaz.be\/2021\/jp\/wp-content\/uploads\/2019\/05\/pdf_regularisation_de_sejour__la_violence_d_une_non_politique_-_belgique_-_levif.pdf\">regularization_of_residence__the_violence_of_a_non_political_-_belgium_-_levif.pdf<\/a><\/div>","protected":false},"excerpt":{"rendered":"<p>Vivre sans-papiers, c&rsquo;est \u00eatre exclu de la plupart des droits. C&rsquo;est vivre dans une situation de pr\u00e9carit\u00e9 sociale constante. C&rsquo;est devoir accepter n&rsquo;importe quelles conditions de travail pour n&rsquo;importe quel salaire. C&rsquo;est mettre sa vie entre parenth\u00e8ses, sans pouvoir se poser, se projeter, faire partie de la soci\u00e9t\u00e9. C&rsquo;est vivre sans vivre, \u00eatre l\u00e0 sans [&hellip;]<\/p>\n","protected":false},"author":62,"featured_media":16204,"comment_status":"closed","ping_status":"open","sticky":false,"template":"","format":"standard","meta":{"_acf_changed":false,"_seopress_robots_primary_cat":"","_seopress_titles_title":"","_seopress_titles_desc":"","_seopress_robots_index":"","footnotes":""},"categories":[2686],"tags":[],"class_list":["post-16205","post","type-post","status-publish","format-standard","has-post-thumbnail","hentry","category-pre-2015"],"acf":[],"_links":{"self":[{"href":"https:\/\/www.justicepaix.be\/en\/wp-json\/wp\/v2\/posts\/16205","targetHints":{"allow":["GET"]}}],"collection":[{"href":"https:\/\/www.justicepaix.be\/en\/wp-json\/wp\/v2\/posts"}],"about":[{"href":"https:\/\/www.justicepaix.be\/en\/wp-json\/wp\/v2\/types\/post"}],"author":[{"embeddable":true,"href":"https:\/\/www.justicepaix.be\/en\/wp-json\/wp\/v2\/users\/62"}],"replies":[{"embeddable":true,"href":"https:\/\/www.justicepaix.be\/en\/wp-json\/wp\/v2\/comments?post=16205"}],"version-history":[{"count":0,"href":"https:\/\/www.justicepaix.be\/en\/wp-json\/wp\/v2\/posts\/16205\/revisions"}],"wp:featuredmedia":[{"embeddable":true,"href":"https:\/\/www.justicepaix.be\/en\/wp-json\/wp\/v2\/media\/16204"}],"wp:attachment":[{"href":"https:\/\/www.justicepaix.be\/en\/wp-json\/wp\/v2\/media?parent=16205"}],"wp:term":[{"taxonomy":"category","embeddable":true,"href":"https:\/\/www.justicepaix.be\/en\/wp-json\/wp\/v2\/categories?post=16205"},{"taxonomy":"post_tag","embeddable":true,"href":"https:\/\/www.justicepaix.be\/en\/wp-json\/wp\/v2\/tags?post=16205"}],"curies":[{"name":"wp","href":"https:\/\/api.w.org\/{rel}","templated":true}]}}