{"id":16199,"date":"2019-05-07T17:49:36","date_gmt":"2019-05-07T17:49:36","guid":{"rendered":"https:\/\/demop.netbaz.be\/2021\/jp\/2019\/05\/07\/sans-une-loi-un-nouveau-rana-plaza-n-est-pas-a-exclure\/"},"modified":"2021-04-14T12:04:04","modified_gmt":"2021-04-14T12:04:04","slug":"without-a-law-a-new-rana-plaza-cannot-be-ruled-out","status":"publish","type":"post","link":"https:\/\/www.justicepaix.be\/en\/sans-une-loi-un-nouveau-rana-plaza-n-est-pas-a-exclure\/","title":{"rendered":"Without a law, a new Rana Plaza cannot be ruled out!"},"content":{"rendered":"<p class=\"post_excerpt\">We demand a Belgian law that requires companies to effectively respect human rights and the environment, throughout their international supply chains or in their subsidiaries abroad, and that makes them legally responsible if they do not. not.<\/p>\n\n\n<!--more-->\n<img fetchpriority=\"high\" decoding=\"async\" class=\"aligncenter size-full wp-image-16198\" src=\"http:\/\/demop.netbaz.be\/2021\/jp\/wp-content\/uploads\/2019\/05\/jpg_rana_plaza.jpg\" alt=\"rana_plaza.jpg\" align=\"center\" width=\"688\" height=\"344\" srcset=\"https:\/\/www.justicepaix.be\/wp-content\/uploads\/2019\/05\/jpg_rana_plaza.jpg 688w, https:\/\/www.justicepaix.be\/wp-content\/uploads\/2019\/05\/jpg_rana_plaza-300x150.jpg 300w\" sizes=\"(max-width: 688px) 100vw, 688px\" \/>\n\nRead on the website <a href=\"https:\/\/www.lecho.be\/opinions\/carte-blanche\/sans-une-loi-un-nouveau-rana-plaza-n-est-pas-a-exclure\/10119661.html\">the Echo <\/a><div id='gallery-1' class='gallery galleryid-16199 gallery-columns-3 gallery-size-thumbnail'><figure class='gallery-item'>\n\t\t\t<div class='gallery-icon landscape'>\n\t\t\t\t<a href='https:\/\/www.justicepaix.be\/wp-content\/uploads\/2019\/05\/jpg_rana_plaza.jpg'><img decoding=\"async\" width=\"150\" height=\"150\" src=\"https:\/\/www.justicepaix.be\/wp-content\/uploads\/2019\/05\/jpg_rana_plaza-150x150.jpg\" class=\"attachment-thumbnail size-thumbnail\" alt=\"rana_plaza.jpg\" \/><\/a>\n\t\t\t<\/div><\/figure><figure class='gallery-item'>\n\t\t\t<div class='gallery-icon landscape'>\n\t\t\t\t<a href='https:\/\/www.justicepaix.be\/wp-content\/uploads\/2019\/05\/jpg_rana_plaza-2.jpg'><img decoding=\"async\" width=\"150\" height=\"150\" src=\"https:\/\/www.justicepaix.be\/wp-content\/uploads\/2019\/05\/jpg_rana_plaza-2-150x150.jpg\" class=\"attachment-thumbnail size-thumbnail\" alt=\"rana_plaza-2.jpg\" \/><\/a>\n\t\t\t<\/div><\/figure>\n\t\t<\/div>\n\n<h2 class=\"wp-block-heading\">Attachments<\/h2>\n\n\n\n<div class=\"wp-block-file\"><a href=\"http:\/\/demop.netbaz.be\/2021\/jp\/wp-content\/uploads\/2019\/05\/pdf_sans_une_loi_un_nouveau_rana_plaza_n_est_pas_a_exclure___l_echo.pdf\">without_a_law_a_new_rana_plaza_n_est_pas_to_exclude___l_echo.pdf<\/a><\/div>","protected":false},"excerpt":{"rendered":"<p>Nous demandons une loi belge qui oblige les entreprises \u00e0 respecter effectivement les droits humains et l&rsquo;environnement, tout au long de leurs fili\u00e8res d&rsquo;approvisionnement internationales ou dans leurs filiales \u00e0 l\u2019\u00e9tranger, et qui les rende l\u00e9galement responsables si elles ne le font pas.<\/p>","protected":false},"author":62,"featured_media":16198,"comment_status":"closed","ping_status":"open","sticky":false,"template":"","format":"standard","meta":{"_acf_changed":false,"_seopress_robots_primary_cat":"","_seopress_titles_title":"","_seopress_titles_desc":"","_seopress_robots_index":"","footnotes":""},"categories":[2686],"tags":[],"class_list":["post-16199","post","type-post","status-publish","format-standard","has-post-thumbnail","hentry","category-pre-2015"],"acf":[],"_links":{"self":[{"href":"https:\/\/www.justicepaix.be\/en\/wp-json\/wp\/v2\/posts\/16199","targetHints":{"allow":["GET"]}}],"collection":[{"href":"https:\/\/www.justicepaix.be\/en\/wp-json\/wp\/v2\/posts"}],"about":[{"href":"https:\/\/www.justicepaix.be\/en\/wp-json\/wp\/v2\/types\/post"}],"author":[{"embeddable":true,"href":"https:\/\/www.justicepaix.be\/en\/wp-json\/wp\/v2\/users\/62"}],"replies":[{"embeddable":true,"href":"https:\/\/www.justicepaix.be\/en\/wp-json\/wp\/v2\/comments?post=16199"}],"version-history":[{"count":0,"href":"https:\/\/www.justicepaix.be\/en\/wp-json\/wp\/v2\/posts\/16199\/revisions"}],"wp:featuredmedia":[{"embeddable":true,"href":"https:\/\/www.justicepaix.be\/en\/wp-json\/wp\/v2\/media\/16198"}],"wp:attachment":[{"href":"https:\/\/www.justicepaix.be\/en\/wp-json\/wp\/v2\/media?parent=16199"}],"wp:term":[{"taxonomy":"category","embeddable":true,"href":"https:\/\/www.justicepaix.be\/en\/wp-json\/wp\/v2\/categories?post=16199"},{"taxonomy":"post_tag","embeddable":true,"href":"https:\/\/www.justicepaix.be\/en\/wp-json\/wp\/v2\/tags?post=16199"}],"curies":[{"name":"wp","href":"https:\/\/api.w.org\/{rel}","templated":true}]}}