{"id":16157,"date":"2019-05-24T09:57:30","date_gmt":"2019-05-24T09:57:30","guid":{"rendered":"https:\/\/demop.netbaz.be\/2021\/jp\/2019\/05\/24\/formation-memoire-et-reconciliation-vivre-ensemble-apres-un-conflit\/"},"modified":"2021-04-14T12:02:55","modified_gmt":"2021-04-14T12:02:55","slug":"formation-memoire-et-reconciliation-vivre-ensemble-apres-un-conflit","status":"publish","type":"post","link":"https:\/\/www.justicepaix.be\/en\/formation-memoire-et-reconciliation-vivre-ensemble-apres-un-conflit\/","title":{"rendered":"Training \u2013 Memory and reconciliation: living together after a conflict"},"content":{"rendered":"<p class=\"post_excerpt\">The memory of a conflict, recent or not, is crucial to consider the possibility of reconciliation and to enable living together in a society, whether in the country(ies) concerned but also in Belgium where populations sometimes opposed in a conflict have migrated and come into contact with each other.<\/p>\n<p><!--more--><br \/>\n<img fetchpriority=\"high\" decoding=\"async\" class=\"aligncenter size-full wp-image-16156\" src=\"http:\/\/demop.netbaz.be\/2021\/jp\/wp-content\/uploads\/2019\/05\/jpg_flyer_memoire-4-scaled.jpg\" alt=\"flyer_memoire-4.jpg\" align=\"center\" width=\"2560\" height=\"1792\" srcset=\"https:\/\/www.justicepaix.be\/wp-content\/uploads\/2019\/05\/jpg_flyer_memoire-4-scaled.jpg 2560w, https:\/\/www.justicepaix.be\/wp-content\/uploads\/2019\/05\/jpg_flyer_memoire-4-300x210.jpg 300w, https:\/\/www.justicepaix.be\/wp-content\/uploads\/2019\/05\/jpg_flyer_memoire-4-1024x717.jpg 1024w, https:\/\/www.justicepaix.be\/wp-content\/uploads\/2019\/05\/jpg_flyer_memoire-4-768x538.jpg 768w, https:\/\/www.justicepaix.be\/wp-content\/uploads\/2019\/05\/jpg_flyer_memoire-4-1536x1075.jpg 1536w, https:\/\/www.justicepaix.be\/wp-content\/uploads\/2019\/05\/jpg_flyer_memoire-4-2048x1434.jpg 2048w\" sizes=\"(max-width: 2560px) 100vw, 2560px\" \/><\/p>\n<p>La m\u00e9moire joue \u00e9galement un r\u00f4le essentiel dans la pr\u00e9vention des conflits : parler du pass\u00e9 et offrir une reconnaissance aux victimes permet parfois d\u2019\u00e9viter que des blessures ne resurgissent trop brutalement. \u00c0 travers les exemples de la gestion m\u00e9morielle du g\u00e9nocide rwandais et de la guerre civile en Espagne, la formation montre comment des \u00c9tats choisissent de parler du pass\u00e9 et pour quelles raisons.<\/p>\n<p><\/bloc><\/p>\n<p><visible> Useful information <\/p>\n<p><strong>Place<\/strong> : Justice &#038; Paix, Chauss\u00e9e Saint Pierre 208, 1040 Etterbeek<br \/>\n<strong>Date<\/strong> : Jeudi 19 septembre 2019, 18h &#8211; 20h<br \/>\n<strong>Price<\/strong> : 5\u20ac<br \/>\n<strong>Informations suppl\u00e9mentaires<\/strong> : clara.debeve@justicepaix.be <\/p>\n<p><\/visible><\/p>\n<p><visible> Registrations <\/p>\n<p><iframe src=\"https:\/\/crm-cjp.be\/spip.php?page=inscription_public&#038;id_operation=199\" width=\"100%\" height=\"1950\"><\/iframe><\/p>\n<p><\/visible><\/p>\n<div id='gallery-1' class='gallery galleryid-16157 gallery-columns-3 gallery-size-thumbnail'><figure class='gallery-item'>\n\t\t\t<div class='gallery-icon landscape'>\n\t\t\t\t<a href='https:\/\/www.justicepaix.be\/wp-content\/uploads\/2019\/09\/jpg_flyer_memoire-scaled.jpg'><img decoding=\"async\" width=\"150\" height=\"150\" src=\"https:\/\/www.justicepaix.be\/wp-content\/uploads\/2019\/09\/jpg_flyer_memoire-150x150.jpg\" class=\"attachment-thumbnail size-thumbnail\" alt=\"flyer_memoire.jpg\" \/><\/a>\n\t\t\t<\/div><\/figure><figure class='gallery-item'>\n\t\t\t<div class='gallery-icon landscape'>\n\t\t\t\t<a href='https:\/\/www.justicepaix.be\/wp-content\/uploads\/2019\/09\/jpg_flyer_memoire-2-scaled.jpg'><img decoding=\"async\" width=\"150\" height=\"150\" src=\"https:\/\/www.justicepaix.be\/wp-content\/uploads\/2019\/09\/jpg_flyer_memoire-2-150x150.jpg\" class=\"attachment-thumbnail size-thumbnail\" alt=\"flyer_memoire-2.jpg\" \/><\/a>\n\t\t\t<\/div><\/figure><figure class='gallery-item'>\n\t\t\t<div class='gallery-icon landscape'>\n\t\t\t\t<a href='https:\/\/www.justicepaix.be\/wp-content\/uploads\/2019\/09\/jpg_flyer_memoire-3-scaled.jpg'><img loading=\"lazy\" decoding=\"async\" width=\"150\" height=\"150\" src=\"https:\/\/www.justicepaix.be\/wp-content\/uploads\/2019\/09\/jpg_flyer_memoire-3-150x150.jpg\" class=\"attachment-thumbnail size-thumbnail\" alt=\"flyer_memoire-3.jpg\" \/><\/a>\n\t\t\t<\/div><\/figure><figure class='gallery-item'>\n\t\t\t<div class='gallery-icon landscape'>\n\t\t\t\t<a href='https:\/\/www.justicepaix.be\/wp-content\/uploads\/2019\/09\/jpg_flyer_memoire-4-scaled.jpg'><img loading=\"lazy\" decoding=\"async\" width=\"150\" height=\"150\" src=\"https:\/\/www.justicepaix.be\/wp-content\/uploads\/2019\/09\/jpg_flyer_memoire-4-150x150.jpg\" class=\"attachment-thumbnail size-thumbnail\" alt=\"flyer_memoire-4.jpg\" \/><\/a>\n\t\t\t<\/div><\/figure>\n\t\t<\/div>","protected":false},"excerpt":{"rendered":"<p>The memory of a conflict, recent or not, is crucial to consider the possibility of reconciliation and to enable living together in a society, whether in the country(ies) concerned but also in Belgium where populations sometimes opposed in a conflict have migrated and come into contact with each other.<\/p>","protected":false},"author":62,"featured_media":16156,"comment_status":"closed","ping_status":"open","sticky":false,"template":"","format":"standard","meta":{"_acf_changed":false,"_seopress_robots_primary_cat":"","_seopress_titles_title":"","_seopress_titles_desc":"","_seopress_robots_index":"","footnotes":""},"categories":[2696],"tags":[],"class_list":["post-16157","post","type-post","status-publish","format-standard","has-post-thumbnail","hentry","category-actualites"],"acf":[],"_links":{"self":[{"href":"https:\/\/www.justicepaix.be\/en\/wp-json\/wp\/v2\/posts\/16157","targetHints":{"allow":["GET"]}}],"collection":[{"href":"https:\/\/www.justicepaix.be\/en\/wp-json\/wp\/v2\/posts"}],"about":[{"href":"https:\/\/www.justicepaix.be\/en\/wp-json\/wp\/v2\/types\/post"}],"author":[{"embeddable":true,"href":"https:\/\/www.justicepaix.be\/en\/wp-json\/wp\/v2\/users\/62"}],"replies":[{"embeddable":true,"href":"https:\/\/www.justicepaix.be\/en\/wp-json\/wp\/v2\/comments?post=16157"}],"version-history":[{"count":0,"href":"https:\/\/www.justicepaix.be\/en\/wp-json\/wp\/v2\/posts\/16157\/revisions"}],"wp:featuredmedia":[{"embeddable":true,"href":"https:\/\/www.justicepaix.be\/en\/wp-json\/wp\/v2\/media\/16156"}],"wp:attachment":[{"href":"https:\/\/www.justicepaix.be\/en\/wp-json\/wp\/v2\/media?parent=16157"}],"wp:term":[{"taxonomy":"category","embeddable":true,"href":"https:\/\/www.justicepaix.be\/en\/wp-json\/wp\/v2\/categories?post=16157"},{"taxonomy":"post_tag","embeddable":true,"href":"https:\/\/www.justicepaix.be\/en\/wp-json\/wp\/v2\/tags?post=16157"}],"curies":[{"name":"wp","href":"https:\/\/api.w.org\/{rel}","templated":true}]}}