{"id":16153,"date":"2019-03-25T17:15:53","date_gmt":"2019-03-25T17:15:53","guid":{"rendered":"https:\/\/demop.netbaz.be\/2021\/jp\/2019\/03\/25\/diffusion-du-documentaire-vacancy-l-envers-du-reve-americain\/"},"modified":"2021-04-14T12:02:10","modified_gmt":"2021-04-14T12:02:10","slug":"diffusion-du-documentaire-vacancy-l-envers-du-reve-americain","status":"publish","type":"post","link":"https:\/\/www.justicepaix.be\/en\/diffusion-du-documentaire-vacancy-l-envers-du-reve-americain\/","title":{"rendered":"Broadcast of the documentary \u201cVacancy\u201d, the other side of the American dream"},"content":{"rendered":"<p><img fetchpriority=\"high\" decoding=\"async\" class=\"alignleft size-full wp-image-16152\" src=\"http:\/\/demop.netbaz.be\/2021\/jp\/wp-content\/uploads\/2019\/03\/jpg_vacancy_affiche_web.jpg\" alt=\"vacancy_poster_web.jpg\" align=\"left\" width=\"1654\" height=\"2339\" srcset=\"https:\/\/www.justicepaix.be\/wp-content\/uploads\/2019\/03\/jpg_vacancy_affiche_web.jpg 1654w, https:\/\/www.justicepaix.be\/wp-content\/uploads\/2019\/03\/jpg_vacancy_affiche_web-212x300.jpg 212w, https:\/\/www.justicepaix.be\/wp-content\/uploads\/2019\/03\/jpg_vacancy_affiche_web-724x1024.jpg 724w, https:\/\/www.justicepaix.be\/wp-content\/uploads\/2019\/03\/jpg_vacancy_affiche_web-768x1086.jpg 768w, https:\/\/www.justicepaix.be\/wp-content\/uploads\/2019\/03\/jpg_vacancy_affiche_web-1086x1536.jpg 1086w, https:\/\/www.justicepaix.be\/wp-content\/uploads\/2019\/03\/jpg_vacancy_affiche_web-1448x2048.jpg 1448w\" sizes=\"(max-width: 1654px) 100vw, 1654px\" \/><\/p>\n<p>Ultime refuge pour les oubli\u00e9s de l\u2019American dream, le motel aux \u00c9tats-Unis abrite toute une population de laiss\u00e9s pour-compte, d\u2019humains \u00e0 la d\u00e9rive qui, de crise en crise \u00e9conomiques et personnelles, se sont vus d\u00e9poss\u00e9d\u00e9s de tout. Il y a ceux qui ont tout perdu. Il y a ceux qui ont tout quitt\u00e9. Ceux qui ont tout oubli\u00e9. Ceux qui r\u00eavent encore.<br \/>\nAspir\u00e9s par la survie quotidienne, chacun tente de se refaire dans ce nid pr\u00e9caire, \u00e0 la marge du monde.<\/p>\n<p>Justice et Paix co-organise avec d&rsquo;autres associations dont l&rsquo;asbl <a href=\"\/en\/dont l'asbl Bah Voyons!\/\">Bah Voyons!<\/a>, la diffusion de ce documentaire percutant r\u00e9alis\u00e9 par Alexandra Kandy Longuet. \u00ab\u00a0Vacancy\u00a0\u00bb a \u00e9t\u00e9 prim\u00e9 \u00ab\u00a0<strong>Best World Documentary Film<\/strong>\u00a0\u00bb au Ji.hlava International Documentary Film Festival 2018.<\/p>\n<p><strong><br \/>\nPlace<\/strong> : Cin\u00e9ma des Galleries, Galerie de la Reine 26, 1000 Bruxelles<br \/>\n<strong>Date <\/strong> : mardi 23 avril 2019 \u00e0 19h<br \/>\n<strong>Info<\/strong> : valery.witsel@justicepaix.be<br \/>\n<div id='gallery-1' class='gallery galleryid-16153 gallery-columns-3 gallery-size-thumbnail'><figure class='gallery-item'>\n\t\t\t<div class='gallery-icon portrait'>\n\t\t\t\t<a href='https:\/\/www.justicepaix.be\/wp-content\/uploads\/2019\/03\/jpg_vacancy_affiche_web.jpg'><img decoding=\"async\" width=\"150\" height=\"150\" src=\"https:\/\/www.justicepaix.be\/wp-content\/uploads\/2019\/03\/jpg_vacancy_affiche_web-150x150.jpg\" class=\"attachment-thumbnail size-thumbnail\" alt=\"vacancy_poster_web.jpg\" \/><\/a>\n\t\t\t<\/div><\/figure><figure class='gallery-item'>\n\t\t\t<div class='gallery-icon portrait'>\n\t\t\t\t<a href='https:\/\/www.justicepaix.be\/wp-content\/uploads\/2019\/03\/jpg_vacancy_affiche_web-2.jpg'><img decoding=\"async\" width=\"150\" height=\"150\" src=\"https:\/\/www.justicepaix.be\/wp-content\/uploads\/2019\/03\/jpg_vacancy_affiche_web-2-150x150.jpg\" class=\"attachment-thumbnail size-thumbnail\" alt=\"vacancy_affiche_web-2.jpg\" \/><\/a>\n\t\t\t<\/div><\/figure>\n\t\t<\/div>\n<\/p>","protected":false},"excerpt":{"rendered":"<p>Ultime refuge pour les oubli\u00e9s de l\u2019American dream, le motel aux \u00c9tats-Unis abrite toute une population de laiss\u00e9s pour-compte, d\u2019humains \u00e0 la d\u00e9rive qui, de crise en crise \u00e9conomiques et personnelles, se sont vus d\u00e9poss\u00e9d\u00e9s de tout. Il y a ceux qui ont tout perdu. Il y a ceux qui ont tout quitt\u00e9. Ceux qui [&hellip;]<\/p>\n","protected":false},"author":62,"featured_media":16152,"comment_status":"closed","ping_status":"open","sticky":false,"template":"","format":"standard","meta":{"_acf_changed":false,"_seopress_robots_primary_cat":"","_seopress_titles_title":"","_seopress_titles_desc":"","_seopress_robots_index":"","footnotes":""},"categories":[2696],"tags":[],"class_list":["post-16153","post","type-post","status-publish","format-standard","has-post-thumbnail","hentry","category-actualites"],"acf":[],"_links":{"self":[{"href":"https:\/\/www.justicepaix.be\/en\/wp-json\/wp\/v2\/posts\/16153","targetHints":{"allow":["GET"]}}],"collection":[{"href":"https:\/\/www.justicepaix.be\/en\/wp-json\/wp\/v2\/posts"}],"about":[{"href":"https:\/\/www.justicepaix.be\/en\/wp-json\/wp\/v2\/types\/post"}],"author":[{"embeddable":true,"href":"https:\/\/www.justicepaix.be\/en\/wp-json\/wp\/v2\/users\/62"}],"replies":[{"embeddable":true,"href":"https:\/\/www.justicepaix.be\/en\/wp-json\/wp\/v2\/comments?post=16153"}],"version-history":[{"count":0,"href":"https:\/\/www.justicepaix.be\/en\/wp-json\/wp\/v2\/posts\/16153\/revisions"}],"wp:featuredmedia":[{"embeddable":true,"href":"https:\/\/www.justicepaix.be\/en\/wp-json\/wp\/v2\/media\/16152"}],"wp:attachment":[{"href":"https:\/\/www.justicepaix.be\/en\/wp-json\/wp\/v2\/media?parent=16153"}],"wp:term":[{"taxonomy":"category","embeddable":true,"href":"https:\/\/www.justicepaix.be\/en\/wp-json\/wp\/v2\/categories?post=16153"},{"taxonomy":"post_tag","embeddable":true,"href":"https:\/\/www.justicepaix.be\/en\/wp-json\/wp\/v2\/tags?post=16153"}],"curies":[{"name":"wp","href":"https:\/\/api.w.org\/{rel}","templated":true}]}}