{"id":16148,"date":"2019-03-25T16:31:40","date_gmt":"2019-03-25T16:31:40","guid":{"rendered":"https:\/\/demop.netbaz.be\/2021\/jp\/2019\/03\/25\/formation-conflits-et-ressources-naturelles\/"},"modified":"2021-04-14T12:02:09","modified_gmt":"2021-04-14T12:02:09","slug":"formation-conflits-et-ressources-naturelles","status":"publish","type":"post","link":"https:\/\/www.justicepaix.be\/en\/formation-conflits-et-ressources-naturelles\/","title":{"rendered":"\u201cConflicts and natural resources\u201d training"},"content":{"rendered":"<p class=\"post_excerpt\">Un constat s\u2019impose : certains pays regorgent de richesses, mais leur population reste pauvre. L\u2019exploitation des ressources naturelles constitue en effet un enjeu d\u2019importance qui aiguise l\u2019app\u00e9tit de nombreux acteurs locaux et internationaux. Non r\u00e9gul\u00e9e, elle peut entra\u00eener des conflits sociaux (exemple : P\u00e9rou) ou arm\u00e9s (exemple : RD Congo), avec de graves cons\u00e9quences sur le mode de vie des populations locales. Pourtant ces richesses, bien exploit\u00e9es, devraient permettre de retirer des b\u00e9n\u00e9fices \u00e9conomiques n\u00e9cessaires au d\u00e9veloppement d\u2019un pays.<\/p>\n<p><!--more--><br \/>\n<visible> <strong>Description <\/strong> <\/p>\n<p><img fetchpriority=\"high\" decoding=\"async\" class=\"aligncenter size-full wp-image-16147\" src=\"http:\/\/demop.netbaz.be\/2021\/jp\/wp-content\/uploads\/2019\/03\/jpg_1200px-operacionesyanacocha-3.jpg\" alt=\"1200px-operacionesyanacocha-3.jpg\" align=\"center\" width=\"1200\" height=\"764\" \/><\/p>\n<p>This training traces the journey of precious minerals such as gold or coltan from the mine to\u2026 our mobile phone, notably reviewing the many actors involved in this globalized process.<br \/>\nProgramme :<br \/>\n&#8211;\tLe premier module part du cas concret du P\u00e9rou, gros producteur minier et analyse les diff\u00e9rentes cons\u00e9quences de l\u2019exploitation mini\u00e8re.<br \/>\n&#8211;\tLe deuxi\u00e8me module se centre sur l\u2019exploitation de l\u2019or, notamment en RD Congo, et analyse les diff\u00e9rents acteurs de la cha\u00eene d\u2019approvisionnement de ce minerai.<br \/>\n&#8211;\tLe troisi\u00e8me module analyse les enjeux des ressources naturelles de fa\u00e7on plus g\u00e9n\u00e9rale et identifie des alternatives \u00e0 leur exploitation d\u00e9mesur\u00e9e.<br \/>\nTous les modules alternent passages th\u00e9oriques et pratiques.<\/p>\n<p><\/visible><\/p>\n<p><visible> <strong>Public<\/strong><\/p>\n<p>Cette formation est destin\u00e9e :<br \/>\n&#8211;\t aux enseigannt.e.s du secondaire. Elle convient principalement aux enseignant.e.s de g\u00e9ographie, FGH et sciences humaines.<br \/>\n&#8211;\taux personnes en charge d\u2019animations qui souhaitent d\u00e9velopper la question des enjeux des ressources naturelles avec des \u00e9l\u00e8ves ou des jeunes<br \/>\n&#8211;\taux citoyen-ne-s curieux.ses d\u2019en savoir plus.<br \/>\n<\/visible><\/p>\n<p><visible> <strong>Useful information<\/strong><\/p>\n<p>Date : Lundi 26 ao\u00fbt 2019, 9h-16h30<br \/>\nLieu : Justice et Paix : Chauss\u00e9e Saint Pierre, 208 \u00e0 1040 Etterbeek<br \/>\nPrix : 15 \u20ac<br \/>\nContacts : G\u00e9raldine Duquenne &#8211; geraldine.duquenne@justicepaix.be<br \/>\n<\/visible><\/p>\n<p><visible> <strong>Registrations<br \/>\n<\/strong><\/p>\n<p><iframe src=\"https:\/\/crm-cjp.be\/spip.php?page=inscription_public&#038;id_operation=189\" width=\"100%\" height=\"1950\"><\/iframe><\/p>\n<p><\/visible><\/p>\n<div id='gallery-1' class='gallery galleryid-16148 gallery-columns-3 gallery-size-thumbnail'><figure class='gallery-item'>\n\t\t\t<div class='gallery-icon portrait'>\n\t\t\t\t<a href='https:\/\/www.justicepaix.be\/wp-content\/uploads\/2019\/03\/jpg_kunj-parekh-392037-unsplash-scaled.jpg'><img decoding=\"async\" width=\"150\" height=\"150\" src=\"https:\/\/www.justicepaix.be\/wp-content\/uploads\/2019\/03\/jpg_kunj-parekh-392037-unsplash-150x150.jpg\" class=\"attachment-thumbnail size-thumbnail\" alt=\"kunj-parekh-392037-unsplash.jpg\" \/><\/a>\n\t\t\t<\/div><\/figure><figure class='gallery-item'>\n\t\t\t<div class='gallery-icon landscape'>\n\t\t\t\t<a href='https:\/\/www.justicepaix.be\/wp-content\/uploads\/2019\/06\/jpg_1200px-operacionesyanacocha-2.jpg'><img decoding=\"async\" width=\"150\" height=\"150\" src=\"https:\/\/www.justicepaix.be\/wp-content\/uploads\/2019\/06\/jpg_1200px-operacionesyanacocha-2-150x150.jpg\" class=\"attachment-thumbnail size-thumbnail\" alt=\"1200px-operacionesyanacocha-2.jpg\" \/><\/a>\n\t\t\t<\/div><\/figure><figure class='gallery-item'>\n\t\t\t<div class='gallery-icon landscape'>\n\t\t\t\t<a href='https:\/\/www.justicepaix.be\/wp-content\/uploads\/2019\/03\/jpg_1200px-operacionesyanacocha-3.jpg'><img loading=\"lazy\" decoding=\"async\" width=\"150\" height=\"150\" src=\"https:\/\/www.justicepaix.be\/wp-content\/uploads\/2019\/03\/jpg_1200px-operacionesyanacocha-3-150x150.jpg\" class=\"attachment-thumbnail size-thumbnail\" alt=\"1200px-operacionesyanacocha-3.jpg\" \/><\/a>\n\t\t\t<\/div><\/figure>\n\t\t<\/div>","protected":false},"excerpt":{"rendered":"<p>Un constat s\u2019impose : certains pays regorgent de richesses, mais leur population reste pauvre. L\u2019exploitation des ressources naturelles constitue en effet un enjeu d\u2019importance qui aiguise l\u2019app\u00e9tit de nombreux acteurs locaux et internationaux. Non r\u00e9gul\u00e9e, elle peut entra\u00eener des conflits sociaux (exemple : P\u00e9rou) ou arm\u00e9s (exemple : RD Congo), avec de graves cons\u00e9quences sur [&hellip;]<\/p>\n","protected":false},"author":62,"featured_media":16147,"comment_status":"closed","ping_status":"open","sticky":false,"template":"","format":"standard","meta":{"_acf_changed":false,"_seopress_robots_primary_cat":"","_seopress_titles_title":"","_seopress_titles_desc":"","_seopress_robots_index":"","footnotes":""},"categories":[2696],"tags":[],"class_list":["post-16148","post","type-post","status-publish","format-standard","has-post-thumbnail","hentry","category-actualites"],"acf":[],"_links":{"self":[{"href":"https:\/\/www.justicepaix.be\/en\/wp-json\/wp\/v2\/posts\/16148","targetHints":{"allow":["GET"]}}],"collection":[{"href":"https:\/\/www.justicepaix.be\/en\/wp-json\/wp\/v2\/posts"}],"about":[{"href":"https:\/\/www.justicepaix.be\/en\/wp-json\/wp\/v2\/types\/post"}],"author":[{"embeddable":true,"href":"https:\/\/www.justicepaix.be\/en\/wp-json\/wp\/v2\/users\/62"}],"replies":[{"embeddable":true,"href":"https:\/\/www.justicepaix.be\/en\/wp-json\/wp\/v2\/comments?post=16148"}],"version-history":[{"count":0,"href":"https:\/\/www.justicepaix.be\/en\/wp-json\/wp\/v2\/posts\/16148\/revisions"}],"wp:featuredmedia":[{"embeddable":true,"href":"https:\/\/www.justicepaix.be\/en\/wp-json\/wp\/v2\/media\/16147"}],"wp:attachment":[{"href":"https:\/\/www.justicepaix.be\/en\/wp-json\/wp\/v2\/media?parent=16148"}],"wp:term":[{"taxonomy":"category","embeddable":true,"href":"https:\/\/www.justicepaix.be\/en\/wp-json\/wp\/v2\/categories?post=16148"},{"taxonomy":"post_tag","embeddable":true,"href":"https:\/\/www.justicepaix.be\/en\/wp-json\/wp\/v2\/tags?post=16148"}],"curies":[{"name":"wp","href":"https:\/\/api.w.org\/{rel}","templated":true}]}}