{"id":16131,"date":"2019-03-18T14:24:23","date_gmt":"2019-03-18T14:24:23","guid":{"rendered":"https:\/\/demop.netbaz.be\/2021\/jp\/2019\/03\/18\/nouveau-groupe-de-reflexion-sur-l-afrique-centrale-a-liege\/"},"modified":"2021-04-14T12:01:45","modified_gmt":"2021-04-14T12:01:45","slug":"nouveau-groupe-de-reflexion-sur-l-afrique-centrale-a-liege","status":"publish","type":"post","link":"https:\/\/www.justicepaix.be\/en\/nouveau-groupe-de-reflexion-sur-l-afrique-centrale-a-liege\/","title":{"rendered":"New think tank on Central Africa in Li\u00e8ge!"},"content":{"rendered":"<p><img fetchpriority=\"high\" decoding=\"async\" class=\"aligncenter size-full wp-image-16130\" src=\"http:\/\/demop.netbaz.be\/2021\/jp\/wp-content\/uploads\/2019\/03\/jpg_20190316_180923-scaled.jpg\" alt=\"20190316_180923.jpg\" align=\"center\" width=\"2560\" height=\"1920\" srcset=\"https:\/\/www.justicepaix.be\/wp-content\/uploads\/2019\/03\/jpg_20190316_180923-scaled.jpg 2560w, https:\/\/www.justicepaix.be\/wp-content\/uploads\/2019\/03\/jpg_20190316_180923-300x225.jpg 300w, https:\/\/www.justicepaix.be\/wp-content\/uploads\/2019\/03\/jpg_20190316_180923-1024x768.jpg 1024w, https:\/\/www.justicepaix.be\/wp-content\/uploads\/2019\/03\/jpg_20190316_180923-768x576.jpg 768w, https:\/\/www.justicepaix.be\/wp-content\/uploads\/2019\/03\/jpg_20190316_180923-1536x1152.jpg 1536w, https:\/\/www.justicepaix.be\/wp-content\/uploads\/2019\/03\/jpg_20190316_180923-2048x1536.jpg 2048w\" sizes=\"(max-width: 2560px) 100vw, 2560px\" \/><\/p>\n<p>Vous souhaitez participer aux r\u00e9flexions que nous m\u00e8nerons sur la th\u00e9matique de l&rsquo;Afrique Centrale ? Analyser ou sugg\u00e9rer une action sur la r\u00e9gion ? La premi\u00e8re r\u00e9union de notre nouveau groupe de r\u00e9flexion aura lieu le <strong>samedi 16 mars<\/strong> of <strong>15h30-18h00<\/strong>.<\/p>\n<p><strong>Place<\/strong> : Rue Saint Giles 92, 4000 Li\u00e8ge.<\/p>\n<p>Pour inscriptions et informations, contactez Patrick Balemba \u00e0 <strong>patrick.balemba@justicepaix.be<\/strong> ou au 02\/896.95.931.<\/p>\n<p>Bienvenue \u00e0 tous !<\/p>\n<div id='gallery-1' class='gallery galleryid-16131 gallery-columns-3 gallery-size-thumbnail'><figure class='gallery-item'>\n\t\t\t<div class='gallery-icon landscape'>\n\t\t\t\t<a href='https:\/\/www.justicepaix.be\/wp-content\/uploads\/2019\/03\/jpg_20190316_180923-scaled.jpg'><img decoding=\"async\" width=\"150\" height=\"150\" src=\"https:\/\/www.justicepaix.be\/wp-content\/uploads\/2019\/03\/jpg_20190316_180923-150x150.jpg\" class=\"attachment-thumbnail size-thumbnail\" alt=\"20190316_180923.jpg\" \/><\/a>\n\t\t\t<\/div><\/figure><figure class='gallery-item'>\n\t\t\t<div class='gallery-icon landscape'>\n\t\t\t\t<a href='https:\/\/www.justicepaix.be\/wp-content\/uploads\/2019\/03\/jpg_20190316_180923-2-scaled.jpg'><img decoding=\"async\" width=\"150\" height=\"150\" src=\"https:\/\/www.justicepaix.be\/wp-content\/uploads\/2019\/03\/jpg_20190316_180923-2-150x150.jpg\" class=\"attachment-thumbnail size-thumbnail\" alt=\"20190316_180923-2.jpg\" \/><\/a>\n\t\t\t<\/div><\/figure>\n\t\t<\/div>","protected":false},"excerpt":{"rendered":"<p>Vous souhaitez participer aux r\u00e9flexions que nous m\u00e8nerons sur la th\u00e9matique de l&rsquo;Afrique Centrale ? Analyser ou sugg\u00e9rer une action sur la r\u00e9gion ? La premi\u00e8re r\u00e9union de notre nouveau groupe de r\u00e9flexion aura lieu le samedi 16 mars de 15h30-18h00. Lieu : Rue Saint Giles 92, 4000 Li\u00e8ge. Pour inscriptions et informations, contactez Patrick [&hellip;]<\/p>\n","protected":false},"author":62,"featured_media":16130,"comment_status":"closed","ping_status":"open","sticky":false,"template":"","format":"standard","meta":{"_acf_changed":false,"_seopress_robots_primary_cat":"","_seopress_titles_title":"","_seopress_titles_desc":"","_seopress_robots_index":"","footnotes":""},"categories":[2696],"tags":[],"class_list":["post-16131","post","type-post","status-publish","format-standard","has-post-thumbnail","hentry","category-actualites"],"acf":[],"_links":{"self":[{"href":"https:\/\/www.justicepaix.be\/en\/wp-json\/wp\/v2\/posts\/16131","targetHints":{"allow":["GET"]}}],"collection":[{"href":"https:\/\/www.justicepaix.be\/en\/wp-json\/wp\/v2\/posts"}],"about":[{"href":"https:\/\/www.justicepaix.be\/en\/wp-json\/wp\/v2\/types\/post"}],"author":[{"embeddable":true,"href":"https:\/\/www.justicepaix.be\/en\/wp-json\/wp\/v2\/users\/62"}],"replies":[{"embeddable":true,"href":"https:\/\/www.justicepaix.be\/en\/wp-json\/wp\/v2\/comments?post=16131"}],"version-history":[{"count":0,"href":"https:\/\/www.justicepaix.be\/en\/wp-json\/wp\/v2\/posts\/16131\/revisions"}],"wp:featuredmedia":[{"embeddable":true,"href":"https:\/\/www.justicepaix.be\/en\/wp-json\/wp\/v2\/media\/16130"}],"wp:attachment":[{"href":"https:\/\/www.justicepaix.be\/en\/wp-json\/wp\/v2\/media?parent=16131"}],"wp:term":[{"taxonomy":"category","embeddable":true,"href":"https:\/\/www.justicepaix.be\/en\/wp-json\/wp\/v2\/categories?post=16131"},{"taxonomy":"post_tag","embeddable":true,"href":"https:\/\/www.justicepaix.be\/en\/wp-json\/wp\/v2\/tags?post=16131"}],"curies":[{"name":"wp","href":"https:\/\/api.w.org\/{rel}","templated":true}]}}