{"id":16105,"date":"2019-03-06T10:29:29","date_gmt":"2019-03-06T10:29:29","guid":{"rendered":"https:\/\/demop.netbaz.be\/2021\/jp\/2019\/03\/06\/apero-politique-liege-elections-2019\/"},"modified":"2021-04-14T12:01:25","modified_gmt":"2021-04-14T12:01:25","slug":"apero-politique-liege-elections-2019","status":"publish","type":"post","link":"https:\/\/www.justicepaix.be\/en\/apero-politique-liege-elections-2019\/","title":{"rendered":"Political Ap\u00e9ro LIEGE \u2013 Elections 2019"},"content":{"rendered":"<p class=\"post_excerpt\">On Sunday May 26, 2019, we will vote for the regional, federal and European elections. For several months, demonstrations have followed one another to defend fundamental rights and international solidarity with an unprecedented scale and increasingly shared demands. Will they feature on the political agenda of the next legislature? With what ambitions and what means?<\/p>\n<p><!--more--><br \/>\nThe CNCD-11.11.11 and its partners invite you to question the leading candidates on the issues of international solidarity.<br \/>\n6 candidates will go through 6 thematic tables to answer your concerns.<\/p>\n<p>At the political aperitif, you can:<\/p>\n<p>\u2013 Discover the work carried out at the \u201c11\u2019s prepare to debate\u201d preparatory workshop<br \/>\n\u2013 Challenge your candidates around 6 thematic round tables<br \/>\n\u2013 Present your demands and discover those of the CNCD-11.11.11 and partner organizations<br \/>\n\u2013 Debate for 20 minutes with each candidate<br \/>\n\u2013 Discover the priorities and international solidarity commitments of each candidate.<\/p>\n<p><strong>You can choose your theme<\/strong> :<\/p>\n<p>&gt; FOR TAX JUSTICE<br \/>\n&gt; FOR CLIMATE JUSTICE<br \/>\n&gt; FOR FAIR AND SUSTAINABLE TRADE<br \/>\n&gt; FOR FOOD SOVEREIGNTY<br \/>\n&gt; FOR MIGRATION JUSTICE<br \/>\n&gt; FOR THE EQUALITY OF WOMEN AND MEN<br \/>\n    PROGRAM<\/p>\n<p><strong>Date<\/strong><br \/>\nMardi 26 mars 2019<br \/>\n<strong>Place<\/strong><br \/>\nPAC Li\u00e8ge<br \/>\nRue du Petit Ch\u00eane 95, 4000 Li\u00e8ge, Belgium<br \/>\n<strong>Responsible<\/strong><br \/>\nLaura Lentini<br \/>\nLaura.Lentini@cncd.be<br \/>\n042 90 57 00<br \/>\n<strong>Free admission <\/strong><br \/>\n<\/bloc><\/p>\n<p><bloc> Registration <\/p>\n<p><a href=\"https:\/\/www.cncd.be\/11-s-prepare-a-debattre-la-1767?fbclid=IwAR0uC1LkuV6KaYI70RYHfIKRnD9ggwfuztCu8FsBNqhFx-Boq0_zfGnNac8\">On the CNCD website<\/a><br \/>\n<\/bloc><br \/>\n<div id='gallery-1' class='gallery galleryid-16105 gallery-columns-3 gallery-size-thumbnail'><figure class='gallery-item'>\n\t\t\t<div class='gallery-icon landscape'>\n\t\t\t\t<a href='https:\/\/www.justicepaix.be\/wp-content\/uploads\/2019\/03\/jpg_evenementon1774-2.jpg'><img decoding=\"async\" width=\"150\" height=\"150\" src=\"https:\/\/www.justicepaix.be\/wp-content\/uploads\/2019\/03\/jpg_evenementon1774-2-150x150.jpg\" class=\"attachment-thumbnail size-thumbnail\" alt=\"evenementon1774-2.jpg\" \/><\/a>\n\t\t\t<\/div><\/figure>\n\t\t<\/div>\n<\/p>","protected":false},"excerpt":{"rendered":"<p>Le dimanche 26 mai 2019, nous voterons pour les \u00e9lections r\u00e9gionales, f\u00e9d\u00e9rales et europ\u00e9ennes. Depuis plusieurs mois, les manifestations se succ\u00e8dent pour d\u00e9fendre les droits fondamentaux et la solidarit\u00e9 internationale avec une ampleur in\u00e9dite et des revendications de plus en plus partag\u00e9es. Figureront-elles \u00e0 l\u2019agenda politique de la prochaine l\u00e9gislature ? Avec quelles ambitions et [&hellip;]<\/p>\n","protected":false},"author":62,"featured_media":16106,"comment_status":"closed","ping_status":"open","sticky":false,"template":"","format":"standard","meta":{"_acf_changed":false,"_seopress_robots_primary_cat":"","_seopress_titles_title":"","_seopress_titles_desc":"","_seopress_robots_index":"","footnotes":""},"categories":[2696],"tags":[],"class_list":["post-16105","post","type-post","status-publish","format-standard","has-post-thumbnail","hentry","category-actualites"],"acf":[],"_links":{"self":[{"href":"https:\/\/www.justicepaix.be\/en\/wp-json\/wp\/v2\/posts\/16105","targetHints":{"allow":["GET"]}}],"collection":[{"href":"https:\/\/www.justicepaix.be\/en\/wp-json\/wp\/v2\/posts"}],"about":[{"href":"https:\/\/www.justicepaix.be\/en\/wp-json\/wp\/v2\/types\/post"}],"author":[{"embeddable":true,"href":"https:\/\/www.justicepaix.be\/en\/wp-json\/wp\/v2\/users\/62"}],"replies":[{"embeddable":true,"href":"https:\/\/www.justicepaix.be\/en\/wp-json\/wp\/v2\/comments?post=16105"}],"version-history":[{"count":0,"href":"https:\/\/www.justicepaix.be\/en\/wp-json\/wp\/v2\/posts\/16105\/revisions"}],"wp:featuredmedia":[{"embeddable":true,"href":"https:\/\/www.justicepaix.be\/en\/wp-json\/wp\/v2\/media\/16106"}],"wp:attachment":[{"href":"https:\/\/www.justicepaix.be\/en\/wp-json\/wp\/v2\/media?parent=16105"}],"wp:term":[{"taxonomy":"category","embeddable":true,"href":"https:\/\/www.justicepaix.be\/en\/wp-json\/wp\/v2\/categories?post=16105"},{"taxonomy":"post_tag","embeddable":true,"href":"https:\/\/www.justicepaix.be\/en\/wp-json\/wp\/v2\/tags?post=16105"}],"curies":[{"name":"wp","href":"https:\/\/api.w.org\/{rel}","templated":true}]}}