{"id":16054,"date":"2019-02-27T14:20:10","date_gmt":"2019-02-27T14:20:10","guid":{"rendered":"https:\/\/demop.netbaz.be\/2021\/jp\/2019\/02\/27\/droits-humains-de-la-declaration-a-l-action\/"},"modified":"2019-02-27T14:20:10","modified_gmt":"2019-02-27T14:20:10","slug":"droits-humains-de-la-declaration-a-l-action","status":"publish","type":"post","link":"https:\/\/www.justicepaix.be\/en\/droits-humains-de-la-declaration-a-l-action\/","title":{"rendered":"Human rights: from Declaration to Action"},"content":{"rendered":"<p>\u00c9DITO<\/p>\n<p>L\u2019ACTUALIT\u00c9 : REGARDS ET POSITIONS<br \/>\nLe Prix Nobel de la Paix,\u00a0\u00bbune arme\u00a0\u00bb \u00e0 disposition des femmes <\/p>\n<p><strong>DOSSIER<\/strong><br \/>\nLA D\u00c9CLARATION UNIVERSELLE<br \/>\nDES DROITS DE L\u2019HOMME\u2026 ET APR\u00c8S ?<br \/>\n<em>Introduction <\/em> <\/p>\n<p><em>First thought<\/em><br \/>\nLa D\u00e9claration Universelle des Droits de l\u2019Homme face au d\u00e9fi de l\u2019universalisme <\/p>\n<p><em>Seconde r\u00e9flexion<\/em><br \/>\nThe exercise of human rights in Central Africa: challenges and opportunities <\/p>\n<p><em>Third thought<\/em><br \/>\nA plea for justice and peace: 50 years of global citizenship <\/p>\n<p>PORTRAIT \/ POINT DE VUE<br \/>\nSoci\u00e9t\u00e9 trop individualiste et comp\u00e9titive, et s&rsquo;il y avait \u00ab\u00a0Tout autre chose\u00a0\u00bb ? <\/p>\n<p>BR\u00c8VES<\/p>\n<p><iframe src=\"https:\/\/e.issuu.com\/anonymous-embed.html?u=justicepaix&#038;d=2018_justice_et_paix_revue_pppx_105\" style=\"border:none;width:100%;height:500px;\" allowfullscreen><\/iframe><\/p>","protected":false},"excerpt":{"rendered":"<p>\u00c9DITO L\u2019ACTUALIT\u00c9 : REGARDS ET POSITIONS Le Prix Nobel de la Paix,\u00a0\u00bbune arme\u00a0\u00bb \u00e0 disposition des femmes DOSSIER LA D\u00c9CLARATION UNIVERSELLE DES DROITS DE L\u2019HOMME\u2026 ET APR\u00c8S ? Introduction Premi\u00e8re r\u00e9flexion La D\u00e9claration Universelle des Droits de l\u2019Homme face au d\u00e9fi de l\u2019universalisme Seconde r\u00e9flexion L\u2019exercice des droits de l\u2019Homme en Afrique centrale : d\u00e9fis [&hellip;]<\/p>\n","protected":false},"author":62,"featured_media":0,"comment_status":"closed","ping_status":"open","sticky":false,"template":"","format":"standard","meta":{"_acf_changed":false,"_seopress_robots_primary_cat":"","_seopress_titles_title":"","_seopress_titles_desc":"","_seopress_robots_index":"","footnotes":""},"categories":[2726],"tags":[],"class_list":["post-16054","post","type-post","status-publish","format-standard","hentry","category-les-numeros"],"acf":[],"_links":{"self":[{"href":"https:\/\/www.justicepaix.be\/en\/wp-json\/wp\/v2\/posts\/16054","targetHints":{"allow":["GET"]}}],"collection":[{"href":"https:\/\/www.justicepaix.be\/en\/wp-json\/wp\/v2\/posts"}],"about":[{"href":"https:\/\/www.justicepaix.be\/en\/wp-json\/wp\/v2\/types\/post"}],"author":[{"embeddable":true,"href":"https:\/\/www.justicepaix.be\/en\/wp-json\/wp\/v2\/users\/62"}],"replies":[{"embeddable":true,"href":"https:\/\/www.justicepaix.be\/en\/wp-json\/wp\/v2\/comments?post=16054"}],"version-history":[{"count":0,"href":"https:\/\/www.justicepaix.be\/en\/wp-json\/wp\/v2\/posts\/16054\/revisions"}],"wp:attachment":[{"href":"https:\/\/www.justicepaix.be\/en\/wp-json\/wp\/v2\/media?parent=16054"}],"wp:term":[{"taxonomy":"category","embeddable":true,"href":"https:\/\/www.justicepaix.be\/en\/wp-json\/wp\/v2\/categories?post=16054"},{"taxonomy":"post_tag","embeddable":true,"href":"https:\/\/www.justicepaix.be\/en\/wp-json\/wp\/v2\/tags?post=16054"}],"curies":[{"name":"wp","href":"https:\/\/api.w.org\/{rel}","templated":true}]}}