{"id":16045,"date":"2019-02-27T11:48:10","date_gmt":"2019-02-27T11:48:10","guid":{"rendered":"https:\/\/demop.netbaz.be\/2021\/jp\/2019\/02\/27\/politiques-migratoires-les-citoyens-interpellent-leurs-futurs-representants\/"},"modified":"2021-07-06T14:38:20","modified_gmt":"2021-07-06T12:38:20","slug":"politiques-migratoires-les-citoyens-interpellent-leurs-futurs-representants","status":"publish","type":"post","link":"https:\/\/www.justicepaix.be\/en\/politiques-migratoires-les-citoyens-interpellent-leurs-futurs-representants\/","title":{"rendered":"Migration policies: citizens question their future political representatives"},"content":{"rendered":"<p class=\"post_excerpt\">Quelques mois avant les \u00e9lections, les associations Justice et Paix et Magma donnent la possibilit\u00e9 aux citoyens d\u2019interpeller directement leurs futurs \u00e9lus sur leur projet li\u00e9 aux migrations.\n<\/p>\n\n\n\n<p><br>\nDepuis plusieurs ann\u00e9es, les migrations et leur r\u00e9ponse politique, aussi bien au niveau belge qu\u2019europ\u00e9en, sont au c\u0153ur de nombreux d\u00e9bats. Les discours x\u00e9nophobes se r\u00e9pandent, encourageant les id\u00e9es re\u00e7ues et les pr\u00e9jug\u00e9s envers les migrants. <\/p>\n\n\n\n<!--more-->\n\n\n\n<p>Afin de permettre aux citoyens de mieux comprendre le ph\u00e9nom\u00e8ne migratoire dans sa globalit\u00e9 et sa complexit\u00e9, Justice et Paix et Magma ont organis\u00e9 fin novembre un \u00ab Forum citoyen \u00bb. Plus de 70 participants se sont ainsi r\u00e9unis pour d\u00e9battre, identifier les actions citoyennes et \u00e9laborer des recommandations politiques \u00e0 mettre en \u0153uvre pour faire de la Belgique un pays respectueux des migrants et de leurs droits.<\/p>\n\n\n\n<p>Cette soir\u00e9e-d\u00e9bat s\u2019inscrit dans la continuit\u00e9 de cette d\u00e9marche. Elle a, une nouvelle fois, pour ambition de donner la parole aux citoyens int\u00e9ress\u00e9s par cette th\u00e9matique et soucieux de mieux conna\u00eetre le programme des principaux partis politiques francophones. In fine, cet \u00e9v\u00e9nement grand public doit permettre aux citoyens de faire un choix plus \u00e9clair\u00e9 lorsqu\u2019ils seront appel\u00e9s \u00e0 s\u2019exprimer dans les urnes et ainsi, entre autres, mieux choisir les politiques migratoires qui marqueront les cinq prochaines ann\u00e9es. <\/p>\n\n\n\n<p>Repr\u00e9sentants politiques confirm\u00e9s pour la soir\u00e9e-d\u00e9bat :<br>\n\u2022\tMR : Georges-Louis Bouchez<br>\n\u2022\tEcolo : Zo\u00e9 Genot<br>\n\u2022\tD\u00e9fi : Fran\u00e7ois De Smet<br>\n\u2022\tPTB : Max Van Cauwenberghe<br>\n\u2022\tCDH : Antoine de Borman<br>\n\u2022\tPS : \u00e0 confirmer<\/p>\n\n\n\n<p>Quand ? Jeudi 21 f\u00e9vrier de 18h30-20h30.<br>\nO\u00f9 ? Salle Le Cercle, rue Doyen Boone, 6 \u00e0 1040 Etterbeek.<br>\n<\/p>\n\n\n\n<figure class=\"wp-block-gallery columns-3 is-cropped wp-block-gallery-1 is-layout-flex wp-block-gallery-is-layout-flex\"><ul class=\"blocks-gallery-grid\"><li class=\"blocks-gallery-item\"><figure><a href=\"https:\/\/www.justicepaix.be\/wp-content\/uploads\/2019\/02\/jpg_coverfb2-scaled.jpg\"><img fetchpriority=\"high\" decoding=\"async\" width=\"2560\" height=\"1384\" src=\"https:\/\/www.justicepaix.be\/wp-content\/uploads\/2019\/02\/jpg_coverfb2-scaled.jpg\" alt=\"coverfb2.jpg\" data-id=\"16047\" class=\"wp-image-16047\" srcset=\"https:\/\/www.justicepaix.be\/wp-content\/uploads\/2019\/02\/jpg_coverfb2-scaled.jpg 2560w, https:\/\/www.justicepaix.be\/wp-content\/uploads\/2019\/02\/jpg_coverfb2-300x162.jpg 300w, https:\/\/www.justicepaix.be\/wp-content\/uploads\/2019\/02\/jpg_coverfb2-1024x554.jpg 1024w, https:\/\/www.justicepaix.be\/wp-content\/uploads\/2019\/02\/jpg_coverfb2-768x415.jpg 768w, https:\/\/www.justicepaix.be\/wp-content\/uploads\/2019\/02\/jpg_coverfb2-1536x830.jpg 1536w, https:\/\/www.justicepaix.be\/wp-content\/uploads\/2019\/02\/jpg_coverfb2-2048x1107.jpg 2048w\" sizes=\"(max-width: 2560px) 100vw, 2560px\" \/><\/a><\/figure><\/li><li class=\"blocks-gallery-item\"><figure><a href=\"https:\/\/www.justicepaix.be\/wp-content\/uploads\/2019\/02\/jpg_coverfb25-scaled.jpg\"><img decoding=\"async\" width=\"2560\" height=\"1384\" src=\"https:\/\/www.justicepaix.be\/wp-content\/uploads\/2019\/02\/jpg_coverfb25-scaled.jpg\" alt=\"coverfb25.jpg\" data-id=\"16048\" class=\"wp-image-16048\" srcset=\"https:\/\/www.justicepaix.be\/wp-content\/uploads\/2019\/02\/jpg_coverfb25-scaled.jpg 2560w, https:\/\/www.justicepaix.be\/wp-content\/uploads\/2019\/02\/jpg_coverfb25-300x162.jpg 300w, https:\/\/www.justicepaix.be\/wp-content\/uploads\/2019\/02\/jpg_coverfb25-1024x554.jpg 1024w, https:\/\/www.justicepaix.be\/wp-content\/uploads\/2019\/02\/jpg_coverfb25-768x415.jpg 768w, https:\/\/www.justicepaix.be\/wp-content\/uploads\/2019\/02\/jpg_coverfb25-1536x830.jpg 1536w, https:\/\/www.justicepaix.be\/wp-content\/uploads\/2019\/02\/jpg_coverfb25-2048x1107.jpg 2048w\" sizes=\"(max-width: 2560px) 100vw, 2560px\" \/><\/a><\/figure><\/li><\/ul><\/figure>\n\n\n\n<h2 class=\"wp-block-heading\">Attachments<\/h2>\n\n\n\n<div class=\"wp-block-file\"><a href=\"http:\/\/demop.netbaz.be\/2021\/jp\/wp-content\/uploads\/2019\/02\/pdf_2019-02-21__soiree_debat_migration_solidaire.pdf\">2019-02-21__soiree_debat_migration_solidaire.pdf<\/a><\/div>","protected":false},"excerpt":{"rendered":"<p>Quelques mois avant les \u00e9lections, les associations Justice et Paix et Magma donnent la possibilit\u00e9 aux citoyens d\u2019interpeller directement leurs futurs \u00e9lus sur leur projet li\u00e9 aux migrations. Depuis plusieurs ann\u00e9es, les migrations et leur r\u00e9ponse politique, aussi bien au niveau belge qu\u2019europ\u00e9en, sont au c\u0153ur de nombreux d\u00e9bats. Les discours x\u00e9nophobes se r\u00e9pandent, encourageant [&hellip;]<\/p>\n","protected":false},"author":62,"featured_media":16047,"comment_status":"closed","ping_status":"open","sticky":false,"template":"","format":"standard","meta":{"_acf_changed":false,"_seopress_robots_primary_cat":"","_seopress_titles_title":"","_seopress_titles_desc":"","_seopress_robots_index":"","footnotes":""},"categories":[2720],"tags":[2857],"class_list":["post-16045","post","type-post","status-publish","format-standard","has-post-thumbnail","hentry","category-communiques-de-presse","tag-communique-de-presse"],"acf":[],"_links":{"self":[{"href":"https:\/\/www.justicepaix.be\/en\/wp-json\/wp\/v2\/posts\/16045","targetHints":{"allow":["GET"]}}],"collection":[{"href":"https:\/\/www.justicepaix.be\/en\/wp-json\/wp\/v2\/posts"}],"about":[{"href":"https:\/\/www.justicepaix.be\/en\/wp-json\/wp\/v2\/types\/post"}],"author":[{"embeddable":true,"href":"https:\/\/www.justicepaix.be\/en\/wp-json\/wp\/v2\/users\/62"}],"replies":[{"embeddable":true,"href":"https:\/\/www.justicepaix.be\/en\/wp-json\/wp\/v2\/comments?post=16045"}],"version-history":[{"count":0,"href":"https:\/\/www.justicepaix.be\/en\/wp-json\/wp\/v2\/posts\/16045\/revisions"}],"wp:featuredmedia":[{"embeddable":true,"href":"https:\/\/www.justicepaix.be\/en\/wp-json\/wp\/v2\/media\/16047"}],"wp:attachment":[{"href":"https:\/\/www.justicepaix.be\/en\/wp-json\/wp\/v2\/media?parent=16045"}],"wp:term":[{"taxonomy":"category","embeddable":true,"href":"https:\/\/www.justicepaix.be\/en\/wp-json\/wp\/v2\/categories?post=16045"},{"taxonomy":"post_tag","embeddable":true,"href":"https:\/\/www.justicepaix.be\/en\/wp-json\/wp\/v2\/tags?post=16045"}],"curies":[{"name":"wp","href":"https:\/\/api.w.org\/{rel}","templated":true}]}}