{"id":15980,"date":"2019-01-09T17:18:09","date_gmt":"2019-01-09T17:18:09","guid":{"rendered":"https:\/\/demop.netbaz.be\/2021\/jp\/2019\/01\/09\/formation-comprendre-les-conflits-internationaux-1574\/"},"modified":"2021-04-14T11:58:51","modified_gmt":"2021-04-14T11:58:51","slug":"formation-comprendre-les-conflits-internationaux-1574","status":"publish","type":"post","link":"https:\/\/www.justicepaix.be\/en\/formation-comprendre-les-conflits-internationaux-1574\/","title":{"rendered":"Training \u2013 Understanding international conflicts"},"content":{"rendered":"<p class=\"post_excerpt\">International conflicts are complex and, in the current flood of information, it is sometimes difficult to carry out an \u201cobjective\u201d analysis. However, it is important to be interested in them as a citizen, particularly because they have repercussions at different levels of our societies. This training aims to provide reading keys to decipher conflicts and compare different points of view regarding them.<\/p>\n<p><!--more--><br \/>\n<img fetchpriority=\"high\" decoding=\"async\" class=\"aligncenter size-full wp-image-15979\" src=\"http:\/\/demop.netbaz.be\/2021\/jp\/wp-content\/uploads\/2019\/01\/jpg_odd3-scaled.jpg\" alt=\"odd3.jpg\" align=\"center\" width=\"2560\" height=\"1534\" srcset=\"https:\/\/www.justicepaix.be\/wp-content\/uploads\/2019\/01\/jpg_odd3-scaled.jpg 2560w, https:\/\/www.justicepaix.be\/wp-content\/uploads\/2019\/01\/jpg_odd3-300x180.jpg 300w, https:\/\/www.justicepaix.be\/wp-content\/uploads\/2019\/01\/jpg_odd3-1024x614.jpg 1024w, https:\/\/www.justicepaix.be\/wp-content\/uploads\/2019\/01\/jpg_odd3-768x460.jpg 768w, https:\/\/www.justicepaix.be\/wp-content\/uploads\/2019\/01\/jpg_odd3-1536x920.jpg 1536w, https:\/\/www.justicepaix.be\/wp-content\/uploads\/2019\/01\/jpg_odd3-2048x1227.jpg 2048w\" sizes=\"(max-width: 2560px) 100vw, 2560px\" \/><\/p>\n<p>The training addresses the issue of conflicts based on geopolitical concepts which are illuminated by concrete applications, thus allowing better appropriation. Then, it offers conflict analysis tools and approaches and invites participants to concretely apply these theoretical tools and concepts through the analysis of a specific conflict. <\/p>\n<p>Alternant expos\u00e9s et ateliers participatifs, cette formation se veut interactive pour permettre des \u00e9changes entre les participants et construire ainsi une r\u00e9flexion collective sur les diff\u00e9rentes mani\u00e8res d\u2019aborder un conflit internationa.<\/p>\n<p><bloc>For who ?<\/p>\n<p>Citoyens, enseignants du secondaire sup\u00e9rieur, intervenants sociaux, acteurs pastoraux ou secteur associatif .<\/p>\n<p><\/bloc><\/p>\n<p><bloc>Useful information<\/p>\n<p><strong>Date :<\/strong><br \/>\nVendredi 22 f\u00e9vrier 2019, 9h \u2013 16h<br \/>\n<strong>Place :<\/strong> Justice and Peace Commission \u2013 Chauss\u00e9e Saint-Pierre, 208 \u2013 1040 Brussels.<br \/>\n<strong>Price : <\/strong> \u20ac12 (information on payment terms at the time of registration).<br \/>\n<strong>Contact :<\/strong> valery.witsel@justicepaix.be<br \/>\n<\/bloc><\/p>\n<p><bloc>Registrations<\/p>\n<p><iframe src=\"https:\/\/crm-cjp.be\/spip.php?page=inscription_public&#038;id_operation=159\" width=\"100%\" height=\"1950\"><\/iframe><\/p>\n<p><\/bloc><br \/>\n<div id='gallery-1' class='gallery galleryid-15980 gallery-columns-3 gallery-size-thumbnail'><figure class='gallery-item'>\n\t\t\t<div class='gallery-icon landscape'>\n\t\t\t\t<a href='https:\/\/www.justicepaix.be\/wp-content\/uploads\/2018\/05\/jpg_odd3-scaled.jpg'><img decoding=\"async\" width=\"150\" height=\"150\" src=\"https:\/\/www.justicepaix.be\/wp-content\/uploads\/2018\/05\/jpg_odd3-150x150.jpg\" class=\"attachment-thumbnail size-thumbnail\" alt=\"odd3.jpg\" \/><\/a>\n\t\t\t<\/div><\/figure><figure class='gallery-item'>\n\t\t\t<div class='gallery-icon landscape'>\n\t\t\t\t<a href='https:\/\/www.justicepaix.be\/wp-content\/uploads\/2019\/01\/jpg_ball-shaped-black-background-close-up-335394-scaled.jpg'><img decoding=\"async\" width=\"150\" height=\"150\" src=\"https:\/\/www.justicepaix.be\/wp-content\/uploads\/2019\/01\/jpg_ball-shaped-black-background-close-up-335394-150x150.jpg\" class=\"attachment-thumbnail size-thumbnail\" alt=\"ball-shaped-black-background-close-up-335394.jpg\" \/><\/a>\n\t\t\t<\/div><\/figure>\n\t\t<\/div>\n<\/p>","protected":false},"excerpt":{"rendered":"<p>Les conflits internationaux sont complexes et, dans le flot d\u2019informations actuel, il est parfois difficile d\u2019en mener une analyse \u00ab objective \u00bb. Il est pourtant important de s\u2019y int\u00e9resser en tant que citoyen, notamment car ils ont des r\u00e9percussions \u00e0 diff\u00e9rents niveaux de nos soci\u00e9t\u00e9s. Cette formation vise \u00e0 transmettre des cl\u00e9s de lecture pour [&hellip;]<\/p>\n","protected":false},"author":62,"featured_media":15979,"comment_status":"closed","ping_status":"open","sticky":false,"template":"","format":"standard","meta":{"_acf_changed":false,"_seopress_robots_primary_cat":"","_seopress_titles_title":"","_seopress_titles_desc":"","_seopress_robots_index":"","footnotes":""},"categories":[2696],"tags":[],"class_list":["post-15980","post","type-post","status-publish","format-standard","has-post-thumbnail","hentry","category-actualites"],"acf":[],"_links":{"self":[{"href":"https:\/\/www.justicepaix.be\/en\/wp-json\/wp\/v2\/posts\/15980","targetHints":{"allow":["GET"]}}],"collection":[{"href":"https:\/\/www.justicepaix.be\/en\/wp-json\/wp\/v2\/posts"}],"about":[{"href":"https:\/\/www.justicepaix.be\/en\/wp-json\/wp\/v2\/types\/post"}],"author":[{"embeddable":true,"href":"https:\/\/www.justicepaix.be\/en\/wp-json\/wp\/v2\/users\/62"}],"replies":[{"embeddable":true,"href":"https:\/\/www.justicepaix.be\/en\/wp-json\/wp\/v2\/comments?post=15980"}],"version-history":[{"count":0,"href":"https:\/\/www.justicepaix.be\/en\/wp-json\/wp\/v2\/posts\/15980\/revisions"}],"wp:featuredmedia":[{"embeddable":true,"href":"https:\/\/www.justicepaix.be\/en\/wp-json\/wp\/v2\/media\/15979"}],"wp:attachment":[{"href":"https:\/\/www.justicepaix.be\/en\/wp-json\/wp\/v2\/media?parent=15980"}],"wp:term":[{"taxonomy":"category","embeddable":true,"href":"https:\/\/www.justicepaix.be\/en\/wp-json\/wp\/v2\/categories?post=15980"},{"taxonomy":"post_tag","embeddable":true,"href":"https:\/\/www.justicepaix.be\/en\/wp-json\/wp\/v2\/tags?post=15980"}],"curies":[{"name":"wp","href":"https:\/\/api.w.org\/{rel}","templated":true}]}}