{"id":15840,"date":"2018-11-14T17:35:42","date_gmt":"2018-11-14T17:35:42","guid":{"rendered":"https:\/\/demop.netbaz.be\/2021\/jp\/2018\/11\/14\/les-diamants-au-centre-des-discussions\/"},"modified":"2021-04-14T11:57:18","modified_gmt":"2021-04-14T11:57:18","slug":"les-diamants-au-centre-des-discussions","status":"publish","type":"post","link":"https:\/\/www.justicepaix.be\/en\/les-diamants-au-centre-des-discussions\/","title":{"rendered":"Diamonds at the center of discussions"},"content":{"rendered":"<p class=\"post_excerpt\">La capitale de l&rsquo;Europe accueille jusqu&rsquo;\u00e0 vendredi prochain la r\u00e9union pl\u00e9ni\u00e8re du processus de Kimberley. Cette initiative internationale visant \u00e0 endiguer le commerce des \u00ab\u00a0diamants de la guerre\u00a0\u00bb cherche un second souffle pour s&rsquo;adapter aux nouvelles r\u00e9alit\u00e9s.   <\/p>\n\n\n<!--more-->\n<img decoding=\"async\" class=\"aligncenter size-full wp-image-15838\" src=\"http:\/\/demop.netbaz.be\/2021\/jp\/wp-content\/uploads\/2018\/11\/png_image_article_metro.png\" alt=\"image_article_metro.png\" align=\"center\" width=\"217\" height=\"169\" \/>\n\n<a href=\"http:\/\/demop.netbaz.be\/2021\/jp\/wp-content\/uploads\/2018\/11\/pdf_2018-11-12_metro_-_les_diamants_au_centre_des_discussions_.pdf\">Read the article in metro<\/a><div id='gallery-1' class='gallery galleryid-15840 gallery-columns-3 gallery-size-thumbnail'><figure class='gallery-item'>\n\t\t\t<div class='gallery-icon landscape'>\n\t\t\t\t<a href='https:\/\/www.justicepaix.be\/wp-content\/uploads\/2018\/11\/png_image_article_metro.png'><img decoding=\"async\" width=\"150\" height=\"150\" src=\"https:\/\/www.justicepaix.be\/wp-content\/uploads\/2018\/11\/png_image_article_metro-150x150.png\" class=\"attachment-thumbnail size-thumbnail\" alt=\"image_article_metro.png\" \/><\/a>\n\t\t\t<\/div><\/figure><figure class='gallery-item'>\n\t\t\t<div class='gallery-icon landscape'>\n\t\t\t\t<a href='https:\/\/www.justicepaix.be\/wp-content\/uploads\/2018\/11\/png_image_article_metro-2.png'><img decoding=\"async\" width=\"150\" height=\"150\" src=\"https:\/\/www.justicepaix.be\/wp-content\/uploads\/2018\/11\/png_image_article_metro-2-150x150.png\" class=\"attachment-thumbnail size-thumbnail\" alt=\"image_article_metro-2.png\" \/><\/a>\n\t\t\t<\/div><\/figure>\n\t\t<\/div>\n\n<h2 class=\"wp-block-heading\">Attachments<\/h2>\n\n\n\n<div class=\"wp-block-file\"><a href=\"http:\/\/demop.netbaz.be\/2021\/jp\/wp-content\/uploads\/2018\/11\/pdf_2018-11-12_metro_-_les_diamants_au_centre_des_discussions_.pdf\">2018-11-12_metro_-_les_diamants_au_centre_des_discussions_.pdf<\/a><\/div>","protected":false},"excerpt":{"rendered":"<p>La capitale de l&rsquo;Europe accueille jusqu&rsquo;\u00e0 vendredi prochain la r\u00e9union pl\u00e9ni\u00e8re du processus de Kimberley. Cette initiative internationale visant \u00e0 endiguer le commerce des \u00ab\u00a0diamants de la guerre\u00a0\u00bb cherche un second souffle pour s&rsquo;adapter aux nouvelles r\u00e9alit\u00e9s.<\/p>","protected":false},"author":62,"featured_media":15838,"comment_status":"closed","ping_status":"open","sticky":false,"template":"","format":"standard","meta":{"_acf_changed":false,"_seopress_robots_primary_cat":"","_seopress_titles_title":"","_seopress_titles_desc":"","_seopress_robots_index":"","footnotes":""},"categories":[2686],"tags":[],"class_list":["post-15840","post","type-post","status-publish","format-standard","has-post-thumbnail","hentry","category-pre-2015"],"acf":[],"_links":{"self":[{"href":"https:\/\/www.justicepaix.be\/en\/wp-json\/wp\/v2\/posts\/15840","targetHints":{"allow":["GET"]}}],"collection":[{"href":"https:\/\/www.justicepaix.be\/en\/wp-json\/wp\/v2\/posts"}],"about":[{"href":"https:\/\/www.justicepaix.be\/en\/wp-json\/wp\/v2\/types\/post"}],"author":[{"embeddable":true,"href":"https:\/\/www.justicepaix.be\/en\/wp-json\/wp\/v2\/users\/62"}],"replies":[{"embeddable":true,"href":"https:\/\/www.justicepaix.be\/en\/wp-json\/wp\/v2\/comments?post=15840"}],"version-history":[{"count":0,"href":"https:\/\/www.justicepaix.be\/en\/wp-json\/wp\/v2\/posts\/15840\/revisions"}],"wp:featuredmedia":[{"embeddable":true,"href":"https:\/\/www.justicepaix.be\/en\/wp-json\/wp\/v2\/media\/15838"}],"wp:attachment":[{"href":"https:\/\/www.justicepaix.be\/en\/wp-json\/wp\/v2\/media?parent=15840"}],"wp:term":[{"taxonomy":"category","embeddable":true,"href":"https:\/\/www.justicepaix.be\/en\/wp-json\/wp\/v2\/categories?post=15840"},{"taxonomy":"post_tag","embeddable":true,"href":"https:\/\/www.justicepaix.be\/en\/wp-json\/wp\/v2\/tags?post=15840"}],"curies":[{"name":"wp","href":"https:\/\/api.w.org\/{rel}","templated":true}]}}