{"id":15835,"date":"2018-11-14T17:14:53","date_gmt":"2018-11-14T17:14:53","guid":{"rendered":"https:\/\/demop.netbaz.be\/2021\/jp\/2018\/11\/14\/combat-de-pauvres\/"},"modified":"2021-04-14T11:57:18","modified_gmt":"2021-04-14T11:57:18","slug":"fight-of-the-poor","status":"publish","type":"post","link":"https:\/\/www.justicepaix.be\/en\/combat-de-pauvres\/","title":{"rendered":"Theater-Documentary: Fight of the poor"},"content":{"rendered":"<p class=\"post_excerpt\">After exploring the decline of family farming in \u201cFeeding Humanity is a Job\u201d, the Art&amp;T\u00e7a Company confronts us with precariousness and poverty organized in the name of competitiveness. An invisible mass of poor people is forming in Europe, this scourge affects more and more numerous sections of the population: students, small traders, pensioners, single-parent families... The policy of the Active Social State is dismantling our system of social protection, makes people in difficulty feel guilty and transforms them into social parasites. Through the testimonies of experts, social workers and victims of this impoverishment, this creation will analyze with humor and passion the impact of political, social and economic choices, and asks the question of the world that we wish to build together.<\/p>\n<p><!--more--><br \/>\n<img fetchpriority=\"high\" decoding=\"async\" class=\"aligncenter size-full wp-image-15834\" src=\"http:\/\/demop.netbaz.be\/2021\/jp\/wp-content\/uploads\/2018\/11\/jpg_affiche_cdp_tournee_jette_2.jpg\" alt=\"poster_cdp_tournee_jette_2.jpg\" align=\"center\" width=\"9450\" height=\"13500\" \/><div id='gallery-1' class='gallery galleryid-15835 gallery-columns-3 gallery-size-thumbnail'><figure class='gallery-item'>\n\t\t\t<div class='gallery-icon portrait'>\n\t\t\t\t<a href='https:\/\/www.justicepaix.be\/wp-content\/uploads\/2018\/11\/jpg_affiche_cdp_tournee_jette_2.jpg'><img decoding=\"async\" width=\"105\" height=\"150\" src=\"https:\/\/www.justicepaix.be\/wp-content\/uploads\/2018\/11\/jpg_affiche_cdp_tournee_jette_2.jpg\" class=\"attachment-thumbnail size-thumbnail\" alt=\"poster_cdp_tournee_jette_2.jpg\" \/><\/a>\n\t\t\t<\/div><\/figure><figure class='gallery-item'>\n\t\t\t<div class='gallery-icon portrait'>\n\t\t\t\t<a href='https:\/\/www.justicepaix.be\/wp-content\/uploads\/2018\/11\/jpg_affiche_cdp_tournee_jette_2-2.jpg'><img decoding=\"async\" width=\"105\" height=\"150\" src=\"https:\/\/www.justicepaix.be\/wp-content\/uploads\/2018\/11\/jpg_affiche_cdp_tournee_jette_2-2.jpg\" class=\"attachment-thumbnail size-thumbnail\" alt=\"poster_cdp_tournee_jette_2-2.jpg\" \/><\/a>\n\t\t\t<\/div><\/figure>\n\t\t<\/div>\n<\/p>","protected":false},"excerpt":{"rendered":"<p>Apr\u00e8s avoir explor\u00e9 le d\u00e9clin de l\u2019agriculture familiale dans \u00ab Nourrir l\u2019Humanit\u00e9 c\u2019est un m\u00e9tier \u00bb, la Compagnie Art&#038;T\u00e7a nous confronte \u00e0 la pr\u00e9carit\u00e9 et \u00e0 la mis\u00e8re organis\u00e9e au nom de la comp\u00e9titivit\u00e9. Une masse invisible de pauvres est en train de se constituer en Europe, ce fl\u00e9au touche des couches de plus en [&hellip;]<\/p>\n","protected":false},"author":62,"featured_media":15834,"comment_status":"closed","ping_status":"open","sticky":false,"template":"","format":"standard","meta":{"_acf_changed":false,"_seopress_robots_primary_cat":"","_seopress_titles_title":"","_seopress_titles_desc":"","_seopress_robots_index":"","footnotes":""},"categories":[2696],"tags":[],"class_list":["post-15835","post","type-post","status-publish","format-standard","has-post-thumbnail","hentry","category-actualites"],"acf":[],"_links":{"self":[{"href":"https:\/\/www.justicepaix.be\/en\/wp-json\/wp\/v2\/posts\/15835","targetHints":{"allow":["GET"]}}],"collection":[{"href":"https:\/\/www.justicepaix.be\/en\/wp-json\/wp\/v2\/posts"}],"about":[{"href":"https:\/\/www.justicepaix.be\/en\/wp-json\/wp\/v2\/types\/post"}],"author":[{"embeddable":true,"href":"https:\/\/www.justicepaix.be\/en\/wp-json\/wp\/v2\/users\/62"}],"replies":[{"embeddable":true,"href":"https:\/\/www.justicepaix.be\/en\/wp-json\/wp\/v2\/comments?post=15835"}],"version-history":[{"count":0,"href":"https:\/\/www.justicepaix.be\/en\/wp-json\/wp\/v2\/posts\/15835\/revisions"}],"wp:featuredmedia":[{"embeddable":true,"href":"https:\/\/www.justicepaix.be\/en\/wp-json\/wp\/v2\/media\/15834"}],"wp:attachment":[{"href":"https:\/\/www.justicepaix.be\/en\/wp-json\/wp\/v2\/media?parent=15835"}],"wp:term":[{"taxonomy":"category","embeddable":true,"href":"https:\/\/www.justicepaix.be\/en\/wp-json\/wp\/v2\/categories?post=15835"},{"taxonomy":"post_tag","embeddable":true,"href":"https:\/\/www.justicepaix.be\/en\/wp-json\/wp\/v2\/tags?post=15835"}],"curies":[{"name":"wp","href":"https:\/\/api.w.org\/{rel}","templated":true}]}}