{"id":15823,"date":"2018-11-07T10:37:31","date_gmt":"2018-11-07T10:37:31","guid":{"rendered":"https:\/\/demop.netbaz.be\/2021\/jp\/2018\/11\/07\/forum-citoyen-pour-une-migration-solidaire\/"},"modified":"2021-04-14T11:57:11","modified_gmt":"2021-04-14T11:57:11","slug":"citizen-forum-for-solidarity-migration","status":"publish","type":"post","link":"https:\/\/www.justicepaix.be\/en\/forum-citoyen-pour-une-migration-solidaire\/","title":{"rendered":"Citizen Forum: For a united migration!"},"content":{"rendered":"<p class=\"post_excerpt\">Justice &amp; Peace, BePax and Magma are pleased to invite you to an afternoon of discussions on the theme of migration on Saturday November 24, 2018, from 12 p.m. to 5 p.m., in Brussels. Through workshops led by volunteers from our associations, experts, witnesses, artists, come understand, debate and identify, with us, the citizen and political actions to be implemented to make Belgium a country respectful of migrants and their rights. You will be able to express in an original way all the messages you wish to send to our political parties in view of the 2019 federal elections.<\/p>\n<p><!--more--><br \/>\n<img fetchpriority=\"high\" decoding=\"async\" class=\"aligncenter size-full wp-image-15822\" src=\"http:\/\/demop.netbaz.be\/2021\/jp\/wp-content\/uploads\/2018\/11\/png_invitation-forum-recto.png\" alt=\"invitation-forum-recto.png\" align=\"center\" width=\"1815\" height=\"680\" srcset=\"https:\/\/www.justicepaix.be\/wp-content\/uploads\/2018\/11\/png_invitation-forum-recto.png 1815w, https:\/\/www.justicepaix.be\/wp-content\/uploads\/2018\/11\/png_invitation-forum-recto-300x112.png 300w, https:\/\/www.justicepaix.be\/wp-content\/uploads\/2018\/11\/png_invitation-forum-recto-1024x384.png 1024w, https:\/\/www.justicepaix.be\/wp-content\/uploads\/2018\/11\/png_invitation-forum-recto-768x288.png 768w, https:\/\/www.justicepaix.be\/wp-content\/uploads\/2018\/11\/png_invitation-forum-recto-1536x575.png 1536w\" sizes=\"(max-width: 1815px) 100vw, 1815px\" \/><\/p>\n<h2>Program \u2013 Saturday November 24, 2018<\/h2>\n<ul>\n<li> <strong>11:45 a.m.<\/strong> Welcome<\/li>\n<li> <strong>12:00 p.m.<\/strong> Friendly lunch<\/li>\n<li> <strong>1:00 p.m.<\/strong> Introduction and context of the afternoon<\/li>\n<li> <strong>1:45 p.m.<\/strong> First series of workshops*<\/li>\n<li> <strong>3:00 p.m.<\/strong> Second series of workshops*<\/li>\n<li> <strong>4:15 p.m.<\/strong> Sharing and producing messages addressed to political parties<\/li>\n<li> <strong>5:00 p.m.<\/strong> See you soon !<\/li>\n<\/ul>\n<p>*Each participant has the opportunity to participate in two workshops.<\/p>\n<p>The themes of the workshops are specified in the registration form, you can specify your preferences there.<\/p>\n<p><strong>Registration required<\/strong> : <a href=\"https:\/\/goo.gl\/forms\/iOk35pfeCgvTHc392\">https:\/\/goo.gl\/forms\/iOk35pfeCgvTHc392<\/a><\/p>\n<p><strong>Place <\/strong> : G\u00e9n\u00e9ration Europe youth hostel<br \/>\nRue de l&#039;\u00c9l\u00e9phant 4 at 1080 Brussels (Comte de Flandre metro)<\/p>\n<p><strong>Contact<\/strong> : <a href=\"\/en\/info@justicepaix.be\/\">info@justicepaix.be<\/a><\/p>\n<p>Because reflection is richer when there are many of us, we encourage you to <strong>come accompanied by a loved one<\/strong> during this afternoon.<\/p>\n<p>Hoping to see many of you there!<\/p>\n<p><em>With the support of Brussels International.<\/em><div id='gallery-1' class='gallery galleryid-15823 gallery-columns-3 gallery-size-thumbnail'><figure class='gallery-item'>\n\t\t\t<div class='gallery-icon landscape'>\n\t\t\t\t<a href='https:\/\/www.justicepaix.be\/wp-content\/uploads\/2018\/11\/png_invitation-forum-recto.png'><img decoding=\"async\" width=\"150\" height=\"150\" src=\"https:\/\/www.justicepaix.be\/wp-content\/uploads\/2018\/11\/png_invitation-forum-recto-150x150.png\" class=\"attachment-thumbnail size-thumbnail\" alt=\"invitation-forum-recto.png\" \/><\/a>\n\t\t\t<\/div><\/figure><figure class='gallery-item'>\n\t\t\t<div class='gallery-icon landscape'>\n\t\t\t\t<a href='https:\/\/www.justicepaix.be\/wp-content\/uploads\/2018\/11\/png_invitation-forum-recto_facebook.png'><img decoding=\"async\" width=\"150\" height=\"150\" src=\"https:\/\/www.justicepaix.be\/wp-content\/uploads\/2018\/11\/png_invitation-forum-recto_facebook-150x150.png\" class=\"attachment-thumbnail size-thumbnail\" alt=\"invitation-forum-recto_facebook.png\" \/><\/a>\n\t\t\t<\/div><\/figure>\n\t\t<\/div>\n<\/p>","protected":false},"excerpt":{"rendered":"<p>Justice &#038; Paix, BePax et Magma ont le plaisir de vous inviter \u00e0 une apr\u00e8s-midi d\u2019\u00e9changes sur le th\u00e8me des migrations le samedi 24 novembre 2018, de 12h \u00e0 17h, \u00e0 Bruxelles. \u00c0 travers des ateliers anim\u00e9s par des volontaires de nos associations, experts, t\u00e9moins, artistes, venez comprendre, d\u00e9battre et identifier, avec nous, les actions [&hellip;]<\/p>\n","protected":false},"author":62,"featured_media":15822,"comment_status":"closed","ping_status":"open","sticky":false,"template":"","format":"standard","meta":{"_acf_changed":false,"_seopress_robots_primary_cat":"","_seopress_titles_title":"","_seopress_titles_desc":"","_seopress_robots_index":"","footnotes":""},"categories":[2696],"tags":[],"class_list":["post-15823","post","type-post","status-publish","format-standard","has-post-thumbnail","hentry","category-actualites"],"acf":[],"_links":{"self":[{"href":"https:\/\/www.justicepaix.be\/en\/wp-json\/wp\/v2\/posts\/15823","targetHints":{"allow":["GET"]}}],"collection":[{"href":"https:\/\/www.justicepaix.be\/en\/wp-json\/wp\/v2\/posts"}],"about":[{"href":"https:\/\/www.justicepaix.be\/en\/wp-json\/wp\/v2\/types\/post"}],"author":[{"embeddable":true,"href":"https:\/\/www.justicepaix.be\/en\/wp-json\/wp\/v2\/users\/62"}],"replies":[{"embeddable":true,"href":"https:\/\/www.justicepaix.be\/en\/wp-json\/wp\/v2\/comments?post=15823"}],"version-history":[{"count":0,"href":"https:\/\/www.justicepaix.be\/en\/wp-json\/wp\/v2\/posts\/15823\/revisions"}],"wp:featuredmedia":[{"embeddable":true,"href":"https:\/\/www.justicepaix.be\/en\/wp-json\/wp\/v2\/media\/15822"}],"wp:attachment":[{"href":"https:\/\/www.justicepaix.be\/en\/wp-json\/wp\/v2\/media?parent=15823"}],"wp:term":[{"taxonomy":"category","embeddable":true,"href":"https:\/\/www.justicepaix.be\/en\/wp-json\/wp\/v2\/categories?post=15823"},{"taxonomy":"post_tag","embeddable":true,"href":"https:\/\/www.justicepaix.be\/en\/wp-json\/wp\/v2\/tags?post=15823"}],"curies":[{"name":"wp","href":"https:\/\/api.w.org\/{rel}","templated":true}]}}