{"id":15811,"date":"2018-10-29T14:46:04","date_gmt":"2018-10-29T14:46:04","guid":{"rendered":"https:\/\/demop.netbaz.be\/2021\/jp\/2018\/10\/29\/la-grece-a-mauvaise-mine\/"},"modified":"2021-04-14T11:57:09","modified_gmt":"2021-04-14T11:57:09","slug":"la-grece-a-mauvaise-mine","status":"publish","type":"post","link":"https:\/\/www.justicepaix.be\/en\/la-grece-a-mauvaise-mine\/","title":{"rendered":"La Gr\u00e8ce a mauvaise mine !"},"content":{"rendered":"<p class=\"post_excerpt\">L\u2019Europe n\u2019\u00e9chappe pas \u00e0 l\u2019exploitation intensive de la nature. Depuis quelques ann\u00e9es, les habitants de la Chalicidique, r\u00e9gion situ\u00e9e au Nord de la Gr\u00e8ce, font face \u00e0 un projet minier pharaonique qui menace leurs conditions d\u2019existence.<\/p>\n\n\n<!--more-->\n<img fetchpriority=\"high\" decoding=\"async\" class=\"aligncenter size-full wp-image-15809\" src=\"http:\/\/demop.netbaz.be\/2021\/jp\/wp-content\/uploads\/2018\/10\/png_sos_grece.png\" alt=\"sos_grece.png\" align=\"center\" width=\"711\" height=\"453\" srcset=\"https:\/\/www.justicepaix.be\/wp-content\/uploads\/2018\/10\/png_sos_grece.png 711w, https:\/\/www.justicepaix.be\/wp-content\/uploads\/2018\/10\/png_sos_grece-300x191.png 300w\" sizes=\"(max-width: 711px) 100vw, 711px\" \/>\n\n<a href=\"http:\/\/demop.netbaz.be\/2021\/jp\/wp-content\/uploads\/2018\/10\/pdf_2018-10_nature_et_progres_-_la_grece_a_mauvaise_mine.pdf\">Lire l\u2019article dans Val\u00e9riane<\/a><div id='gallery-1' class='gallery galleryid-15811 gallery-columns-3 gallery-size-thumbnail'><figure class='gallery-item'>\n\t\t\t<div class='gallery-icon landscape'>\n\t\t\t\t<a href='https:\/\/www.justicepaix.be\/wp-content\/uploads\/2018\/10\/png_sos_grece.png'><img decoding=\"async\" width=\"150\" height=\"150\" src=\"https:\/\/www.justicepaix.be\/wp-content\/uploads\/2018\/10\/png_sos_grece-150x150.png\" class=\"attachment-thumbnail size-thumbnail\" alt=\"sos_grece.png\" \/><\/a>\n\t\t\t<\/div><\/figure><figure class='gallery-item'>\n\t\t\t<div class='gallery-icon landscape'>\n\t\t\t\t<a href='https:\/\/www.justicepaix.be\/wp-content\/uploads\/2018\/10\/png_sos_grece-2.png'><img decoding=\"async\" width=\"150\" height=\"150\" src=\"https:\/\/www.justicepaix.be\/wp-content\/uploads\/2018\/10\/png_sos_grece-2-150x150.png\" class=\"attachment-thumbnail size-thumbnail\" alt=\"sos_grece-2.png\" \/><\/a>\n\t\t\t<\/div><\/figure>\n\t\t<\/div>\n\n<h2 class=\"wp-block-heading\">Attachments<\/h2>\n\n\n\n<div class=\"wp-block-file\"><a href=\"http:\/\/demop.netbaz.be\/2021\/jp\/wp-content\/uploads\/2018\/10\/pdf_2018-10_nature_et_progres_-_la_grece_a_mauvaise_mine.pdf\">2018-10_nature_et_progres_-_la_grece_a_mauvaise_mine.pdf<\/a><\/div>","protected":false},"excerpt":{"rendered":"<p>L\u2019Europe n\u2019\u00e9chappe pas \u00e0 l\u2019exploitation intensive de la nature. Depuis quelques ann\u00e9es, les habitants de la Chalicidique, r\u00e9gion situ\u00e9e au Nord de la Gr\u00e8ce, font face \u00e0 un projet minier pharaonique qui menace leurs conditions d\u2019existence.<\/p>","protected":false},"author":62,"featured_media":15809,"comment_status":"closed","ping_status":"open","sticky":false,"template":"","format":"standard","meta":{"_acf_changed":false,"_seopress_robots_primary_cat":"","_seopress_titles_title":"","_seopress_titles_desc":"","_seopress_robots_index":"","footnotes":""},"categories":[2686],"tags":[],"class_list":["post-15811","post","type-post","status-publish","format-standard","has-post-thumbnail","hentry","category-pre-2015"],"acf":[],"_links":{"self":[{"href":"https:\/\/www.justicepaix.be\/en\/wp-json\/wp\/v2\/posts\/15811","targetHints":{"allow":["GET"]}}],"collection":[{"href":"https:\/\/www.justicepaix.be\/en\/wp-json\/wp\/v2\/posts"}],"about":[{"href":"https:\/\/www.justicepaix.be\/en\/wp-json\/wp\/v2\/types\/post"}],"author":[{"embeddable":true,"href":"https:\/\/www.justicepaix.be\/en\/wp-json\/wp\/v2\/users\/62"}],"replies":[{"embeddable":true,"href":"https:\/\/www.justicepaix.be\/en\/wp-json\/wp\/v2\/comments?post=15811"}],"version-history":[{"count":0,"href":"https:\/\/www.justicepaix.be\/en\/wp-json\/wp\/v2\/posts\/15811\/revisions"}],"wp:featuredmedia":[{"embeddable":true,"href":"https:\/\/www.justicepaix.be\/en\/wp-json\/wp\/v2\/media\/15809"}],"wp:attachment":[{"href":"https:\/\/www.justicepaix.be\/en\/wp-json\/wp\/v2\/media?parent=15811"}],"wp:term":[{"taxonomy":"category","embeddable":true,"href":"https:\/\/www.justicepaix.be\/en\/wp-json\/wp\/v2\/categories?post=15811"},{"taxonomy":"post_tag","embeddable":true,"href":"https:\/\/www.justicepaix.be\/en\/wp-json\/wp\/v2\/tags?post=15811"}],"curies":[{"name":"wp","href":"https:\/\/api.w.org\/{rel}","templated":true}]}}