{"id":15806,"date":"2018-10-24T16:49:18","date_gmt":"2018-10-24T16:49:18","guid":{"rendered":"https:\/\/demop.netbaz.be\/2021\/jp\/2018\/10\/24\/le-bien-commun-c-est-quoi\/"},"modified":"2021-04-14T11:57:09","modified_gmt":"2021-04-14T11:57:09","slug":"le-bien-commun-c-est-quoi","status":"publish","type":"post","link":"https:\/\/www.justicepaix.be\/en\/le-bien-commun-c-est-quoi\/","title":{"rendered":"Le Bien Commun, c&rsquo;est quoi ?"},"content":{"rendered":"<p class=\"post_excerpt\">Nouvelle publication \u00e0 la commission Justice &#038; Paix ! Val\u00e9rie Witsel et Ignace Berten pr\u00e9sentent \u00ab\u00a0Trajectoires vers le bien commun\u00a0\u00bb sur les ondes de RCF.<\/p>\n<p>Quelles sont les diff\u00e9rentes facettes du \u00ab bien commun \u00bb ? D\u2019o\u00f9 vient cette notion ? Quels sont les engagements que suppose sa mise en \u0153uvre ?<\/p>\n<p><!--more--><br \/>\n<iframe src=\"https:\/\/rcf.fr\/embed\/1899571\" frameborder=\"0\" width=\"100%\" height=\"220\" ><\/iframe><div id='gallery-1' class='gallery galleryid-15806 gallery-columns-3 gallery-size-thumbnail'><figure class='gallery-item'>\n\t\t\t<div class='gallery-icon portrait'>\n\t\t\t\t<a href='https:\/\/www.justicepaix.be\/wp-content\/uploads\/2018\/10\/jpg_trajectoires_vers_le_bien_commun_-_couverture.jpg'><img decoding=\"async\" width=\"150\" height=\"150\" src=\"https:\/\/www.justicepaix.be\/wp-content\/uploads\/2018\/10\/jpg_trajectoires_vers_le_bien_commun_-_couverture-150x150.jpg\" class=\"attachment-thumbnail size-thumbnail\" alt=\"trajectoires_vers_le_bien_commun_-_couverture.jpg\" \/><\/a>\n\t\t\t<\/div><\/figure>\n\t\t<\/div>\n<\/p>","protected":false},"excerpt":{"rendered":"<p>Nouvelle publication \u00e0 la commission Justice &#038; Paix ! Val\u00e9rie Witsel et Ignace Berten pr\u00e9sentent \u00ab\u00a0Trajectoires vers le bien commun\u00a0\u00bb sur les ondes de RCF. Quelles sont les diff\u00e9rentes facettes du \u00ab bien commun \u00bb ? D\u2019o\u00f9 vient cette notion ? Quels sont les engagements que suppose sa mise en \u0153uvre ?<\/p>","protected":false},"author":62,"featured_media":15807,"comment_status":"closed","ping_status":"open","sticky":false,"template":"","format":"standard","meta":{"_acf_changed":false,"_seopress_robots_primary_cat":"","_seopress_titles_title":"","_seopress_titles_desc":"","_seopress_robots_index":"","footnotes":""},"categories":[2686],"tags":[],"class_list":["post-15806","post","type-post","status-publish","format-standard","has-post-thumbnail","hentry","category-pre-2015"],"acf":[],"_links":{"self":[{"href":"https:\/\/www.justicepaix.be\/en\/wp-json\/wp\/v2\/posts\/15806","targetHints":{"allow":["GET"]}}],"collection":[{"href":"https:\/\/www.justicepaix.be\/en\/wp-json\/wp\/v2\/posts"}],"about":[{"href":"https:\/\/www.justicepaix.be\/en\/wp-json\/wp\/v2\/types\/post"}],"author":[{"embeddable":true,"href":"https:\/\/www.justicepaix.be\/en\/wp-json\/wp\/v2\/users\/62"}],"replies":[{"embeddable":true,"href":"https:\/\/www.justicepaix.be\/en\/wp-json\/wp\/v2\/comments?post=15806"}],"version-history":[{"count":0,"href":"https:\/\/www.justicepaix.be\/en\/wp-json\/wp\/v2\/posts\/15806\/revisions"}],"wp:featuredmedia":[{"embeddable":true,"href":"https:\/\/www.justicepaix.be\/en\/wp-json\/wp\/v2\/media\/15807"}],"wp:attachment":[{"href":"https:\/\/www.justicepaix.be\/en\/wp-json\/wp\/v2\/media?parent=15806"}],"wp:term":[{"taxonomy":"category","embeddable":true,"href":"https:\/\/www.justicepaix.be\/en\/wp-json\/wp\/v2\/categories?post=15806"},{"taxonomy":"post_tag","embeddable":true,"href":"https:\/\/www.justicepaix.be\/en\/wp-json\/wp\/v2\/tags?post=15806"}],"curies":[{"name":"wp","href":"https:\/\/api.w.org\/{rel}","templated":true}]}}