{"id":15801,"date":"2018-10-24T16:38:04","date_gmt":"2018-10-24T16:38:04","guid":{"rendered":"https:\/\/demop.netbaz.be\/2021\/jp\/2018\/10\/24\/l-ecole-face-au-peril-numerique-1541\/"},"modified":"2021-04-14T11:57:08","modified_gmt":"2021-04-14T11:57:08","slug":"l-ecole-face-au-peril-numerique-1541","status":"publish","type":"post","link":"https:\/\/www.justicepaix.be\/en\/l-ecole-face-au-peril-numerique-1541\/","title":{"rendered":"School facing digital peril"},"content":{"rendered":"<p class=\"post_excerpt\">Apr\u00e8s la parution d\u2019une carte blanche le 27 ao\u00fbt dernier, qui vantait l\u2019int\u00e9gration forte de l\u2019informatique dans les \u00e9coles, notre coll\u00e8gue Val\u00e9ry Witsel exprime son inqui\u00e9tude face aux dangers p\u00e9dagogiques, sanitaires et sociaux de la massification du num\u00e9rique dans le monde scolaire.<\/p>\n\n\n<!--more-->\n<img fetchpriority=\"high\" decoding=\"async\" class=\"aligncenter size-full wp-image-15800\" src=\"http:\/\/demop.netbaz.be\/2021\/jp\/wp-content\/uploads\/2018\/10\/jpg_l_ecole_face_au_peril_numerique_-_le_soir_plus.jpg\" alt=\"l_ecole_face_au_peril_numerique_-_le_soir_plus.jpg\" align=\"center\" width=\"1005\" height=\"669\" srcset=\"https:\/\/www.justicepaix.be\/wp-content\/uploads\/2018\/10\/jpg_l_ecole_face_au_peril_numerique_-_le_soir_plus.jpg 1005w, https:\/\/www.justicepaix.be\/wp-content\/uploads\/2018\/10\/jpg_l_ecole_face_au_peril_numerique_-_le_soir_plus-300x200.jpg 300w, https:\/\/www.justicepaix.be\/wp-content\/uploads\/2018\/10\/jpg_l_ecole_face_au_peril_numerique_-_le_soir_plus-768x511.jpg 768w\" sizes=\"(max-width: 1005px) 100vw, 1005px\" \/>\n\n<a href=\"https:\/\/plus.lesoir.be\/184611\/article\/2018-10-15\/lecole-face-au-peril-numerique\">Lire l\u2019article dans Le Soir<\/a><div id='gallery-1' class='gallery galleryid-15801 gallery-columns-3 gallery-size-thumbnail'><figure class='gallery-item'>\n\t\t\t<div class='gallery-icon landscape'>\n\t\t\t\t<a href='https:\/\/www.justicepaix.be\/wp-content\/uploads\/2018\/10\/jpg_l_ecole_face_au_peril_numerique_-_le_soir_plus.jpg'><img decoding=\"async\" width=\"150\" height=\"150\" src=\"https:\/\/www.justicepaix.be\/wp-content\/uploads\/2018\/10\/jpg_l_ecole_face_au_peril_numerique_-_le_soir_plus-150x150.jpg\" class=\"attachment-thumbnail size-thumbnail\" alt=\"l_ecole_face_au_peril_numerique_-_le_soir_plus.jpg\" \/><\/a>\n\t\t\t<\/div><\/figure><figure class='gallery-item'>\n\t\t\t<div class='gallery-icon landscape'>\n\t\t\t\t<a href='https:\/\/www.justicepaix.be\/wp-content\/uploads\/2018\/10\/jpg_l_ecole_face_au_peril_numerique_-_le_soir_plus-2.jpg'><img decoding=\"async\" width=\"150\" height=\"150\" src=\"https:\/\/www.justicepaix.be\/wp-content\/uploads\/2018\/10\/jpg_l_ecole_face_au_peril_numerique_-_le_soir_plus-2-150x150.jpg\" class=\"attachment-thumbnail size-thumbnail\" alt=\"l_ecole_face_au_peril_numerique_-_le_soir_plus-2.jpg\" \/><\/a>\n\t\t\t<\/div><\/figure>\n\t\t<\/div>\n\n<h2 class=\"wp-block-heading\">Attachments<\/h2>\n\n\n\n<div class=\"wp-block-file\"><a href=\"http:\/\/demop.netbaz.be\/2021\/jp\/wp-content\/uploads\/2018\/10\/pdf_l_ecole_face_au_peril_numerique_-_le_soir_plus.pdf\">l_ecole_face_au_peril_numerique_-_le_soir_plus.pdf<\/a><\/div>","protected":false},"excerpt":{"rendered":"<p>Apr\u00e8s la parution d\u2019une carte blanche le 27 ao\u00fbt dernier, qui vantait l\u2019int\u00e9gration forte de l\u2019informatique dans les \u00e9coles, notre coll\u00e8gue Val\u00e9ry Witsel exprime son inqui\u00e9tude face aux dangers p\u00e9dagogiques, sanitaires et sociaux de la massification du num\u00e9rique dans le monde scolaire.<\/p>","protected":false},"author":62,"featured_media":15800,"comment_status":"closed","ping_status":"open","sticky":false,"template":"","format":"standard","meta":{"_acf_changed":false,"_seopress_robots_primary_cat":"","_seopress_titles_title":"","_seopress_titles_desc":"","_seopress_robots_index":"","footnotes":""},"categories":[2686],"tags":[],"class_list":["post-15801","post","type-post","status-publish","format-standard","has-post-thumbnail","hentry","category-pre-2015"],"acf":[],"_links":{"self":[{"href":"https:\/\/www.justicepaix.be\/en\/wp-json\/wp\/v2\/posts\/15801","targetHints":{"allow":["GET"]}}],"collection":[{"href":"https:\/\/www.justicepaix.be\/en\/wp-json\/wp\/v2\/posts"}],"about":[{"href":"https:\/\/www.justicepaix.be\/en\/wp-json\/wp\/v2\/types\/post"}],"author":[{"embeddable":true,"href":"https:\/\/www.justicepaix.be\/en\/wp-json\/wp\/v2\/users\/62"}],"replies":[{"embeddable":true,"href":"https:\/\/www.justicepaix.be\/en\/wp-json\/wp\/v2\/comments?post=15801"}],"version-history":[{"count":0,"href":"https:\/\/www.justicepaix.be\/en\/wp-json\/wp\/v2\/posts\/15801\/revisions"}],"wp:featuredmedia":[{"embeddable":true,"href":"https:\/\/www.justicepaix.be\/en\/wp-json\/wp\/v2\/media\/15800"}],"wp:attachment":[{"href":"https:\/\/www.justicepaix.be\/en\/wp-json\/wp\/v2\/media?parent=15801"}],"wp:term":[{"taxonomy":"category","embeddable":true,"href":"https:\/\/www.justicepaix.be\/en\/wp-json\/wp\/v2\/categories?post=15801"},{"taxonomy":"post_tag","embeddable":true,"href":"https:\/\/www.justicepaix.be\/en\/wp-json\/wp\/v2\/tags?post=15801"}],"curies":[{"name":"wp","href":"https:\/\/api.w.org\/{rel}","templated":true}]}}