{"id":15796,"date":"2018-10-24T15:39:12","date_gmt":"2018-10-24T15:39:12","guid":{"rendered":"https:\/\/demop.netbaz.be\/2021\/jp\/2018\/10\/24\/il-etait-une-foi-justice-paix-en-belgique\/"},"modified":"2021-04-14T11:57:08","modified_gmt":"2021-04-14T11:57:08","slug":"il-etait-une-foi-justice-paix-en-belgique","status":"publish","type":"post","link":"https:\/\/www.justicepaix.be\/en\/il-etait-une-foi-justice-paix-en-belgique\/","title":{"rendered":"Once upon a time\u2026 Justice &amp; Peace in Belgium"},"content":{"rendered":"<p class=\"post_excerpt\">Il y a un peu plus de 50 ans, la commission Justice &#038; Paix naissait en Belgique, dans la foul\u00e9e du concile Vatican II.  Notre organisation s\u2019attache \u00e0 promouvoir\u2026 la paix et la justice, mais \u00e9galement les droits de l\u2019homme et le d\u00e9veloppement durable. Timur Ulu\u00e7 et G\u00e9raldine Duquenne nous parlent des actions de Justice &#038; Paix dans le monde dans l&rsquo;\u00e9mission \u00ab\u00a0Il \u00e9tait une foi&#8230; En qu\u00eate de sens\u00a0\u00bb sur la Une RTBF.<\/p>\n<p><!--more--><br \/>\n<iframe width=\"560\" height=\"315\" src=\"https:\/\/www.youtube.com\/embed\/AWJVZkwLNME\" frameborder=\"0\" allow=\"autoplay; encrypted-media\" allowfullscreen><\/iframe><div id='gallery-1' class='gallery galleryid-15796 gallery-columns-3 gallery-size-thumbnail'><figure class='gallery-item'>\n\t\t\t<div class='gallery-icon landscape'>\n\t\t\t\t<a href='https:\/\/www.justicepaix.be\/wp-content\/uploads\/2018\/10\/png_2018-10-14_en_quete_de_sens_-_la_une_rtbf_-_il_etait_une_foi._justice_et_paix_belgique.png'><img decoding=\"async\" width=\"150\" height=\"150\" src=\"https:\/\/www.justicepaix.be\/wp-content\/uploads\/2018\/10\/png_2018-10-14_en_quete_de_sens_-_la_une_rtbf_-_il_etait_une_foi._justice_et_paix_belgique-150x150.png\" class=\"attachment-thumbnail size-thumbnail\" alt=\"2018-10-14_en_quete_de_sens_-_la_une_rtbf_-_il_etait_une_foi._justice_et_paix_belgique.png\" \/><\/a>\n\t\t\t<\/div><\/figure><figure class='gallery-item'>\n\t\t\t<div class='gallery-icon landscape'>\n\t\t\t\t<a href='https:\/\/www.justicepaix.be\/wp-content\/uploads\/2018\/10\/png_2018-10-14_en_quete_de_sens_-_la_une_rtbf_-_il_etait_une_foi._justice_et_paix_belgique-2.png'><img decoding=\"async\" width=\"150\" height=\"150\" src=\"https:\/\/www.justicepaix.be\/wp-content\/uploads\/2018\/10\/png_2018-10-14_en_quete_de_sens_-_la_une_rtbf_-_il_etait_une_foi._justice_et_paix_belgique-2-150x150.png\" class=\"attachment-thumbnail size-thumbnail\" alt=\"2018-10-14_en_quete_de_sens_-_la_une_rtbf_-_il_etait_une_foi._justice_et_paix_belgique-2.png\" \/><\/a>\n\t\t\t<\/div><\/figure>\n\t\t<\/div>\n<\/p>","protected":false},"excerpt":{"rendered":"<p>Il y a un peu plus de 50 ans, la commission Justice &#038; Paix naissait en Belgique, dans la foul\u00e9e du concile Vatican II. Notre organisation s\u2019attache \u00e0 promouvoir\u2026 la paix et la justice, mais \u00e9galement les droits de l\u2019homme et le d\u00e9veloppement durable. Timur Ulu\u00e7 et G\u00e9raldine Duquenne nous parlent des actions de Justice [&hellip;]<\/p>\n","protected":false},"author":62,"featured_media":15797,"comment_status":"closed","ping_status":"open","sticky":false,"template":"","format":"standard","meta":{"_acf_changed":false,"_seopress_robots_primary_cat":"","_seopress_titles_title":"","_seopress_titles_desc":"","_seopress_robots_index":"","footnotes":""},"categories":[2686],"tags":[],"class_list":["post-15796","post","type-post","status-publish","format-standard","has-post-thumbnail","hentry","category-pre-2015"],"acf":[],"_links":{"self":[{"href":"https:\/\/www.justicepaix.be\/en\/wp-json\/wp\/v2\/posts\/15796","targetHints":{"allow":["GET"]}}],"collection":[{"href":"https:\/\/www.justicepaix.be\/en\/wp-json\/wp\/v2\/posts"}],"about":[{"href":"https:\/\/www.justicepaix.be\/en\/wp-json\/wp\/v2\/types\/post"}],"author":[{"embeddable":true,"href":"https:\/\/www.justicepaix.be\/en\/wp-json\/wp\/v2\/users\/62"}],"replies":[{"embeddable":true,"href":"https:\/\/www.justicepaix.be\/en\/wp-json\/wp\/v2\/comments?post=15796"}],"version-history":[{"count":0,"href":"https:\/\/www.justicepaix.be\/en\/wp-json\/wp\/v2\/posts\/15796\/revisions"}],"wp:featuredmedia":[{"embeddable":true,"href":"https:\/\/www.justicepaix.be\/en\/wp-json\/wp\/v2\/media\/15797"}],"wp:attachment":[{"href":"https:\/\/www.justicepaix.be\/en\/wp-json\/wp\/v2\/media?parent=15796"}],"wp:term":[{"taxonomy":"category","embeddable":true,"href":"https:\/\/www.justicepaix.be\/en\/wp-json\/wp\/v2\/categories?post=15796"},{"taxonomy":"post_tag","embeddable":true,"href":"https:\/\/www.justicepaix.be\/en\/wp-json\/wp\/v2\/tags?post=15796"}],"curies":[{"name":"wp","href":"https:\/\/api.w.org\/{rel}","templated":true}]}}